{"id":5919,"date":"2018-05-31T12:02:04","date_gmt":"2018-05-31T11:02:04","guid":{"rendered":"http:\/\/bisbalpenedes.com\/web\/?p=5919"},"modified":"2018-05-31T16:39:03","modified_gmt":"2018-05-31T15:39:03","slug":"aquest-diumenge-a-les-19h-podeu-gaudir-de-la-mostra-de-musics-bisbalencs-amb-la-participacio-del-trio-ars-kalev","status":"publish","type":"post","link":"https:\/\/bisbalpenedes.com\/web\/2018\/05\/31\/aquest-diumenge-a-les-19h-podeu-gaudir-de-la-mostra-de-musics-bisbalencs-amb-la-participacio-del-trio-ars-kalev\/","title":{"rendered":"Aquest diumenge a les 19h podeu gaudir de la Mostra de M\u00fasics bisbalencs amb la participaci\u00f3 del Trio Ars Kalev"},"content":{"rendered":"<p><a href=\"http:\/\/bisbalpenedes.com\/web\/wp-content\/uploads\/2018\/05\/CAB85C5F-D98C-422E-9323-36DA65B3269F.jpeg\"><img loading=\"lazy\" class=\"aligncenter size-large wp-image-5920\" src=\"http:\/\/bisbalpenedes.com\/web\/wp-content\/uploads\/2018\/05\/CAB85C5F-D98C-422E-9323-36DA65B3269F-724x1024.jpeg\" alt=\"Mostra musics\" width=\"630\" height=\"891\" srcset=\"https:\/\/bisbalpenedes.com\/web\/wp-content\/uploads\/2018\/05\/CAB85C5F-D98C-422E-9323-36DA65B3269F-724x1024.jpeg 724w, https:\/\/bisbalpenedes.com\/web\/wp-content\/uploads\/2018\/05\/CAB85C5F-D98C-422E-9323-36DA65B3269F-600x848.jpeg 600w, https:\/\/bisbalpenedes.com\/web\/wp-content\/uploads\/2018\/05\/CAB85C5F-D98C-422E-9323-36DA65B3269F-212x300.jpeg 212w, https:\/\/bisbalpenedes.com\/web\/wp-content\/uploads\/2018\/05\/CAB85C5F-D98C-422E-9323-36DA65B3269F-768x1086.jpeg 768w, https:\/\/bisbalpenedes.com\/web\/wp-content\/uploads\/2018\/05\/CAB85C5F-D98C-422E-9323-36DA65B3269F.jpeg 1191w\" sizes=\"(max-width: 630px) 100vw, 630px\" \/><\/a><\/p>\n<p>Aquest diumenge 3 de juny a les 19h podreu gaudir de la Mostra de M\u00fasics Bisbalencs i el Trio Ars Kalev a l&#8217;Esgl\u00e9sia Parroquial de Santa Maria de la Bisbal<\/p>\n<p>&#8212;<\/p>\n<p><strong>CASTELLANO<\/strong> | Este domingo 3 de junio a las 19h podr\u00e9is disfrutar de la &#8216;Mostra de M\u00fasics Bisbalencs&#8217; y el Tr\u00edo Ars Kalev en la Iglesia Parroquial de Santa Maria de la Bisbal<\/p>\n","protected":false},"excerpt":{"rendered":"<p>Aquest diumenge 3 de juny a les 19h podreu gaudir de la Mostra de M\u00fasics Bisbalencs i el Trio Ars Kalev a l&#8217;Esgl\u00e9sia Parroquial de Santa Maria de la Bisbal &hellip; <a href=\"https:\/\/bisbalpenedes.com\/web\/2018\/05\/31\/aquest-diumenge-a-les-19h-podeu-gaudir-de-la-mostra-de-musics-bisbalencs-amb-la-participacio-del-trio-ars-kalev\/\" class=\"more-link\">Read More<\/a><\/p>\n","protected":false},"author":4,"featured_media":5920,"comment_status":"closed","ping_status":"closed","sticky":false,"template":"","format":"standard","meta":[],"categories":[20],"tags":[1906,1781,989,1905],"_links":{"self":[{"href":"https:\/\/bisbalpenedes.com\/web\/wp-json\/wp\/v2\/posts\/5919"}],"collection":[{"href":"https:\/\/bisbalpenedes.com\/web\/wp-json\/wp\/v2\/posts"}],"about":[{"href":"https:\/\/bisbalpenedes.com\/web\/wp-json\/wp\/v2\/types\/post"}],"author":[{"embeddable":true,"href":"https:\/\/bisbalpenedes.com\/web\/wp-json\/wp\/v2\/users\/4"}],"replies":[{"embeddable":true,"href":"https:\/\/bisbalpenedes.com\/web\/wp-json\/wp\/v2\/comments?post=5919"}],"version-history":[{"count":2,"href":"https:\/\/bisbalpenedes.com\/web\/wp-json\/wp\/v2\/posts\/5919\/revisions"}],"predecessor-version":[{"id":5925,"href":"https:\/\/bisbalpenedes.com\/web\/wp-json\/wp\/v2\/posts\/5919\/revisions\/5925"}],"wp:featuredmedia":[{"embeddable":true,"href":"https:\/\/bisbalpenedes.com\/web\/wp-json\/wp\/v2\/media\/5920"}],"wp:attachment":[{"href":"https:\/\/bisbalpenedes.com\/web\/wp-json\/wp\/v2\/media?parent=5919"}],"wp:term":[{"taxonomy":"category","embeddable":true,"href":"https:\/\/bisbalpenedes.com\/web\/wp-json\/wp\/v2\/categories?post=5919"},{"taxonomy":"post_tag","embeddable":true,"href":"https:\/\/bisbalpenedes.com\/web\/wp-json\/wp\/v2\/tags?post=5919"}],"curies":[{"name":"wp","href":"https:\/\/api.w.org\/{rel}","templated":true}]}}