{"id":5908,"date":"2018-05-31T07:59:57","date_gmt":"2018-05-31T06:59:57","guid":{"rendered":"http:\/\/bisbalpenedes.com\/web\/?p=5908"},"modified":"2018-06-02T16:26:28","modified_gmt":"2018-06-02T15:26:28","slug":"lajuntament-installara-llums-solars-a-les-illes-de-contenidors-i-a-les-cruilles-mes-transitades-de-la-masieta-i-can-gordei","status":"publish","type":"post","link":"https:\/\/bisbalpenedes.com\/web\/2018\/05\/31\/lajuntament-installara-llums-solars-a-les-illes-de-contenidors-i-a-les-cruilles-mes-transitades-de-la-masieta-i-can-gordei\/","title":{"rendered":"L&#8217;Ajuntament instal\u00b7lar\u00e0 llums solars a les illes de contenidors i a les cru\u00eflles m\u00e9s transitades de la Masieta i Santa Cristina"},"content":{"rendered":"<p style=\"text-align: justify;\"><span style=\"color: #000000;\">La Junta de Govern Local de l\u2019Ajuntament de la Bisbal del Pened\u00e8s ha aprovat la licitaci\u00f3 d\u2019un contracte per instal\u00b7lar i posar en funcionament punts de llum solar a les illes de contenidors de recollida selectiva i a les cru\u00eflles m\u00e9s transitades de la Masieta i Santa Cristina.<\/span><\/p>\n<p style=\"text-align: justify;\"><span style=\"color: #000000;\">L\u2019any passat l\u2019Ajuntament ja va instal\u00b7lar fanals solars a les parades d\u2019autob\u00fas d&#8217;aquestes urbanitzacions que, com que no estan recepcionades, no compten amb el servei d\u2019enllumenat p\u00fablic. Ara, la Regidoria de Barris instal\u00b7lar\u00e0 els seg\u00fcents punts de llum:<\/span><\/p>\n<p style=\"text-align: justify;\"><span style=\"color: #000000;\">A Santa Cristina, a les illes de contenidors o cru\u00eflles dels carrers:<\/span><\/p>\n<p style=\"text-align: justify;\"><span style=\"color: #000000;\">\u00a0\u00a0\u00a0\u00a0\u00a0\u00a0\u00a0 -Baix Camp amb Montsi\u00e0<\/span><\/p>\n<p style=\"text-align: justify;\"><span style=\"color: #000000;\">\u00a0\u00a0\u00a0\u00a0\u00a0\u00a0\u00a0 -Vall\u00e8s amb Bages<\/span><\/p>\n<p style=\"text-align: justify;\"><span style=\"color: #000000;\">\u00a0\u00a0\u00a0\u00a0\u00a0\u00a0\u00a0 -Montsi\u00e0<\/span><\/p>\n<p style=\"text-align: justify;\"><span style=\"color: #000000;\">\u00a0\u00a0\u00a0\u00a0\u00a0\u00a0\u00a0 -Barcelon\u00e8s amb Urgell<\/span><\/p>\n<p style=\"text-align: justify;\"><span style=\"color: #000000;\">\u00a0\u00a0\u00a0\u00a0\u00a0\u00a0\u00a0 -Barcelon\u00e8s amb Bages<\/span><\/p>\n<p style=\"text-align: justify;\"><span style=\"color: #000000;\">\u00a0\u00a0\u00a0\u00a0\u00a0\u00a0\u00a0 -Segri\u00e0 i les Garrigues<\/span><\/p>\n<p style=\"text-align: justify;\"><span style=\"color: #000000;\">\u00a0\u00a0\u00a0\u00a0\u00a0\u00a0\u00a0 -Segri\u00e0 i Vall d\u2019Aran<\/span><\/p>\n<p style=\"text-align: justify;\"><span style=\"color: #000000;\">A la Masieta, a les illes de contenidors o cru\u00eflles dels carrers:<\/span><\/p>\n<p style=\"text-align: justify;\"><span style=\"color: #000000;\">\u00a0\u00a0\u00a0\u00a0\u00a0\u00a0\u00a0 -Morera<\/span><\/p>\n<p style=\"text-align: justify;\"><span style=\"color: #000000;\">\u00a0\u00a0\u00a0\u00a0\u00a0\u00a0\u00a0 -Avet<\/span><\/p>\n<p style=\"text-align: justify;\"><span style=\"color: #000000;\">\u00a0\u00a0\u00a0\u00a0\u00a0\u00a0\u00a0 -Figuera<\/span><\/p>\n<p style=\"text-align: justify;\"><span style=\"color: #000000;\">\u00a0\u00a0\u00a0\u00a0\u00a0\u00a0\u00a0 -Noguera<\/span><\/p>\n<p style=\"text-align: justify;\"><span style=\"color: #000000;\">\u00a0\u00a0\u00a0\u00a0\u00a0\u00a0\u00a0 -Noguera amb Olivera<\/span><\/p>\n<p style=\"text-align: justify;\"><span style=\"color: #000000;\">Aquesta \u00e9s una de les demandes que van fer els ve\u00efns d\u2019aquestes dues urbanitzacions durant els Pressupostos Participatius. Com que des de l\u2019Ajuntament s\u2019ha decidit fer una despesa m\u00e9s gran la que contemplaven els pressupostos participatius amb la finalitat de dotar d\u2019enllumenat i, per tant, de m\u00e9s seguretat i comoditat als ve\u00efns de la Masieta i Santa Cristina, nom\u00e9s una part de la despesa es far\u00e0 amb l\u2019import destinat als Pressupostos Participatius. La resta, ser\u00e0 assumida amb altres fons de l\u2019Ajuntament. El preu de sortida del concurs \u00e9s de 18.150\u20ac (IVA incl\u00f2s) i\u00a0s&#8217;instal\u00b7laran 12 punts de llum: 7 ubicats a Santa Cristina i 5 a la Masieta.<\/span><\/p>\n<hr \/>\n<p style=\"text-align: justify;\"><span style=\"color: #000000;\"><strong>CASTELLANO<\/strong> | La Junta de Gobierno Local del Ayuntamiento de la Bisbal del Pened\u00e8s ha aprobado la licitaci\u00f3n de un contrato para instalar y poner en funcionamiento puntos de luz solar en las islas de contenedores de recogida selectiva y en los cruces m\u00e1s transitados de la Masieta y Santa Cristina.<\/span><\/p>\n<p style=\"text-align: justify;\"><span style=\"color: #000000;\">El a\u00f1o pasado el Ayuntamiento ya instal\u00f3 farolas solares en las paradas de autob\u00fas de estas urbanizaciones que, como no est\u00e1n recepcionadas, no cuentan con servicio de alumbrado p\u00fablico. Ahora la Regidoria de Barris instalar\u00e1 los siguientes puntos de luz:<\/span><\/p>\n<p style=\"text-align: justify;\"><span style=\"color: #000000;\">En Santa Cristina, en las islas de contenedores o cruces de las calles:<\/span><\/p>\n<p style=\"text-align: justify;\"><span style=\"color: #000000;\">\u00a0\u00a0\u00a0\u00a0\u00a0\u00a0\u00a0 -Baix Camp amb Montsi\u00e0<\/span><\/p>\n<p style=\"text-align: justify;\"><span style=\"color: #000000;\">\u00a0\u00a0\u00a0\u00a0\u00a0\u00a0\u00a0 -Vall\u00e8s amb Bages<\/span><\/p>\n<p style=\"text-align: justify;\"><span style=\"color: #000000;\">\u00a0\u00a0\u00a0\u00a0\u00a0\u00a0\u00a0 -Montsi\u00e0<\/span><\/p>\n<p style=\"text-align: justify;\"><span style=\"color: #000000;\">\u00a0\u00a0\u00a0\u00a0\u00a0\u00a0\u00a0 -Barcelon\u00e8s amb Urgell<\/span><\/p>\n<p style=\"text-align: justify;\"><span style=\"color: #000000;\">\u00a0\u00a0\u00a0\u00a0\u00a0\u00a0\u00a0 -Barcelon\u00e8s amb Bages<\/span><\/p>\n<p style=\"text-align: justify;\"><span style=\"color: #000000;\">\u00a0\u00a0\u00a0\u00a0\u00a0\u00a0\u00a0 -Segri\u00e0 i les Garrigues<\/span><\/p>\n<p style=\"text-align: justify;\"><span style=\"color: #000000;\">\u00a0\u00a0\u00a0\u00a0\u00a0\u00a0\u00a0 -Segri\u00e0 i Vall d\u2019Aran<\/span><\/p>\n<p style=\"text-align: justify;\"><span style=\"color: #000000;\">En la Masieta, en las islas de contenedores o cruces de las calles:<\/span><\/p>\n<p style=\"text-align: justify;\"><span style=\"color: #000000;\">\u00a0\u00a0\u00a0\u00a0\u00a0\u00a0\u00a0 -Morera<\/span><\/p>\n<p style=\"text-align: justify;\"><span style=\"color: #000000;\">\u00a0\u00a0\u00a0\u00a0\u00a0\u00a0\u00a0 -Avet<\/span><\/p>\n<p style=\"text-align: justify;\"><span style=\"color: #000000;\">\u00a0\u00a0\u00a0\u00a0\u00a0\u00a0\u00a0 -Figuera<\/span><\/p>\n<p style=\"text-align: justify;\"><span style=\"color: #000000;\">\u00a0\u00a0\u00a0\u00a0\u00a0\u00a0\u00a0 -Noguera<\/span><\/p>\n<p style=\"text-align: justify;\"><span style=\"color: #000000;\">\u00a0\u00a0\u00a0\u00a0\u00a0\u00a0\u00a0 -Noguera amb Olivera<\/span><\/p>\n<p style=\"text-align: justify;\"><span style=\"color: #000000;\">Esta es una de las demandas que hicieron los vecinos de estas dos urbanizaciones durante los Presupuestos Participativos. Como desde el Ayuntamiento se ha\u00a0decidido\u00a0hacer un gasto m\u00e1s grande del que contemplaban los presupuestos participativos con la finalidad de dotar de alumbrado y, por lo tanto, de m\u00e1s seguridad y comodidad a los vecinos de la Masieta y Santa Cristina, solo una parte del gasto se har\u00e1 con el importe destinado a los Presupuestos Participativos. El resto, ser\u00e1 asumido con otros fondos del Ayuntamiento. El precio de salida del concurso ser\u00e1 de 18.150\u20ac (IVA incluido) y se instalar\u00e1n 12 puntos de luz: 7 ubicados en Santa Cristina y 5 en la Masieta.<\/span><\/p>\n<p>&nbsp;<\/p>\n","protected":false},"excerpt":{"rendered":"<p>La Junta de Govern Local de l\u2019Ajuntament de la Bisbal del Pened\u00e8s ha aprovat la licitaci\u00f3 d\u2019un contracte per instal\u00b7lar i posar en funcionament punts de llum solar a les &hellip; <a href=\"https:\/\/bisbalpenedes.com\/web\/2018\/05\/31\/lajuntament-installara-llums-solars-a-les-illes-de-contenidors-i-a-les-cruilles-mes-transitades-de-la-masieta-i-can-gordei\/\" class=\"more-link\">Read More<\/a><\/p>\n","protected":false},"author":4,"featured_media":5909,"comment_status":"closed","ping_status":"closed","sticky":false,"template":"","format":"standard","meta":[],"categories":[1047,15],"tags":[1766,77,317,587,1902,623,452],"_links":{"self":[{"href":"https:\/\/bisbalpenedes.com\/web\/wp-json\/wp\/v2\/posts\/5908"}],"collection":[{"href":"https:\/\/bisbalpenedes.com\/web\/wp-json\/wp\/v2\/posts"}],"about":[{"href":"https:\/\/bisbalpenedes.com\/web\/wp-json\/wp\/v2\/types\/post"}],"author":[{"embeddable":true,"href":"https:\/\/bisbalpenedes.com\/web\/wp-json\/wp\/v2\/users\/4"}],"replies":[{"embeddable":true,"href":"https:\/\/bisbalpenedes.com\/web\/wp-json\/wp\/v2\/comments?post=5908"}],"version-history":[{"count":5,"href":"https:\/\/bisbalpenedes.com\/web\/wp-json\/wp\/v2\/posts\/5908\/revisions"}],"predecessor-version":[{"id":5934,"href":"https:\/\/bisbalpenedes.com\/web\/wp-json\/wp\/v2\/posts\/5908\/revisions\/5934"}],"wp:featuredmedia":[{"embeddable":true,"href":"https:\/\/bisbalpenedes.com\/web\/wp-json\/wp\/v2\/media\/5909"}],"wp:attachment":[{"href":"https:\/\/bisbalpenedes.com\/web\/wp-json\/wp\/v2\/media?parent=5908"}],"wp:term":[{"taxonomy":"category","embeddable":true,"href":"https:\/\/bisbalpenedes.com\/web\/wp-json\/wp\/v2\/categories?post=5908"},{"taxonomy":"post_tag","embeddable":true,"href":"https:\/\/bisbalpenedes.com\/web\/wp-json\/wp\/v2\/tags?post=5908"}],"curies":[{"name":"wp","href":"https:\/\/api.w.org\/{rel}","templated":true}]}}