{"id":5897,"date":"2018-05-30T18:26:44","date_gmt":"2018-05-30T17:26:44","guid":{"rendered":"http:\/\/bisbalpenedes.com\/web\/?p=5897"},"modified":"2018-05-30T18:27:22","modified_gmt":"2018-05-30T17:27:22","slug":"comencen-els-treballs-per-construir-el-centre-civic-de-la-miralba","status":"publish","type":"post","link":"https:\/\/bisbalpenedes.com\/web\/2018\/05\/30\/comencen-els-treballs-per-construir-el-centre-civic-de-la-miralba\/","title":{"rendered":"Comencen els treballs per construir el Centre C\u00edvic de la Miralba"},"content":{"rendered":"<h6 style=\"text-align: center;\"><a href=\"http:\/\/bisbalpenedes.com\/web\/wp-content\/uploads\/2018\/05\/INICI-TREBALLS-MIRALBA-1.jpg\"><img loading=\"lazy\" class=\"aligncenter size-large wp-image-5899\" src=\"http:\/\/bisbalpenedes.com\/web\/wp-content\/uploads\/2018\/05\/INICI-TREBALLS-MIRALBA-1-1024x753.jpg\" alt=\"INICI TREBALLS local MIRALBA 1\" width=\"630\" height=\"463\" srcset=\"https:\/\/bisbalpenedes.com\/web\/wp-content\/uploads\/2018\/05\/INICI-TREBALLS-MIRALBA-1-1024x753.jpg 1024w, https:\/\/bisbalpenedes.com\/web\/wp-content\/uploads\/2018\/05\/INICI-TREBALLS-MIRALBA-1-600x441.jpg 600w, https:\/\/bisbalpenedes.com\/web\/wp-content\/uploads\/2018\/05\/INICI-TREBALLS-MIRALBA-1-300x221.jpg 300w, https:\/\/bisbalpenedes.com\/web\/wp-content\/uploads\/2018\/05\/INICI-TREBALLS-MIRALBA-1-768x565.jpg 768w\" sizes=\"(max-width: 630px) 100vw, 630px\" \/><\/a>L&#8217;alcaldessa Agn\u00e8s Ferr\u00e9 ha visitat avui el terreny juntament amb Diego Castell\u00f3n i Isidro Gallardo de l&#8217;Associaci\u00f3 de Ve\u00efns de la Miralba<\/h6>\n<p style=\"text-align: justify;\"><span style=\"color: #000000;\">Aquest dimecres 30 de maig han comen\u00e7at els treballs de neteja del terreny del carrer Gladiol, on s\u2019ubicar\u00e0 el centre c\u00edvic de la Miralba, unes obres que s\u2019han adjudicat per un preu de 222.681,19\u20ac i que tindran una durada de sis mesos i mig.<\/span><\/p>\n<p style=\"text-align: justify;\"><span style=\"color: #000000;\">L\u2019obra de construcci\u00f3 del centre c\u00edvic de la Miralba \u00e9s finan\u00e7ada pel Pla d\u2019Acci\u00f3 Municipal (PAM) de la Diputaci\u00f3 de Tarragona per 215.438,54\u20ac. L\u2019import restant ser\u00e0 assumit amb fons propis de l\u2019Ajuntament de la Bisbal.<\/span><\/p>\n<p style=\"text-align: justify;\"><span style=\"color: #000000;\">El Centre C\u00edvic de la Miralba estar\u00e0 ubicat en un solar de propietat municipal ubicat al carrer Gladiol, n\u00famero 6. La regidora d\u2019Urbanisme i alcaldessa de la Bisbal, Agn\u00e8s Ferr\u00e9, s\u2019ha mostrat satisfeta per l\u2019inici de les obres i ha recordat que aquesta \u201cera una obra necess\u00e0ria donada la necessitat i desig de comptar amb aquest equipament que han manifestat els ve\u00efns des de fa molts anys\u201d. Segons l\u2019alcaldessa, est\u00e0 previst que l\u2019equipament pugui entrar en funcionament a finals d\u2019aquest any o principis de l\u2019any vinent.<\/span><\/p>\n<hr \/>\n<p style=\"text-align: justify;\"><span style=\"color: #000000;\"><strong>CASTELLANO<\/strong> | Este mi\u00e9rcoles 30 de mayo han empezado los trabajos de limpieza del terreno de la calle Gladiol, donde se ubicar\u00e1 el centro c\u00edvico de la Miralba, unas obras que se han adjudicado por un precio de 222.681,19\u20ac y que tendr\u00e1n una duraci\u00f3n de seis meses y medio.<\/span><\/p>\n<p style=\"text-align: justify;\"><span style=\"color: #000000;\">La obra de construcci\u00f3n del centro c\u00edvico de la Miralba la financiar\u00e1 el Plan de Acci\u00f3n Municipal (PAM) de la Diputaci\u00f3n de Tarragona por 215.438,54\u20ac. El importe restante ser\u00e1 asumido con fondos propios del Ayuntamiento de la Bisbal.<\/span><\/p>\n<p style=\"text-align: justify;\"><span style=\"color: #000000;\">El Centro C\u00edvico de la Miralba estar\u00e1 ubicado en un solar de propiedad municipal ubicado en la calle Gladiol, n\u00famero 6. La regidora de Urbanismo y alcaldesa de la Bisbal, Agn\u00e8s Ferr\u00e9,\u00a0se ha mostrado satisfecha por el inicio de las obras y ha recordado que esta &#8220;era una obra necesaria dada la necesidad y el deseo de contar con este equipamiento que han manifestado los vecinos desde hace muchos a\u00f1os&#8221;. Seg\u00fan la alcaldesa, est\u00e1 previsto que el equipamiento pueda entrar en funcionamiento a finales de este a\u00f1o o principios del siguiente.<\/span><\/p>\n<p style=\"text-align: justify;\"><a href=\"http:\/\/bisbalpenedes.com\/web\/wp-content\/uploads\/2018\/05\/PHOTO-2018-05-30-16-22-21.jpg\"><img loading=\"lazy\" class=\"aligncenter size-large wp-image-5900\" src=\"http:\/\/bisbalpenedes.com\/web\/wp-content\/uploads\/2018\/05\/PHOTO-2018-05-30-16-22-21-1024x768.jpg\" alt=\"primer dia treballs local miralba\" width=\"630\" height=\"473\" srcset=\"https:\/\/bisbalpenedes.com\/web\/wp-content\/uploads\/2018\/05\/PHOTO-2018-05-30-16-22-21.jpg 1024w, https:\/\/bisbalpenedes.com\/web\/wp-content\/uploads\/2018\/05\/PHOTO-2018-05-30-16-22-21-600x450.jpg 600w, https:\/\/bisbalpenedes.com\/web\/wp-content\/uploads\/2018\/05\/PHOTO-2018-05-30-16-22-21-300x225.jpg 300w, https:\/\/bisbalpenedes.com\/web\/wp-content\/uploads\/2018\/05\/PHOTO-2018-05-30-16-22-21-768x576.jpg 768w\" sizes=\"(max-width: 630px) 100vw, 630px\" \/><\/a><\/p>\n","protected":false},"excerpt":{"rendered":"<p>L&#8217;alcaldessa Agn\u00e8s Ferr\u00e9 ha visitat avui el terreny juntament amb Diego Castell\u00f3n i Isidro Gallardo de l&#8217;Associaci\u00f3 de Ve\u00efns de la Miralba Aquest dimecres 30 de maig han comen\u00e7at els &hellip; <a href=\"https:\/\/bisbalpenedes.com\/web\/2018\/05\/30\/comencen-els-treballs-per-construir-el-centre-civic-de-la-miralba\/\" class=\"more-link\">Read More<\/a><\/p>\n","protected":false},"author":4,"featured_media":5899,"comment_status":"closed","ping_status":"closed","sticky":false,"template":"","format":"standard","meta":[],"categories":[8,15],"tags":[77,687,673,1895,246,247,999,452],"_links":{"self":[{"href":"https:\/\/bisbalpenedes.com\/web\/wp-json\/wp\/v2\/posts\/5897"}],"collection":[{"href":"https:\/\/bisbalpenedes.com\/web\/wp-json\/wp\/v2\/posts"}],"about":[{"href":"https:\/\/bisbalpenedes.com\/web\/wp-json\/wp\/v2\/types\/post"}],"author":[{"embeddable":true,"href":"https:\/\/bisbalpenedes.com\/web\/wp-json\/wp\/v2\/users\/4"}],"replies":[{"embeddable":true,"href":"https:\/\/bisbalpenedes.com\/web\/wp-json\/wp\/v2\/comments?post=5897"}],"version-history":[{"count":3,"href":"https:\/\/bisbalpenedes.com\/web\/wp-json\/wp\/v2\/posts\/5897\/revisions"}],"predecessor-version":[{"id":5902,"href":"https:\/\/bisbalpenedes.com\/web\/wp-json\/wp\/v2\/posts\/5897\/revisions\/5902"}],"wp:featuredmedia":[{"embeddable":true,"href":"https:\/\/bisbalpenedes.com\/web\/wp-json\/wp\/v2\/media\/5899"}],"wp:attachment":[{"href":"https:\/\/bisbalpenedes.com\/web\/wp-json\/wp\/v2\/media?parent=5897"}],"wp:term":[{"taxonomy":"category","embeddable":true,"href":"https:\/\/bisbalpenedes.com\/web\/wp-json\/wp\/v2\/categories?post=5897"},{"taxonomy":"post_tag","embeddable":true,"href":"https:\/\/bisbalpenedes.com\/web\/wp-json\/wp\/v2\/tags?post=5897"}],"curies":[{"name":"wp","href":"https:\/\/api.w.org\/{rel}","templated":true}]}}