{"id":5879,"date":"2018-05-26T16:34:06","date_gmt":"2018-05-26T15:34:06","guid":{"rendered":"http:\/\/bisbalpenedes.com\/web\/?p=5879"},"modified":"2018-05-26T16:34:06","modified_gmt":"2018-05-26T15:34:06","slug":"lespai-on-shavia-previst-el-centre-de-dia-acollira-de-forma-provisional-el-raco-de-la-gent-gran","status":"publish","type":"post","link":"https:\/\/bisbalpenedes.com\/web\/2018\/05\/26\/lespai-on-shavia-previst-el-centre-de-dia-acollira-de-forma-provisional-el-raco-de-la-gent-gran\/","title":{"rendered":"L&#8217;Espai on s&#8217;havia previst el Centre de Dia acollir\u00e0 de forma provisional &#8216;El rac\u00f3 de la gent gran&#8217;"},"content":{"rendered":"<p style=\"text-align: justify;\"><span style=\"color: #000000;\"><strong>COMUNICAT D&#8217;ALCALDIA<\/strong><\/span><\/p>\n<p style=\"text-align: justify;\"><span style=\"color: #000000;\">L&#8217;alcaldessa de la Bisbal del Pened\u00e8s, Agn\u00e8s Ferr\u00e9, informa que el lloc on s&#8217;havia previst obrir el &#8216;Centre de Dia&#8217; no pot acollir, segons la normativa urban\u00edstica vigent, un servei d&#8217;aquestes caracter\u00edstiques. Aquest espai va ser inaugurat per l&#8217;anterior equip de Govern l&#8217;any 2015 i, en aquell moment, les Normes Subsidi\u00e0ries tampoc permetien que en aquell empla\u00e7ament s&#8217;hi ofer\u00eds aquest servei. De fet, l&#8217;equipament es va inaugurar el mar\u00e7 de 2015 coneixent que aquesta ubicaci\u00f3 no podia acollir aquest \u00fas, sense haver tramitat la sol\u00b7licitud del servei de &#8216;Centre de Dia&#8217; al Departament corresponent de la Generalitat i sense haver iniciat cap mena de tr\u00e0mit legal per donar-lo d&#8217;alta.<\/span><\/p>\n<p style=\"text-align: justify;\"><span style=\"color: #000000;\">Aquest \u00e9s nom\u00e9s un dels motius pels quals, en l&#8217;actualitat, no es pot oferir aquest servei per\u00f2 el projecte del &#8216;Centre de dia&#8217; presenta diverses dificultats:<\/span><\/p>\n<p style=\"text-align: justify; padding-left: 30px;\"><span style=\"color: #000000;\">-Com ja he dit, la normativa urban\u00edstica no permet, des de l&#8217;any 2002, que l&#8217;espai on est\u00e0 ubicat el m\u00f2dul sigui utilitzat com a &#8216;Centre de dia&#8217; ni provisionalment ni de forma definitiva.<\/span><\/p>\n<p style=\"text-align: justify; padding-left: 30px;\"><span style=\"color: #000000;\">-L&#8217;Ajuntament no pot rebre autoritzaci\u00f3 com a centre p\u00fablic i aix\u00f2 vol dir que la gesti\u00f3 hauria de ser indirecta, a trav\u00e9s d&#8217;empreses externes.<\/span><\/p>\n<p style=\"text-align: justify; padding-left: 30px;\"><span style=\"color: #000000;\">-L&#8217;Ajuntament no pot oferir aquest servei directament amb personal propi, ni ara ni quan es va fer el projecte.<\/span><\/p>\n<p style=\"text-align: justify; padding-left: 30px;\"><span style=\"color: #000000;\">-A la comarca del Baix Pened\u00e8s hi ha places disponibles de &#8216;Centre de Dia&#8217; i, per aquest motiu, no es concedeixen m\u00e9s places p\u00fabliques des de la Generalitat.<\/span><\/p>\n<p style=\"text-align: justify; padding-left: 30px;\"><span style=\"color: #000000;\">-El cost mensual per usuari al &#8216;Centre de Dia&#8217; seria aproximadament, segons dades del Departament corresponent de la Generalitat, de 800\u20ac al mes m\u00e9s transport. A aquest import se li restaria el que cobra l&#8217;usuari per Llei de Depend\u00e8ncia.<\/span><\/p>\n<p style=\"text-align: justify; padding-left: 30px;\"><span style=\"color: #000000;\">-Tot i els tr\u00e0mits realitzats des de la Regidoria de Serveis Socials, de moment no hem rebut autoritzaci\u00f3 de la Generalitat per tirar endavant el servei a la Bisbal.<\/span><\/p>\n<p style=\"text-align: justify;\"><span style=\"color: #000000;\">En els propers mesos es dur\u00e0 a terme un estudi per analitzar i con\u00e8ixer quina \u00e9s la demanada real que pot tenir un &#8216;Centre de Dia&#8217; a la Bisbal. Si \u00e9s un servei demandat per la poblaci\u00f3, es proposar\u00e0 el canvi d&#8217;\u00fas en el proper Pla d&#8217;Ordenaci\u00f3 Urban\u00edstica Municipal (POUM) per poder fer els canvis oportuns i poder gestionar l&#8217;espai com a &#8216;Centre de Dia&#8217;, encara que, com ja he apuntat, la gesti\u00f3 del servei hauria de ser externa i, per tant, privada.<\/span><\/p>\n<p style=\"text-align: justify;\"><span style=\"color: #000000;\">De moment s&#8217;ha decidit que, amb la finalitat d&#8217;aprofitar l&#8217;espai que estava destinat al &#8216;Centre de Dia&#8217; i amb l&#8217;objectiu de donar un millor servei i facilitar la cohesi\u00f3 i la sociabilitat de la gent gran del municipi, aquest equipament s&#8217;obrir\u00e0 al setembre\u00a0amb el nom de &#8216;El rac\u00f3 de la gent gran&#8217;. L&#8217;espai estar\u00e0 destinat als majors de 65 anys del municipi i pret\u00e9n ser un punt de trobada per a la gent gran. Aix\u00ed, al mat\u00ed s&#8217;hi duran a terme les activitats que, avui en dia, es fan al Centre Municipal de Cultura (CMC), com ara la gimn\u00e0stica o els tallers de mem\u00f2ria i benestar emocional, i tamb\u00e9 acollir\u00e0 el Servei Bon Dia, que s&#8217;ofereix des de l\u2019Ajuntament. A les tardes, l&#8217;empla\u00e7ament esdevindr\u00e0 un espai de trobada per a la gent gran i tamb\u00e9 acollir\u00e0 l&#8217;Associaci\u00f3 de Jubilats, que canviar\u00e0 la seva ubicaci\u00f3 a aquest nou empla\u00e7ament. Tots aquests usos estan permesos de forma provisional i s\u00f3n els que tindr\u00e0 aquest equipament mentre busquem solucions i opcions disponibles per poder rendibilitzar aquesta inversi\u00f3.<\/span><\/p>\n<p style=\"text-align: justify;\"><a href=\"http:\/\/bisbalpenedes.com\/web\/wp-content\/uploads\/2018\/05\/CENTRE-DE-DIA-1.jpg\"><img loading=\"lazy\" class=\"aligncenter size-medium wp-image-5886\" src=\"http:\/\/bisbalpenedes.com\/web\/wp-content\/uploads\/2018\/05\/CENTRE-DE-DIA-1-300x200.jpg\" alt=\"CENTRE DE DIA 1\" width=\"300\" height=\"200\" srcset=\"https:\/\/bisbalpenedes.com\/web\/wp-content\/uploads\/2018\/05\/CENTRE-DE-DIA-1-300x200.jpg 300w, https:\/\/bisbalpenedes.com\/web\/wp-content\/uploads\/2018\/05\/CENTRE-DE-DIA-1-600x400.jpg 600w, https:\/\/bisbalpenedes.com\/web\/wp-content\/uploads\/2018\/05\/CENTRE-DE-DIA-1-768x512.jpg 768w, https:\/\/bisbalpenedes.com\/web\/wp-content\/uploads\/2018\/05\/CENTRE-DE-DIA-1-1024x683.jpg 1024w\" sizes=\"(max-width: 300px) 100vw, 300px\" \/><\/a><\/p>\n<hr \/>\n<p style=\"text-align: justify;\"><span style=\"color: #000000;\"><strong>COMUNICADO DE ALCALD\u00cdA<\/strong><\/span><\/p>\n<p style=\"text-align: justify;\"><span style=\"color: #000000;\">La alcaldesa de la Bisbal del Pened\u00e8s, Agn\u00e8s Ferr\u00e9, informa de que el lugar donde se hab\u00eda previsto abrir el &#8216;Centro de D\u00eda&#8217; no puede acoger, seg\u00fan la normativa urban\u00edstica vigente, un servicio de estas caracter\u00edsticas. Este espacio fue inaugurado por el anterior equipo de Gobierno el a\u00f1o 2015 y, en aquel momento, las Normas Subsidiarias tampoco permit\u00edan que en aquella ubicaci\u00f3n se ofreciese este servicio. De hecho, el equipamiento se inaugur\u00f3 en marzo del 2015 conociendo que esta ubicaci\u00f3n no pod\u00eda acoger este uso, sin haber tramitado la solicitud de servicio de &#8216;Centro de D\u00eda&#8217; en el departamento correspondiente de la Generalitat y sin haber iniciado ning\u00fan tipo de tr\u00e1mite legal para darlo de alta.<\/span><\/p>\n<p style=\"text-align: justify;\"><span style=\"color: #000000;\">Este es solamente uno de los motivos por los cuales, en la actualidad, no se puede ofrecer este servicio pero el proyecto del\u00a0&#8216;Centro\u00a0de\u00a0D\u00eda&#8217; presenta varias dificultades:\u00a0<\/span><\/p>\n<p style=\"text-align: justify; padding-left: 30px;\"><span style=\"color: #000000;\">-Como ya he dicho, la normativa urban\u00edstica no permite, desde el a\u00f1o 2002, que el espacio donde est\u00e1 ubicado el m\u00f3dulo sea utilizado como &#8216;Centro de D\u00eda&#8217; ni provisionalmente ni de forma definitiva.<\/span><\/p>\n<p style=\"text-align: justify; padding-left: 30px;\"><span style=\"color: #000000;\">-El Ayuntamiento no puede recibir autorizaci\u00f3n como centro p\u00fablico y esto significa que la gesti\u00f3n deber\u00eda ser indirecta, a trav\u00e9s de empresas externas.<\/span><\/p>\n<p style=\"text-align: justify; padding-left: 30px;\"><span style=\"color: #000000;\">-En la comarca del Baix Pened\u00e8s hay plazas disponibles de &#8216;Centro\u00a0de\u00a0D\u00eda&#8217; y, por este motivo, no se conceden m\u00e1s plazas p\u00fablicas desde la Generalitat.<\/span><\/p>\n<p style=\"text-align: justify; padding-left: 30px;\"><span style=\"color: #000000;\">-El coste mensual por usuario del &#8216;Centro de D\u00eda&#8217; ser\u00eda aproximadamente, seg\u00fan datos del departamento correspondiente de la Generalitat, de 800\u20acj al mes m\u00e1s transporte. A este importe se le restar\u00eda lo que cobra el usuario por la Ley de Dependencia.<\/span><\/p>\n<p style=\"text-align: justify; padding-left: 30px;\"><span style=\"color: #000000;\">-A pesar de los tr\u00e1mites realizados desde la Regidoria de Serveis Socials, de momento no hemos recibido autorizaci\u00f3n de la Generalitat para sacar adelante el servicio en la Bisbal.<\/span><\/p>\n<p style=\"text-align: justify;\"><span style=\"color: #000000;\">En los pr\u00f3ximos meses se llevar\u00e1 a cabo un estudio para analizar y conocer cu\u00e1l es la demanda real que puede tener un &#8216;Centro de D\u00eda&#8217; en la Bisbal. Si es un servicio demandado por la poblaci\u00f3n, se propondr\u00e1 el cambio de uso en el pr\u00f3ximo\u00a0Plan de Ordenaci\u00f3n Urban\u00edstica Municipal (POUM) para poder hacer los cambios oportunos y poder gestionar el espacio como &#8216;Centro de D\u00eda&#8217;, aunque, como ya he apuntado, la gesti\u00f3n deber\u00e1 ser externa y, por lo tanto, privada.<\/span><\/p>\n<p style=\"text-align: justify;\"><span style=\"color: #000000;\">De momento se ha decidido que, con la finalidad de aprovechar el espacio que estaba destinado al &#8216;Centro de D\u00eda&#8217; y con el objetivo de dar un mejor servicio y facilitar la cohesi\u00f3n y la sociabilidad de la gente mayor del municipio, este equipamiento se abrir\u00e1 en septiembre con el nombre de &#8216;El rac\u00f3 de la gent gran&#8217;. El espacio ser\u00e1 destinado a los mayores de 65 a\u00f1os del municipio y pretende ser un punto de encuentro para la gente mayor. As\u00ed, por la ma\u00f1ana se har\u00e1n las actividades que, hoy en d\u00eda, se hacen en el Centre Municipal de Cultura (CMC), como por ejemplo la gimnasia o los talleres de memoria y bienestar emocional,\u00a0y tambi\u00e9n\u00a0el\u00a0Servicio\u00a0Bon Dia, que se\u00a0ofrece desde el Ayuntamiento. Por las tardes, este espacio ser\u00e1 un espacio de encuentro para la gente mayor y tambi\u00e9n acoger\u00e1 la Asociaci\u00f3n de Jubilados, que cambiar\u00e1 su ubicaci\u00f3n a este nuevo emplazamiento. Todos estos usos est\u00e1n permitidos de forma provisional y son los que tendr\u00e1 este equipamiento mientras buscamos soluciones y opciones disponibles para poder rentabilizar esta inversi\u00f3n.<\/span><\/p>\n<p style=\"text-align: justify;\"><span style=\"color: #000000;\">\u00a0<\/span><\/p>\n","protected":false},"excerpt":{"rendered":"<p>COMUNICAT D&#8217;ALCALDIA L&#8217;alcaldessa de la Bisbal del Pened\u00e8s, Agn\u00e8s Ferr\u00e9, informa que el lloc on s&#8217;havia previst obrir el &#8216;Centre de Dia&#8217; no pot acollir, segons la normativa urban\u00edstica vigent, &hellip; <a href=\"https:\/\/bisbalpenedes.com\/web\/2018\/05\/26\/lespai-on-shavia-previst-el-centre-de-dia-acollira-de-forma-provisional-el-raco-de-la-gent-gran\/\" class=\"more-link\">Read More<\/a><\/p>\n","protected":false},"author":4,"featured_media":5880,"comment_status":"closed","ping_status":"closed","sticky":false,"template":"","format":"standard","meta":[],"categories":[4],"tags":[1252,950,132,1605,305,83,1893,1894,999],"_links":{"self":[{"href":"https:\/\/bisbalpenedes.com\/web\/wp-json\/wp\/v2\/posts\/5879"}],"collection":[{"href":"https:\/\/bisbalpenedes.com\/web\/wp-json\/wp\/v2\/posts"}],"about":[{"href":"https:\/\/bisbalpenedes.com\/web\/wp-json\/wp\/v2\/types\/post"}],"author":[{"embeddable":true,"href":"https:\/\/bisbalpenedes.com\/web\/wp-json\/wp\/v2\/users\/4"}],"replies":[{"embeddable":true,"href":"https:\/\/bisbalpenedes.com\/web\/wp-json\/wp\/v2\/comments?post=5879"}],"version-history":[{"count":6,"href":"https:\/\/bisbalpenedes.com\/web\/wp-json\/wp\/v2\/posts\/5879\/revisions"}],"predecessor-version":[{"id":5887,"href":"https:\/\/bisbalpenedes.com\/web\/wp-json\/wp\/v2\/posts\/5879\/revisions\/5887"}],"wp:featuredmedia":[{"embeddable":true,"href":"https:\/\/bisbalpenedes.com\/web\/wp-json\/wp\/v2\/media\/5880"}],"wp:attachment":[{"href":"https:\/\/bisbalpenedes.com\/web\/wp-json\/wp\/v2\/media?parent=5879"}],"wp:term":[{"taxonomy":"category","embeddable":true,"href":"https:\/\/bisbalpenedes.com\/web\/wp-json\/wp\/v2\/categories?post=5879"},{"taxonomy":"post_tag","embeddable":true,"href":"https:\/\/bisbalpenedes.com\/web\/wp-json\/wp\/v2\/tags?post=5879"}],"curies":[{"name":"wp","href":"https:\/\/api.w.org\/{rel}","templated":true}]}}