{"id":5876,"date":"2018-05-25T10:52:02","date_gmt":"2018-05-25T09:52:02","guid":{"rendered":"http:\/\/bisbalpenedes.com\/web\/?p=5876"},"modified":"2018-05-25T10:59:01","modified_gmt":"2018-05-25T09:59:01","slug":"la-bisbal-participa-en-la-xix-setmana-sense-fum-amb-una-xerrada-que-tindra-lloc-el-dimarts-29-de-maig","status":"publish","type":"post","link":"https:\/\/bisbalpenedes.com\/web\/2018\/05\/25\/la-bisbal-participa-en-la-xix-setmana-sense-fum-amb-una-xerrada-que-tindra-lloc-el-dimarts-29-de-maig\/","title":{"rendered":"La Bisbal participa en la XIX Setmana Sense Fum amb una xerrada que tindr\u00e0 lloc el dimarts 29 de maig"},"content":{"rendered":"<p><strong><span style=\"color: #000000;\">VIU A SAC SENSE TABAC!<\/span><\/strong><\/p>\n<p><span style=\"color: #000000;\">La Regidoria de Sanitat ha organitzat una xerrada amb motiu de la XIX Setmana Sense Fum (del 25 al 31 de maig) promoguda pel Departament de Salut de la Generalitat de Catalunya.\u00a0<\/span><\/p>\n<p><span style=\"color: #000000;\">L&#8217;activitat tindr\u00e0 lloc el dimarts 29 de maig a les 19h al CMC i anir\u00e0 a c\u00e0rrec de la psicoonc\u00f2loga Elena Nolla.\u00a0<\/span><\/p>\n<hr \/>\n<p><span style=\"color: #000000;\"><strong>CASTELLANO<\/strong> | La Regidoria de Sanidad ha organizado una charla con motivo de la XIX Semana Sin Humo (del 25 al 31 de mayo) que promueve el Departament de Salut de la Generalitat de Catalunya.<\/span><\/p>\n<p><span style=\"color: #000000;\">La actividad tendr\u00e1 lugar el martes 29 de mayo a las 19h en el CMC e ir\u00e1 a cargo de la psicoonc\u00f3loga Elena Nolla.<\/span><\/p>\n<p><a href=\"http:\/\/bisbalpenedes.com\/web\/wp-content\/uploads\/2018\/05\/SENSE-FUM-18.jpg\"><img loading=\"lazy\" class=\"aligncenter size-medium wp-image-5877\" src=\"http:\/\/bisbalpenedes.com\/web\/wp-content\/uploads\/2018\/05\/SENSE-FUM-18-214x300.jpg\" alt=\"setmana sense fum 2018\" width=\"214\" height=\"300\" srcset=\"https:\/\/bisbalpenedes.com\/web\/wp-content\/uploads\/2018\/05\/SENSE-FUM-18-214x300.jpg 214w, https:\/\/bisbalpenedes.com\/web\/wp-content\/uploads\/2018\/05\/SENSE-FUM-18-600x840.jpg 600w, https:\/\/bisbalpenedes.com\/web\/wp-content\/uploads\/2018\/05\/SENSE-FUM-18-768x1075.jpg 768w, https:\/\/bisbalpenedes.com\/web\/wp-content\/uploads\/2018\/05\/SENSE-FUM-18-732x1024.jpg 732w, https:\/\/bisbalpenedes.com\/web\/wp-content\/uploads\/2018\/05\/SENSE-FUM-18-scaled.jpg 1829w\" sizes=\"(max-width: 214px) 100vw, 214px\" \/><\/a><\/p>\n","protected":false},"excerpt":{"rendered":"<p>VIU A SAC SENSE TABAC! La Regidoria de Sanitat ha organitzat una xerrada amb motiu de la XIX Setmana Sense Fum (del 25 al 31 de maig) promoguda pel Departament &hellip; <a href=\"https:\/\/bisbalpenedes.com\/web\/2018\/05\/25\/la-bisbal-participa-en-la-xix-setmana-sense-fum-amb-una-xerrada-que-tindra-lloc-el-dimarts-29-de-maig\/\" class=\"more-link\">Read More<\/a><\/p>\n","protected":false},"author":4,"featured_media":5877,"comment_status":"closed","ping_status":"closed","sticky":false,"template":"","format":"standard","meta":[],"categories":[14],"tags":[1891,145,28,1890,1892,45],"_links":{"self":[{"href":"https:\/\/bisbalpenedes.com\/web\/wp-json\/wp\/v2\/posts\/5876"}],"collection":[{"href":"https:\/\/bisbalpenedes.com\/web\/wp-json\/wp\/v2\/posts"}],"about":[{"href":"https:\/\/bisbalpenedes.com\/web\/wp-json\/wp\/v2\/types\/post"}],"author":[{"embeddable":true,"href":"https:\/\/bisbalpenedes.com\/web\/wp-json\/wp\/v2\/users\/4"}],"replies":[{"embeddable":true,"href":"https:\/\/bisbalpenedes.com\/web\/wp-json\/wp\/v2\/comments?post=5876"}],"version-history":[{"count":1,"href":"https:\/\/bisbalpenedes.com\/web\/wp-json\/wp\/v2\/posts\/5876\/revisions"}],"predecessor-version":[{"id":5878,"href":"https:\/\/bisbalpenedes.com\/web\/wp-json\/wp\/v2\/posts\/5876\/revisions\/5878"}],"wp:featuredmedia":[{"embeddable":true,"href":"https:\/\/bisbalpenedes.com\/web\/wp-json\/wp\/v2\/media\/5877"}],"wp:attachment":[{"href":"https:\/\/bisbalpenedes.com\/web\/wp-json\/wp\/v2\/media?parent=5876"}],"wp:term":[{"taxonomy":"category","embeddable":true,"href":"https:\/\/bisbalpenedes.com\/web\/wp-json\/wp\/v2\/categories?post=5876"},{"taxonomy":"post_tag","embeddable":true,"href":"https:\/\/bisbalpenedes.com\/web\/wp-json\/wp\/v2\/tags?post=5876"}],"curies":[{"name":"wp","href":"https:\/\/api.w.org\/{rel}","templated":true}]}}