{"id":5867,"date":"2018-05-25T10:30:23","date_gmt":"2018-05-25T09:30:23","guid":{"rendered":"http:\/\/bisbalpenedes.com\/web\/?p=5867"},"modified":"2018-06-03T17:01:51","modified_gmt":"2018-06-03T16:01:51","slug":"lajuntament-collabora-en-la-4a-edicio-del-gralles-experience-i-el-2n-concurs-de-pintura-rapida","status":"publish","type":"post","link":"https:\/\/bisbalpenedes.com\/web\/2018\/05\/25\/lajuntament-collabora-en-la-4a-edicio-del-gralles-experience-i-el-2n-concurs-de-pintura-rapida\/","title":{"rendered":"L&#8217;Ajuntament col\u00b7labora en la 4a edici\u00f3 del Gralles Experience i el 2n Concurs de Pintura R\u00e0pida"},"content":{"rendered":"<p style=\"text-align: justify;\"><a href=\"http:\/\/bisbalpenedes.com\/web\/wp-content\/uploads\/2018\/05\/FOTO-CONCURS-PINTURES-LA-BISBAL-2016.jpg\"><img loading=\"lazy\" class=\"aligncenter size-medium wp-image-5869\" src=\"http:\/\/bisbalpenedes.com\/web\/wp-content\/uploads\/2018\/05\/FOTO-CONCURS-PINTURES-LA-BISBAL-2016-300x300.jpg\" alt=\"FOTO CONCURS PINTURES LA BISBAL 2016\" width=\"300\" height=\"300\" srcset=\"https:\/\/bisbalpenedes.com\/web\/wp-content\/uploads\/2018\/05\/FOTO-CONCURS-PINTURES-LA-BISBAL-2016-300x300.jpg 300w, https:\/\/bisbalpenedes.com\/web\/wp-content\/uploads\/2018\/05\/FOTO-CONCURS-PINTURES-LA-BISBAL-2016-100x100.jpg 100w, https:\/\/bisbalpenedes.com\/web\/wp-content\/uploads\/2018\/05\/FOTO-CONCURS-PINTURES-LA-BISBAL-2016-600x600.jpg 600w, https:\/\/bisbalpenedes.com\/web\/wp-content\/uploads\/2018\/05\/FOTO-CONCURS-PINTURES-LA-BISBAL-2016-150x150.jpg 150w, https:\/\/bisbalpenedes.com\/web\/wp-content\/uploads\/2018\/05\/FOTO-CONCURS-PINTURES-LA-BISBAL-2016.jpg 747w\" sizes=\"(max-width: 300px) 100vw, 300px\" \/><\/a><\/p>\n<p style=\"text-align: justify;\"><span style=\"color: #000000;\">El Mas de les Gralles tira endavant, per quart any consecutiu, el Gralles Experience, una iniciativa que marida la m\u00fasica, l\u2019art i la gastronomia en una masia del segle XVIII propietat de Juan Jes\u00fas Espina, col\u00b7leccionista d\u2019art i organitzador de l\u2019esdeveniment.<\/span><\/p>\n<p style=\"text-align: justify;\"><span style=\"color: #000000;\">Els dies 2 i 3 de juny la Bisbal acollir\u00e0 diverses activitats relacionades amb el m\u00f3n de l\u2019art que compten amb la col\u00b7laboraci\u00f3 de l\u2019Ajuntament de la Bisbal del Pened\u00e8s. D\u2019una banda, dissabte dia 2 de juny, el Mas de les Gralles albergar\u00e0 diverses activitats adre\u00e7ades als artistes i els seus acompanyants. A partir de les 20h obrir\u00e0 les seves portes a tothom i el p\u00fablic podr\u00e0 gaudir de l\u2019Exposici\u00f3 Gralles Experience 2018, que comptar\u00e0 amb la participaci\u00f3 d\u2019artistes d\u2019arreu del m\u00f3n; m\u00fasica en directe amb el cantautor Sergi Blanch i el duet Essencia i un sopar a base d\u2019amanides, coques enramades i postres. El preu per gaudir d\u2019aquestes activitats ser\u00e0 de 25\u20ac i s\u2019haur\u00e0 d\u2019abonar a l\u2019acc\u00e9s al recinte.<\/span><\/p>\n<p style=\"text-align: justify;\"><span style=\"color: #000000;\">El dia 3 de juny, de 9 a 14h, una seixantena de pintors d\u2019arreu de l\u2019Estat Espanyol participaran al Concurs de Pintura R\u00e0pida a l\u2019aire lliure. Els bisbalencs i les bisbalenques, aix\u00ed com les persones que s\u2019apropin al municipi, podran veure treballar els artistes en diversos punts del municipi. A partir de les 14:30h s\u2019obrir\u00e0 l\u2019exposici\u00f3 amb les obres que participaran en el concurs a la sala gran del Centre Municipal de Cultura i el p\u00fablic podr\u00e0\u00a0votar el premi popular, la dotaci\u00f3 del qual ser\u00e0 a c\u00e0rrec de la Regidoria de Cultura de l\u2019Ajuntament de la Bisbal del Pened\u00e8s*. A les 15h tindr\u00e0\u00a0els artistes dinaran al gimn\u00e0s de l\u2019Escola Ull de Vent. A les 17h l&#8217;Auditori Salb\u00e0 del Centre Municipal de Cultura acollir\u00e0 el lliurament de premis.<\/span><\/p>\n<p style=\"text-align: justify;\"><a href=\"http:\/\/bisbalpenedes.com\/web\/wp-content\/uploads\/2018\/05\/CARTELL-PINTURA-RAPIDA-001.jpg\"><img loading=\"lazy\" class=\"aligncenter size-medium wp-image-5870\" src=\"http:\/\/bisbalpenedes.com\/web\/wp-content\/uploads\/2018\/05\/CARTELL-PINTURA-RAPIDA-001-212x300.jpg\" alt=\"CARTELL PINTURA RAPIDA-001\" width=\"212\" height=\"300\" srcset=\"https:\/\/bisbalpenedes.com\/web\/wp-content\/uploads\/2018\/05\/CARTELL-PINTURA-RAPIDA-001-212x300.jpg 212w, https:\/\/bisbalpenedes.com\/web\/wp-content\/uploads\/2018\/05\/CARTELL-PINTURA-RAPIDA-001-600x849.jpg 600w, https:\/\/bisbalpenedes.com\/web\/wp-content\/uploads\/2018\/05\/CARTELL-PINTURA-RAPIDA-001-768x1087.jpg 768w, https:\/\/bisbalpenedes.com\/web\/wp-content\/uploads\/2018\/05\/CARTELL-PINTURA-RAPIDA-001-724x1024.jpg 724w, https:\/\/bisbalpenedes.com\/web\/wp-content\/uploads\/2018\/05\/CARTELL-PINTURA-RAPIDA-001.jpg 1202w\" sizes=\"(max-width: 212px) 100vw, 212px\" \/><\/a><\/p>\n<p style=\"text-align: justify;\"><span style=\"color: #000000;\">El Concurs de Pintura R\u00e0pida a l\u2019aire lliure est\u00e0 obert a tothom. Les inscripcions s\u2019han de fer al tel\u00e8fon 620271871, a la p\u00e0gina web <a style=\"color: #000000;\" href=\"http:\/\/www.grallesexperience.wordpress.com\/concurso\">www.grallesexperience.wordpress.com\/concurso<\/a> o a l\u2019Ajuntament de la Bisbal del Pened\u00e8s el dia 3 de juny de 8.30h a 10.00h. La tem\u00e0tica de les obres haur\u00e0 de fer refer\u00e8ncia als rostres, paisatges o costums locals i l\u2019estil i la t\u00e8cnica seran lliures.<\/span><\/p>\n<p style=\"text-align: justify;\"><span style=\"color: #000000;\">Els premis que s\u2019entregaran seran els seg\u00fcents:<\/span><\/p>\n<p style=\"padding-left: 30px; text-align: justify;\"><span style=\"color: #000000;\">1r premi: 1.500\u20ac<\/span><\/p>\n<p style=\"padding-left: 30px; text-align: justify;\"><span style=\"color: #000000;\">2n premi: 1.000\u20ac<\/span><\/p>\n<p style=\"padding-left: 30px; text-align: justify;\"><span style=\"color: #000000;\">3r premi: 750\u20ac<\/span><\/p>\n<p style=\"padding-left: 30px; text-align: justify;\"><span style=\"color: #000000;\">4t premi: 500\u20ac (premi per votaci\u00f3 popular)<\/span><\/p>\n<p style=\"padding-left: 30px; text-align: justify;\"><span style=\"color: #000000;\">5\u00e8 premi: 500\u20ac<\/span><\/p>\n<p style=\"padding-left: 30px; text-align: justify;\"><span style=\"color: #000000;\">6\u00e8 premi: 500\u20ac<\/span><\/p>\n<p style=\"text-align: justify;\"><span style=\"color: #000000;\">*L\u2019obra que rebi el premi popular no podr\u00e0 coincidir amb el 1r, 2n i 3r premi del jurat. Si la primera m\u00e9s votada coincideix amb algun d\u2019aquests premis, es triar\u00e0 la seg\u00fcent i, aix\u00ed, successivament, fins que l\u2019obra tirada no sigui cap de les triades per rebre un dels tres primers premis.<\/span><\/p>\n<p style=\"text-align: justify;\"><span style=\"color: #000000;\">Adjuntem les bases del Concurs de Pintura r\u00e0pida, confeccionades per l&#8217;organitzador:\u00a0<a href=\"http:\/\/bisbalpenedes.com\/web\/wp-content\/uploads\/2018\/05\/Concurso-de-Pintura-RApida.docx\">Concurso de Pintura RApida<\/a><\/span><\/p>\n<hr \/>\n<p style=\"text-align: justify;\"><span style=\"color: #000000;\">CASTELLANO | El Mas de les Gralles lleva a cabo, por cuarto a\u00f1o consecutivo, el Gralles Experience, una iniciativa que marida la m\u00fasica, el arte y la gastronom\u00eda en una mas\u00eda del siglo XVIII propiedad de Juan Jes\u00fas Espina, coleccionista de arte y organizador del evento.<\/span><\/p>\n<p style=\"text-align: justify;\"><span style=\"color: #000000;\">Los d\u00edas 2 y 3 de junio la Bisbal acoger\u00e1 varias actividades relacionadas con el mundo del arte que cuentan con la colaboraci\u00f3n del Ayuntamiento de la Bisbal del Pened\u00e8s. Por un lado, el s\u00e1bado d\u00eda 2 de junio, el Mas de les Gralles albergar\u00e1 varias actividades dirigidas a los artistas y sus acompa\u00f1antes. A partir de las 20h abrir\u00e1 sus puertas al p\u00fablico general y se podr\u00e1 disfrutar de la Exposici\u00f3n Gralles Experience 2018, que contar\u00e1 con la participaci\u00f3n de artistas de todo el mundo, m\u00fasica en directo con el cantautor Sergi Blanch y el duo Essencia y una cena a base de ensaladas, cocas enramades y postres. El precio para disfrutar de estas actividades ser\u00e1 de 25\u20ac y se deber\u00e1 abonar al acceso del recinto.<\/span><\/p>\n<p style=\"text-align: justify;\"><span style=\"color: #000000;\">El d\u00eda 3 de junio, de 9 a 14h, sesenta pintores de diferentes puntos del Estado Espa\u00f1ol participar\u00e1n en el Concurso de Pintura R\u00e1pida al aire libre. Los bisbalencs y las bisbalenques, as\u00ed como las personas que se acerquen al municipio, podr\u00e1n ver trabajar a los artistas en varios puntos del municipio. A partir de las 14:30h se abrir\u00e1 la exposici\u00f3n con las obras que participar\u00e1n en el concurso en la sala grande del Centre Municipal de Cultura y el p\u00fablico podr\u00e1 votar el premio popular, la dotaci\u00f3n del cual ser\u00e1 a cargo de la Regidoria de Cultura del Ayuntamiento de la Bisbal del Pened\u00e8s*. A las 15h\u00a0los artistas comer\u00e1n en el gimnasio de la Escola Ull de Vent. A las 17h el Auditorio Salb\u00e0 del Centre Municipal de Cultura acoger\u00e1 la entrega de premios.<\/span><\/p>\n<p style=\"text-align: justify;\"><a href=\"http:\/\/bisbalpenedes.com\/web\/wp-content\/uploads\/2018\/05\/CARTELL-PINTURA-RAPIDA-001.jpg\"><img loading=\"lazy\" class=\"aligncenter size-medium wp-image-5870\" src=\"http:\/\/bisbalpenedes.com\/web\/wp-content\/uploads\/2018\/05\/CARTELL-PINTURA-RAPIDA-001-212x300.jpg\" alt=\"CARTELL PINTURA RAPIDA-001\" width=\"212\" height=\"300\" srcset=\"https:\/\/bisbalpenedes.com\/web\/wp-content\/uploads\/2018\/05\/CARTELL-PINTURA-RAPIDA-001-212x300.jpg 212w, https:\/\/bisbalpenedes.com\/web\/wp-content\/uploads\/2018\/05\/CARTELL-PINTURA-RAPIDA-001-600x849.jpg 600w, https:\/\/bisbalpenedes.com\/web\/wp-content\/uploads\/2018\/05\/CARTELL-PINTURA-RAPIDA-001-768x1087.jpg 768w, https:\/\/bisbalpenedes.com\/web\/wp-content\/uploads\/2018\/05\/CARTELL-PINTURA-RAPIDA-001-724x1024.jpg 724w, https:\/\/bisbalpenedes.com\/web\/wp-content\/uploads\/2018\/05\/CARTELL-PINTURA-RAPIDA-001.jpg 1202w\" sizes=\"(max-width: 212px) 100vw, 212px\" \/><\/a><span style=\"color: #000000;\">El Concurso de Pintura R\u00e1pida al aire libre est\u00e1 abierto a todo el mundo. Las inscripciones se deben hacer por tel\u00e9fono\u00a0620271871, en la p\u00e1gina web\u00a0<a style=\"color: #000000;\" href=\"http:\/\/www.grallesexperience.wordpress.com\/concurso\">www.grallesexperience.wordpress.com\/concurso<\/a>\u00a0o en el Ayuntamiento de la Bisbal del Pened\u00e8s el d\u00eda 3 de junio de 8.30h a 10.00h. El tema de las obras deber\u00e1 hacer referencia a rostros, paisajes o costumbres locales y el estilo y la t\u00e9cnica ser\u00e1n libres.\u00a0<\/span><\/p>\n<p style=\"text-align: justify;\"><span style=\"color: #000000;\">Los premios que se entregar\u00e1n ser\u00e1n los siguientes:<\/span><\/p>\n<p style=\"text-align: justify; padding-left: 30px;\"><span style=\"color: #000000;\">1\u00ba premio: 1.500\u20ac<\/span><\/p>\n<p style=\"text-align: justify; padding-left: 30px;\"><span style=\"color: #000000;\">2\u00ba premio: 1.000\u20ac<\/span><\/p>\n<p style=\"text-align: justify; padding-left: 30px;\"><span style=\"color: #000000;\">3\u00ba premio: 750\u20ac<\/span><\/p>\n<p style=\"text-align: justify; padding-left: 30px;\"><span style=\"color: #000000;\">4\u00ba premio: 500\u20ac (premio por votaci\u00f3n popular)<\/span><\/p>\n<p style=\"text-align: justify; padding-left: 30px;\"><span style=\"color: #000000;\">5\u00ba premio:\u00a0500\u20ac<\/span><\/p>\n<p style=\"text-align: justify; padding-left: 30px;\"><span style=\"color: #000000;\">6\u00ba premio:\u00a0500\u20ac<\/span><\/p>\n<p style=\"text-align: justify;\"><span style=\"color: #000000;\">*La obra que reciba el premio popular no podr\u00e1 coincidir con el 1\u00ba, 2\u00ba y 3\u00ba premio del jurado. Si la primera m\u00e1s votada coincide con alguno de estos premios, se escoger\u00e1 la siguiente y, as\u00ed, sucesivamente, hasta que la obra escogida no sea ninguna de las que se hayan elegido como ganadoras de los tres primeros premios.<\/span><\/p>\n<p style=\"text-align: justify;\"><span style=\"color: #000000;\">Adjuntamos las bases del Concurso de Pintura R\u00e1pida, confeccionadas por el organizador del evento: <a href=\"http:\/\/bisbalpenedes.com\/web\/wp-content\/uploads\/2018\/05\/Concurso-de-Pintura-RApida.docx\">Concurso de Pintura RApida<\/a><\/span><\/p>\n<p>&nbsp;<\/p>\n<p>&nbsp;<\/p>\n","protected":false},"excerpt":{"rendered":"<p>El Mas de les Gralles tira endavant, per quart any consecutiu, el Gralles Experience, una iniciativa que marida la m\u00fasica, l\u2019art i la gastronomia en una masia del segle XVIII &hellip; <a href=\"https:\/\/bisbalpenedes.com\/web\/2018\/05\/25\/lajuntament-collabora-en-la-4a-edicio-del-gralles-experience-i-el-2n-concurs-de-pintura-rapida\/\" class=\"more-link\">Read More<\/a><\/p>\n","protected":false},"author":4,"featured_media":5869,"comment_status":"closed","ping_status":"closed","sticky":false,"template":"","format":"standard","meta":[],"categories":[13],"tags":[1887,154,1889,1888,318,1886,72,919,1885,1637],"_links":{"self":[{"href":"https:\/\/bisbalpenedes.com\/web\/wp-json\/wp\/v2\/posts\/5867"}],"collection":[{"href":"https:\/\/bisbalpenedes.com\/web\/wp-json\/wp\/v2\/posts"}],"about":[{"href":"https:\/\/bisbalpenedes.com\/web\/wp-json\/wp\/v2\/types\/post"}],"author":[{"embeddable":true,"href":"https:\/\/bisbalpenedes.com\/web\/wp-json\/wp\/v2\/users\/4"}],"replies":[{"embeddable":true,"href":"https:\/\/bisbalpenedes.com\/web\/wp-json\/wp\/v2\/comments?post=5867"}],"version-history":[{"count":7,"href":"https:\/\/bisbalpenedes.com\/web\/wp-json\/wp\/v2\/posts\/5867\/revisions"}],"predecessor-version":[{"id":5935,"href":"https:\/\/bisbalpenedes.com\/web\/wp-json\/wp\/v2\/posts\/5867\/revisions\/5935"}],"wp:featuredmedia":[{"embeddable":true,"href":"https:\/\/bisbalpenedes.com\/web\/wp-json\/wp\/v2\/media\/5869"}],"wp:attachment":[{"href":"https:\/\/bisbalpenedes.com\/web\/wp-json\/wp\/v2\/media?parent=5867"}],"wp:term":[{"taxonomy":"category","embeddable":true,"href":"https:\/\/bisbalpenedes.com\/web\/wp-json\/wp\/v2\/categories?post=5867"},{"taxonomy":"post_tag","embeddable":true,"href":"https:\/\/bisbalpenedes.com\/web\/wp-json\/wp\/v2\/tags?post=5867"}],"curies":[{"name":"wp","href":"https:\/\/api.w.org\/{rel}","templated":true}]}}