{"id":5861,"date":"2018-05-24T14:13:16","date_gmt":"2018-05-24T13:13:16","guid":{"rendered":"http:\/\/bisbalpenedes.com\/web\/?p=5861"},"modified":"2018-05-24T14:16:33","modified_gmt":"2018-05-24T13:16:33","slug":"medi-ambient-torna-a-netejar-els-contenidors-de-les-urbanitzacions-perque-alguns-usuaris-nhan-fet-un-mal-us","status":"publish","type":"post","link":"https:\/\/bisbalpenedes.com\/web\/2018\/05\/24\/medi-ambient-torna-a-netejar-els-contenidors-de-les-urbanitzacions-perque-alguns-usuaris-nhan-fet-un-mal-us\/","title":{"rendered":"Medi Ambient torna a netejar els contenidors de les urbanitzacions perqu\u00e8 alguns usuaris n&#8217;han fet un mal \u00fas"},"content":{"rendered":"<p style=\"text-align: justify;\"><a href=\"http:\/\/bisbalpenedes.com\/web\/wp-content\/uploads\/2018\/05\/contenidors-urbanitzacions.jpg\"><img loading=\"lazy\" class=\"aligncenter size-large wp-image-5862\" src=\"http:\/\/bisbalpenedes.com\/web\/wp-content\/uploads\/2018\/05\/contenidors-urbanitzacions-1024x1024.jpg\" alt=\"contenidors urbanitzacions\" width=\"630\" height=\"630\" srcset=\"https:\/\/bisbalpenedes.com\/web\/wp-content\/uploads\/2018\/05\/contenidors-urbanitzacions-1024x1024.jpg 1024w, https:\/\/bisbalpenedes.com\/web\/wp-content\/uploads\/2018\/05\/contenidors-urbanitzacions-300x300.jpg 300w, https:\/\/bisbalpenedes.com\/web\/wp-content\/uploads\/2018\/05\/contenidors-urbanitzacions-100x100.jpg 100w, https:\/\/bisbalpenedes.com\/web\/wp-content\/uploads\/2018\/05\/contenidors-urbanitzacions-600x600.jpg 600w, https:\/\/bisbalpenedes.com\/web\/wp-content\/uploads\/2018\/05\/contenidors-urbanitzacions-150x150.jpg 150w, https:\/\/bisbalpenedes.com\/web\/wp-content\/uploads\/2018\/05\/contenidors-urbanitzacions-768x768.jpg 768w, https:\/\/bisbalpenedes.com\/web\/wp-content\/uploads\/2018\/05\/contenidors-urbanitzacions.jpg 1600w\" sizes=\"(max-width: 630px) 100vw, 630px\" \/><\/a><\/p>\n<p style=\"text-align: justify;\"><span style=\"color: #000000;\">La Regidoria de Medi Ambient informa que avui dijous 24 de maig s\u2019han comen\u00e7at a netejar les illes de contenidors de les urbanitzacions que presentaven un gran volum d\u2019escombraries al seu exterior a causa de l\u2019incivisme d\u2019algunes persones.<\/span><\/p>\n<p style=\"text-align: justify;\"><span style=\"color: #000000;\">Tot i la insist\u00e8ncia i les reiterades campanyes i comunicats que es fan des de l\u2019Ajuntament, l\u2019incivisme d\u2019algunes persones continua donant-nos situacions com les de la foto, que perjudiquen la imatge de tot un poble, creen situacions d\u2019insalubritat i encareixen el servei d\u2019escombraries que paguem tots els bisbalencs i les bisbalenques.<\/span><\/p>\n<p style=\"text-align: justify;\"><span style=\"color: #000000;\">RECORDEM: El dia 4 de juny hi ha recollida de voluminosos i trastos vells. Si voleu que passin per casa vostra nom\u00e9s cal que aviseu a l\u2019Ajuntament (977688438), com a m\u00ednim, cinc dies abans.<\/span><\/p>\n<p style=\"text-align: justify;\"><span style=\"color: #000000;\">El PUNT VERD est\u00e0 obert els 365 dies de l\u2019any les 24 hores i, all\u00e0, s\u2019hi poden portar tota mena de residus dom\u00e8stics.<\/span><\/p>\n<p style=\"text-align: justify;\"><span style=\"color: #000000;\">Des de l\u2019Ajuntament us demanem novament que, si veieu conductes inc\u00edviques o teniu informaci\u00f3 sobre les persones o empreses que embruten el municipi, truqueu al servei d\u2019Informaci\u00f3 i Inspecci\u00f3 Municipal 678595959 o envieu un correu electr\u00f2nic a <a style=\"color: #000000;\" href=\"mailto:info@bisbalpenedes.com\">info@bisbalpenedes.com<\/a><\/span><\/p>\n<hr \/>\n<p style=\"text-align: justify;\"><span style=\"color: #000000;\">CASTELLANO | La Regidoria de Medio Ambiente informa de que hoy jueves 24 de mayo se han empezado a limpiar las islas de contenedores de las urbanizaciones que presentaban un gran volumen de basura en su exterior a causa del incivismo de algunas personas.<\/span><\/p>\n<p style=\"text-align: justify;\"><span style=\"color: #000000;\">Aunque se haya insistido y se hayan hecho reiteradas campa\u00f1as y comunicados desde el Ayuntamiento, el incivismo de algunas personas sigue d\u00e1ndonos situaciones como las de la foto, que perjudican la imagen de todo un pueblo, crean situaciones de insalubridad y encarecen el servicio de basuras que pagamos todos los bisbalencs i bisbalenques.<\/span><\/p>\n<p style=\"text-align: justify;\"><span style=\"color: #000000;\">RECORDAMOS: El d\u00eda 4 de junio hay recogida de voluminosos y trastos viejos. Si quer\u00e9is que pasen por vuestra casa solo ten\u00e9is que llamar al Ayuntamiento (977688438), como m\u00ednimo, cinco d\u00edas antes.<\/span><\/p>\n<p style=\"text-align: justify;\"><span style=\"color: #000000;\">EL PUNT VERD est\u00e1 abierto los 365 d\u00edas del a\u00f1o las 24 horas y, all\u00ed, se pueden llevar todo tipo de residuos dom\u00e9sticos.<\/span><\/p>\n<p style=\"text-align: justify;\"><span style=\"color: #000000;\">Desde el Ayuntamiento os pedimos de nuevo que, si veis conductas inc\u00edvicas o ten\u00e9is informaci\u00f3n sobre las personas o empresas que ensucian el municipio, llam\u00e9is al servicio de Informaci\u00f3n e Inspecci\u00f3n Municipal 678595959 o mand\u00e9is un correo electr\u00f3nico a <a style=\"color: #000000;\" href=\"mailto:info@bisbalpenedes.com\">info@bisbalpenedes.com<\/a> \u00a0<\/span><\/p>\n","protected":false},"excerpt":{"rendered":"<p>La Regidoria de Medi Ambient informa que avui dijous 24 de maig s\u2019han comen\u00e7at a netejar les illes de contenidors de les urbanitzacions que presentaven un gran volum d\u2019escombraries al &hellip; <a href=\"https:\/\/bisbalpenedes.com\/web\/2018\/05\/24\/medi-ambient-torna-a-netejar-els-contenidors-de-les-urbanitzacions-perque-alguns-usuaris-nhan-fet-un-mal-us\/\" class=\"more-link\">Read More<\/a><\/p>\n","protected":false},"author":4,"featured_media":5862,"comment_status":"closed","ping_status":"closed","sticky":false,"template":"","format":"standard","meta":[],"categories":[32],"tags":[1476,1884,832,1610,625,1131,626,92,627,207,1883],"_links":{"self":[{"href":"https:\/\/bisbalpenedes.com\/web\/wp-json\/wp\/v2\/posts\/5861"}],"collection":[{"href":"https:\/\/bisbalpenedes.com\/web\/wp-json\/wp\/v2\/posts"}],"about":[{"href":"https:\/\/bisbalpenedes.com\/web\/wp-json\/wp\/v2\/types\/post"}],"author":[{"embeddable":true,"href":"https:\/\/bisbalpenedes.com\/web\/wp-json\/wp\/v2\/users\/4"}],"replies":[{"embeddable":true,"href":"https:\/\/bisbalpenedes.com\/web\/wp-json\/wp\/v2\/comments?post=5861"}],"version-history":[{"count":3,"href":"https:\/\/bisbalpenedes.com\/web\/wp-json\/wp\/v2\/posts\/5861\/revisions"}],"predecessor-version":[{"id":5865,"href":"https:\/\/bisbalpenedes.com\/web\/wp-json\/wp\/v2\/posts\/5861\/revisions\/5865"}],"wp:featuredmedia":[{"embeddable":true,"href":"https:\/\/bisbalpenedes.com\/web\/wp-json\/wp\/v2\/media\/5862"}],"wp:attachment":[{"href":"https:\/\/bisbalpenedes.com\/web\/wp-json\/wp\/v2\/media?parent=5861"}],"wp:term":[{"taxonomy":"category","embeddable":true,"href":"https:\/\/bisbalpenedes.com\/web\/wp-json\/wp\/v2\/categories?post=5861"},{"taxonomy":"post_tag","embeddable":true,"href":"https:\/\/bisbalpenedes.com\/web\/wp-json\/wp\/v2\/tags?post=5861"}],"curies":[{"name":"wp","href":"https:\/\/api.w.org\/{rel}","templated":true}]}}