{"id":5855,"date":"2018-05-24T11:47:42","date_gmt":"2018-05-24T10:47:42","guid":{"rendered":"http:\/\/bisbalpenedes.com\/web\/?p=5855"},"modified":"2018-05-24T11:47:42","modified_gmt":"2018-05-24T10:47:42","slug":"lajuntament-de-la-bisbal-ret-homenatge-als-voluntaris-del-municipi","status":"publish","type":"post","link":"https:\/\/bisbalpenedes.com\/web\/2018\/05\/24\/lajuntament-de-la-bisbal-ret-homenatge-als-voluntaris-del-municipi\/","title":{"rendered":"L\u2019Ajuntament de la Bisbal ret homenatge als voluntaris del municipi"},"content":{"rendered":"<p><a href=\"http:\/\/bisbalpenedes.com\/web\/wp-content\/uploads\/2018\/05\/VOLUNTARIS-LA-BISBAL.jpg\"><img loading=\"lazy\" class=\"aligncenter size-large wp-image-5856\" src=\"http:\/\/bisbalpenedes.com\/web\/wp-content\/uploads\/2018\/05\/VOLUNTARIS-LA-BISBAL-1024x683.jpg\" alt=\"VOLUNTARIS LA BISBAL\" width=\"630\" height=\"420\" srcset=\"https:\/\/bisbalpenedes.com\/web\/wp-content\/uploads\/2018\/05\/VOLUNTARIS-LA-BISBAL-1024x683.jpg 1024w, https:\/\/bisbalpenedes.com\/web\/wp-content\/uploads\/2018\/05\/VOLUNTARIS-LA-BISBAL-600x400.jpg 600w, https:\/\/bisbalpenedes.com\/web\/wp-content\/uploads\/2018\/05\/VOLUNTARIS-LA-BISBAL-300x200.jpg 300w, https:\/\/bisbalpenedes.com\/web\/wp-content\/uploads\/2018\/05\/VOLUNTARIS-LA-BISBAL-768x512.jpg 768w\" sizes=\"(max-width: 630px) 100vw, 630px\" \/><\/a><\/p>\n<p style=\"text-align: justify;\"><span style=\"color: #000000;\">L\u2019Ajuntament de la Bisbal del Pened\u00e8s ha celebrat, aquest dimecres, un acte per retre homenatge als voluntaris que, de forma altruista, col\u00b7laboren en serveis municipals o activitats que s\u2019organitzen des de l\u2019Ajuntament.<\/span><\/p>\n<p style=\"text-align: justify;\"><span style=\"color: #000000;\">A l\u2019acte s\u2019hi han convidat 75 voluntaris que ajuden en activitats com ara la Cavalcada de Reis, els Tres Tombs o el Contacontes de la Biblioteca P\u00fablica i en els serveis del Banc d\u2019aliments o el \u2018Bon dia\u2019, que consisteix a trucar les persones grans del municipi per comprovar que estan b\u00e9 i oferir-los ajuda i suport en all\u00f2 que necessitin.<\/span><\/p>\n<p style=\"text-align: justify;\"><span style=\"color: #000000;\">Durant l\u2019acte, la Regidora de Cultura, Judit Vidal, ha destacat la gran tasca que fan els voluntaris i les volunt\u00e0ries al municipi i ha volgut remarcar que \u201cest\u00e0 molt orgullosa pel fet que, en l\u2019actualitat, es respiri aquesta cohesi\u00f3 i bon ambient entre persones al municipi\u201d. L\u2019alcaldessa de la Bisbal, Agn\u00e8s Ferr\u00e9, creu que \u00e9s molt important \u201cagrair la feina que fan totes aquestes persones, ja que gr\u00e0cies a elles, podem oferir serveis tan necessaris en l\u2019\u00e0mbit social i tamb\u00e9 podem mantenir una gran oferta cultural i d\u2019oci al municipi\u201d.<\/span><\/p>\n<hr \/>\n<p style=\"text-align: justify;\"><span style=\"color: #000000;\">CASTELLANO | El Ayuntamiento de la Bisbal del Pened\u00e8s ha celebrado, este mi\u00e9rcoles, un acto para rendir homenaje a los voluntarios que, de forma altruista, colaboran en servicios municipales o actividades que se organizan desde el Ayuntamiento.<\/span><\/p>\n<p style=\"text-align: justify;\"><span style=\"color: #000000;\">Al acto han sido invitados 75 voluntarios que ayudan en actividades como por ejemplo la Cabalgata de Reyes, los Tres Tombs o el Cuentacuentos de la Biblioteca P\u00fablica y en los servicios del Banc d&#8217;aliments o el &#8216;Bon dia&#8221;, que consiste en llamara a las personas mayores del municipio para comprobar que est\u00e1n bien y ofrecerles ayuda y soporte en aquello que necesiten.<\/span><\/p>\n<p style=\"text-align: justify;\"><span style=\"color: #000000;\">Durante el acto, la Regidora de Cultura, Judit Vidal, ha destacado el gran trabajo que hacen los voluntarios y las voluntarias del municipio y ha querido remarcar que &#8220;est\u00e1 muy orgullosa por el hecho que, en la actualidad, se respire esta cohesi\u00f3n y buen ambiente entre las personas del municipio&#8221;. La alcaldesa de la Bisbal, Agn\u00e8s Ferr\u00e9, cree que es muy importante &#8220;agradecer el trabajo que hacen todas estas personas, ya que gracias a ellas, se pueden ofrecer servicios tan necesarios en el \u00e1mbito social y tambi\u00e9n se puede mantener una gran oferta cultural y de ocio en el municipio&#8221;.<\/span><\/p>\n","protected":false},"excerpt":{"rendered":"<p>L\u2019Ajuntament de la Bisbal del Pened\u00e8s ha celebrat, aquest dimecres, un acte per retre homenatge als voluntaris que, de forma altruista, col\u00b7laboren en serveis municipals o activitats que s\u2019organitzen des &hellip; <a href=\"https:\/\/bisbalpenedes.com\/web\/2018\/05\/24\/lajuntament-de-la-bisbal-ret-homenatge-als-voluntaris-del-municipi\/\" class=\"more-link\">Read More<\/a><\/p>\n","protected":false},"author":4,"featured_media":5856,"comment_status":"closed","ping_status":"closed","sticky":false,"template":"","format":"standard","meta":[],"categories":[4],"tags":[1875,463,1467,1877,557,70,225,1876,999,228,468],"_links":{"self":[{"href":"https:\/\/bisbalpenedes.com\/web\/wp-json\/wp\/v2\/posts\/5855"}],"collection":[{"href":"https:\/\/bisbalpenedes.com\/web\/wp-json\/wp\/v2\/posts"}],"about":[{"href":"https:\/\/bisbalpenedes.com\/web\/wp-json\/wp\/v2\/types\/post"}],"author":[{"embeddable":true,"href":"https:\/\/bisbalpenedes.com\/web\/wp-json\/wp\/v2\/users\/4"}],"replies":[{"embeddable":true,"href":"https:\/\/bisbalpenedes.com\/web\/wp-json\/wp\/v2\/comments?post=5855"}],"version-history":[{"count":1,"href":"https:\/\/bisbalpenedes.com\/web\/wp-json\/wp\/v2\/posts\/5855\/revisions"}],"predecessor-version":[{"id":5857,"href":"https:\/\/bisbalpenedes.com\/web\/wp-json\/wp\/v2\/posts\/5855\/revisions\/5857"}],"wp:featuredmedia":[{"embeddable":true,"href":"https:\/\/bisbalpenedes.com\/web\/wp-json\/wp\/v2\/media\/5856"}],"wp:attachment":[{"href":"https:\/\/bisbalpenedes.com\/web\/wp-json\/wp\/v2\/media?parent=5855"}],"wp:term":[{"taxonomy":"category","embeddable":true,"href":"https:\/\/bisbalpenedes.com\/web\/wp-json\/wp\/v2\/categories?post=5855"},{"taxonomy":"post_tag","embeddable":true,"href":"https:\/\/bisbalpenedes.com\/web\/wp-json\/wp\/v2\/tags?post=5855"}],"curies":[{"name":"wp","href":"https:\/\/api.w.org\/{rel}","templated":true}]}}