{"id":5849,"date":"2018-05-22T10:24:52","date_gmt":"2018-05-22T09:24:52","guid":{"rendered":"http:\/\/bisbalpenedes.com\/web\/?p=5849"},"modified":"2018-05-24T10:51:55","modified_gmt":"2018-05-24T09:51:55","slug":"el-dijous-24-de-maig-a-les-20h-es-presenta-el-llibre-el-paper-moneda-al-baix-penedes-durant-la-guerra-civil-1936-1939-al-cmc","status":"publish","type":"post","link":"https:\/\/bisbalpenedes.com\/web\/2018\/05\/22\/el-dijous-24-de-maig-a-les-20h-es-presenta-el-llibre-el-paper-moneda-al-baix-penedes-durant-la-guerra-civil-1936-1939-al-cmc\/","title":{"rendered":"El dijous 24 de maig a les 20h es presenta el llibre &#8220;El paper moneda al Baix Pened\u00e8s durant la Guerra Civil (1936-1939)&#8221; al CMC"},"content":{"rendered":"<p><a href=\"http:\/\/bisbalpenedes.com\/web\/wp-content\/uploads\/2018\/05\/Cartell-La-Bisbal-PAPER-MONEDA.jpg\"><img loading=\"lazy\" class=\"aligncenter size-medium wp-image-5852\" src=\"http:\/\/bisbalpenedes.com\/web\/wp-content\/uploads\/2018\/05\/Cartell-La-Bisbal-PAPER-MONEDA-212x300.jpg\" alt=\"Cartell La Bisbal PAPER MONEDA\" width=\"212\" height=\"300\" srcset=\"https:\/\/bisbalpenedes.com\/web\/wp-content\/uploads\/2018\/05\/Cartell-La-Bisbal-PAPER-MONEDA-212x300.jpg 212w, https:\/\/bisbalpenedes.com\/web\/wp-content\/uploads\/2018\/05\/Cartell-La-Bisbal-PAPER-MONEDA.jpg 595w\" sizes=\"(max-width: 212px) 100vw, 212px\" \/><\/a><\/p>\n<p><span style=\"color: #000000;\">Aquest dijous a les 20h es presenta el llibre &#8220;El paper moneda al Baix Pened\u00e8s durant la Guerra Civil (1936-1939)&#8221; d&#8217;Isidre Aymerich i Bernal. L&#8217;acte de presentaci\u00f3 tindr\u00e0 lloc a les 20h i anir\u00e0 a c\u00e0rrec de Joan Sol\u00e9 i Bordes, membre de l&#8217;Institut d&#8217;Estudis Penedesencs.<\/span><\/p>\n<p><span style=\"color: #000000;\">El llibre \u00e9s obra d&#8217;Isidre Aymerich i Bernal, traspassat recentment, i \u00e9s un treball cur\u00f3s sorgit de l&#8217;autor que, segons l&#8217;Institut d&#8217;Estudis Penedesencs, era &#8220;un col\u00b7leccionista apassionat que trobava en elements quotidians una gran font d&#8217;inspiraci\u00f3&#8221;.<\/span><\/p>\n<p><span style=\"color: #000000;\">Els vals i el paper moneda que apareixen en el llibre s\u00f3n de la col\u00b7lecci\u00f3 que el mateix Aymerich va anar fent durant la seva vida i que van ser emesos per botigues i ajuntaments per fer front a la mancan\u00e7a de moneda fraccion\u00e0ria que dificultava el consum m\u00e9s b\u00e0sic. La Bisbal del Pened\u00e8s, com altres ajuntaments de Catalunya, l&#8217;any 1937 va emetre paper moneda de diferents valors. Existeixen bitllets de 0,50 impresos per la Impremta Barnadas i de 0,50 i 1 pesseta impresos per la Impremta Ramon.<\/span><\/p>\n<hr \/>\n<p><span style=\"color: #000000;\"><strong>CASTELLANO<\/strong> | Este jueves a las 20h se presenta el libro &#8220;El paper moneda al Baix Pened\u00e8s durant la Guerra Civil (1936-1939)&#8221; de Isidre Aymerich Bernal. El acto de presentaci\u00f3n tendr\u00e1 lugar a las 20h e ir\u00e1 a cargo de Joan Sol\u00e9 Bordes, miembro del Institut d&#8217;Estudis Penedesencs.<\/span><\/p>\n<p><span style=\"color: #000000;\">El libro es una obra de Isidre Aymerich Bernal, fallecido recientemente, y es un trabajo cuidadoso surgido del autor que, seg\u00fan el Institut d&#8217;Estudis Penedesencs, era &#8220;un coleccionista apasionado que encontraba en elementos cotidianos una gran fuente de inspiraci\u00f3n&#8221;.<\/span><\/p>\n<p><span style=\"color: #000000;\">Los vales y el papel moneda que aparecen en el libro son de la colecci\u00f3n que el mismo Aymerich fue haciendo durante su vida y que fueron emitidos por tiendas y ayuntamientos para hacer frente a la falta de moneda fraccionaria que dificultaba el consumo m\u00e1s b\u00e1sico. La Bisbal del Pened\u00e8s, como otros ayuntamientos de Catalunya, el a\u00f1o 1937 emiti\u00f3 papel moneda de diferentes valores. Existen billetes de 0,50 imprimidos por la Imprenta Barnadas y de 0,50 y 1 peseta impresos por la Imprenta Ramon.<\/span><\/p>\n<p>&nbsp;<\/p>\n","protected":false},"excerpt":{"rendered":"<p>Aquest dijous a les 20h es presenta el llibre &#8220;El paper moneda al Baix Pened\u00e8s durant la Guerra Civil (1936-1939)&#8221; d&#8217;Isidre Aymerich i Bernal. L&#8217;acte de presentaci\u00f3 tindr\u00e0 lloc a &hellip; <a href=\"https:\/\/bisbalpenedes.com\/web\/2018\/05\/22\/el-dijous-24-de-maig-a-les-20h-es-presenta-el-llibre-el-paper-moneda-al-baix-penedes-durant-la-guerra-civil-1936-1939-al-cmc\/\" class=\"more-link\">Read More<\/a><\/p>\n","protected":false},"author":4,"featured_media":5851,"comment_status":"closed","ping_status":"closed","sticky":false,"template":"","format":"standard","meta":[],"categories":[13],"tags":[427,852,1298,1873,1874,1211,1872,47,1871,48],"_links":{"self":[{"href":"https:\/\/bisbalpenedes.com\/web\/wp-json\/wp\/v2\/posts\/5849"}],"collection":[{"href":"https:\/\/bisbalpenedes.com\/web\/wp-json\/wp\/v2\/posts"}],"about":[{"href":"https:\/\/bisbalpenedes.com\/web\/wp-json\/wp\/v2\/types\/post"}],"author":[{"embeddable":true,"href":"https:\/\/bisbalpenedes.com\/web\/wp-json\/wp\/v2\/users\/4"}],"replies":[{"embeddable":true,"href":"https:\/\/bisbalpenedes.com\/web\/wp-json\/wp\/v2\/comments?post=5849"}],"version-history":[{"count":2,"href":"https:\/\/bisbalpenedes.com\/web\/wp-json\/wp\/v2\/posts\/5849\/revisions"}],"predecessor-version":[{"id":5854,"href":"https:\/\/bisbalpenedes.com\/web\/wp-json\/wp\/v2\/posts\/5849\/revisions\/5854"}],"wp:featuredmedia":[{"embeddable":true,"href":"https:\/\/bisbalpenedes.com\/web\/wp-json\/wp\/v2\/media\/5851"}],"wp:attachment":[{"href":"https:\/\/bisbalpenedes.com\/web\/wp-json\/wp\/v2\/media?parent=5849"}],"wp:term":[{"taxonomy":"category","embeddable":true,"href":"https:\/\/bisbalpenedes.com\/web\/wp-json\/wp\/v2\/categories?post=5849"},{"taxonomy":"post_tag","embeddable":true,"href":"https:\/\/bisbalpenedes.com\/web\/wp-json\/wp\/v2\/tags?post=5849"}],"curies":[{"name":"wp","href":"https:\/\/api.w.org\/{rel}","templated":true}]}}