{"id":5826,"date":"2018-05-22T10:08:45","date_gmt":"2018-05-22T09:08:45","guid":{"rendered":"http:\/\/bisbalpenedes.com\/web\/?p=5826"},"modified":"2018-05-22T10:08:45","modified_gmt":"2018-05-22T09:08:45","slug":"el-dia-5-de-juny-a-les-19h-tindra-lloc-una-reunio-informativa-sobre-la-fibra-optica-al-cmc","status":"publish","type":"post","link":"https:\/\/bisbalpenedes.com\/web\/2018\/05\/22\/el-dia-5-de-juny-a-les-19h-tindra-lloc-una-reunio-informativa-sobre-la-fibra-optica-al-cmc\/","title":{"rendered":"El dia 5 de juny a les 19h tindr\u00e0 lloc una reuni\u00f3 informativa sobre la fibra \u00f2ptica al CMC"},"content":{"rendered":"<p><a href=\"http:\/\/bisbalpenedes.com\/web\/wp-content\/uploads\/2018\/05\/DEb3PxMXsAEFvpt.jpg-large.jpeg\"><img loading=\"lazy\" class=\"aligncenter size-large wp-image-5827\" src=\"http:\/\/bisbalpenedes.com\/web\/wp-content\/uploads\/2018\/05\/DEb3PxMXsAEFvpt.jpg-large-1024x614.jpeg\" alt=\"FIBRA OPTICA\" width=\"630\" height=\"378\" srcset=\"https:\/\/bisbalpenedes.com\/web\/wp-content\/uploads\/2018\/05\/DEb3PxMXsAEFvpt.jpg-large-1024x614.jpeg 1024w, https:\/\/bisbalpenedes.com\/web\/wp-content\/uploads\/2018\/05\/DEb3PxMXsAEFvpt.jpg-large-600x360.jpeg 600w, https:\/\/bisbalpenedes.com\/web\/wp-content\/uploads\/2018\/05\/DEb3PxMXsAEFvpt.jpg-large-300x180.jpeg 300w, https:\/\/bisbalpenedes.com\/web\/wp-content\/uploads\/2018\/05\/DEb3PxMXsAEFvpt.jpg-large-768x461.jpeg 768w, https:\/\/bisbalpenedes.com\/web\/wp-content\/uploads\/2018\/05\/DEb3PxMXsAEFvpt.jpg-large.jpeg 1280w\" sizes=\"(max-width: 630px) 100vw, 630px\" \/><\/a><\/p>\n<p><span style=\"color: #000000;\">L\u2019Ajuntament de la Bisbal del Pened\u00e8s ha signat un acord amb l\u2019operador Adamo i el partner local Apfutura per fer possible l\u2019arribada de la fibra \u00f2ptica a la Bisbal. Els treballs d\u2019estesa del cablejat de fibra \u00f2ptica es duran a terme a partir d\u2019aquest mes de juny i permetran que les llars o empreses que estiguin connectades puguin tenir una velocitat de desc\u00e0rrega de 1.000 Mb i 300 Mb de pujada a un preu molt competitiu.<\/span><\/p>\n<p><span style=\"color: #000000;\"><strong>El dia 5 de juny a les 19h el Centre Municipal de Cultura (CMC) acollir\u00e0 una reuni\u00f3 informativa<\/strong> que servir\u00e0 per mostrar als ve\u00efns i les ve\u00efnes de la Bisbal els serveis que s\u2019oferiran a partir del desplegament de la fibra \u00f2ptica al municipi i resoldre els dubtes que els bisbalencs i les bisbalenques puguin tenir.<\/span><\/p>\n<p><span style=\"color: #000000;\">L\u2019empresa ha informat l\u2019Ajuntament que els primers clients a contractar el servei d\u2019Adamo gaudiran d\u2019una oferta de llan\u00e7ament amb 3 mesos de servei gratu\u00eft i que tamb\u00e9 s\u2019oferiran\u00a0 condicions especials a aquells ve\u00efns que s\u2019hagin registrat de forma pr\u00e8via a <a style=\"color: #000000;\" href=\"http:\/\/fiberhood.adamo.es\/ca\/tarragona\/la-bisbal-del-penedes\">http:\/\/fiberhood.adamo.es\/ca\/tarragona\/la-bisbal-del-penedes<\/a><\/span><\/p>\n<p><span style=\"color: #000000;\">Adamo \u00e9s un operador de fibra \u00f2ptica regional enfocat a noves zones urbanes d\u2019alta densitat de poblaci\u00f3 i zones rurals. \u00c9s una empresa d\u2019origen suec i la seva seu principal est\u00e0 ubicada a Barcelona.<\/span><\/p>\n<p>&nbsp;<\/p>\n<p><span style=\"color: #000000;\">CASTELLANO | El Ayuntamiento de la Bisbal del Pened\u00e8s ha firmado un acuerdo con el operador Adamo y el partner local Apfutura para hacer posible la llegada de la fibra \u00f3ptica a la Bisbal. Los trabajos de tendido de cable de fibra \u00f3ptica se llevar\u00e1n a cabo a partir de este mes de junio y permitir\u00e1n que las casas o las empresas que est\u00e9n conectadas puedan tener una velocidad de descarga de 1.000 Mb y 300 Mb de subida a un precio muy competitivo.<\/span><\/p>\n<p><span style=\"color: #000000;\"><strong>El d\u00eda 5 de junio a las 19h el Centre Municipal de Cultura (CMC) acoger\u00e1 una reuni\u00f3n informativa<\/strong> que servir\u00e1 para mostrar a los vecinos y vecinas de la Bisbal los servicios que se ofrecer\u00e1n a partir del desplegamiento de la fibra \u00f3ptica en el municipio y resolver las dudas que los bisbalencs y las bisbalenques puedan tener.<\/span><\/p>\n<p><span style=\"color: #000000;\">La empresa ha informado al Ayuntamiento que los primeros clientes en contratar el servicio de Adamo disfrutar\u00e1n de una oferta de lanzamiento con 3 meses de servicio gratis y que tambi\u00e9n se ofrecer\u00e1n condiciones especiales a aquellos vecinos que se hayan registrado de forma previa en\u00a0<a style=\"color: #000000;\" href=\"http:\/\/fiberhood.adamo.es\/ca\/tarragona\/la-bisbal-del-penedes\" target=\"_blank\">http:\/\/fiberhood.adamo.es\/ca\/tarragona\/la-bisbal-del-penedes<\/a>\u00a0<\/span><\/p>\n<p><span style=\"color: #000000;\">Adamo es un operador de fibra \u00f3ptica regional enfocado a nuevas zonas urbanas de alta densidad de poblaci\u00f3n y zonas rurales. Es una empresa de origen sueco y su sede principal est\u00e1 ubicada en Barcelona.<\/span><\/p>\n","protected":false},"excerpt":{"rendered":"<p>L\u2019Ajuntament de la Bisbal del Pened\u00e8s ha signat un acord amb l\u2019operador Adamo i el partner local Apfutura per fer possible l\u2019arribada de la fibra \u00f2ptica a la Bisbal. Els &hellip; <a href=\"https:\/\/bisbalpenedes.com\/web\/2018\/05\/22\/el-dia-5-de-juny-a-les-19h-tindra-lloc-una-reunio-informativa-sobre-la-fibra-optica-al-cmc\/\" class=\"more-link\">Read More<\/a><\/p>\n","protected":false},"author":4,"featured_media":5827,"comment_status":"closed","ping_status":"closed","sticky":false,"template":"","format":"standard","meta":[],"categories":[4],"tags":[1099,1869,1098,397],"_links":{"self":[{"href":"https:\/\/bisbalpenedes.com\/web\/wp-json\/wp\/v2\/posts\/5826"}],"collection":[{"href":"https:\/\/bisbalpenedes.com\/web\/wp-json\/wp\/v2\/posts"}],"about":[{"href":"https:\/\/bisbalpenedes.com\/web\/wp-json\/wp\/v2\/types\/post"}],"author":[{"embeddable":true,"href":"https:\/\/bisbalpenedes.com\/web\/wp-json\/wp\/v2\/users\/4"}],"replies":[{"embeddable":true,"href":"https:\/\/bisbalpenedes.com\/web\/wp-json\/wp\/v2\/comments?post=5826"}],"version-history":[{"count":1,"href":"https:\/\/bisbalpenedes.com\/web\/wp-json\/wp\/v2\/posts\/5826\/revisions"}],"predecessor-version":[{"id":5828,"href":"https:\/\/bisbalpenedes.com\/web\/wp-json\/wp\/v2\/posts\/5826\/revisions\/5828"}],"wp:featuredmedia":[{"embeddable":true,"href":"https:\/\/bisbalpenedes.com\/web\/wp-json\/wp\/v2\/media\/5827"}],"wp:attachment":[{"href":"https:\/\/bisbalpenedes.com\/web\/wp-json\/wp\/v2\/media?parent=5826"}],"wp:term":[{"taxonomy":"category","embeddable":true,"href":"https:\/\/bisbalpenedes.com\/web\/wp-json\/wp\/v2\/categories?post=5826"},{"taxonomy":"post_tag","embeddable":true,"href":"https:\/\/bisbalpenedes.com\/web\/wp-json\/wp\/v2\/tags?post=5826"}],"curies":[{"name":"wp","href":"https:\/\/api.w.org\/{rel}","templated":true}]}}