{"id":5823,"date":"2018-05-22T09:52:08","date_gmt":"2018-05-22T08:52:08","guid":{"rendered":"http:\/\/bisbalpenedes.com\/web\/?p=5823"},"modified":"2018-05-28T08:40:17","modified_gmt":"2018-05-28T07:40:17","slug":"del-28-de-maig-al-15-de-juny-es-podran-fer-les-inscripcions-per-al-casal-destiu","status":"publish","type":"post","link":"https:\/\/bisbalpenedes.com\/web\/2018\/05\/22\/del-28-de-maig-al-15-de-juny-es-podran-fer-les-inscripcions-per-al-casal-destiu\/","title":{"rendered":"Del 28 de maig al 15 de juny es podran fer les inscripcions per al Casal d&#8217;Estiu"},"content":{"rendered":"<p style=\"text-align: justify;\"><span style=\"color: #000000;\">La Junta de Govern del passat dijous 17 de maig va aprovar l\u2019adjudicaci\u00f3 de la contractaci\u00f3 dels serveis de Casal d\u2019Estiu i de Nadal al Grup d\u2019Entitats El Vendrell Educaci\u00f3 i Lleure (La Ballaruga), l\u2019empresa que va obtenir la puntuaci\u00f3 m\u00e9s alta en el concurs mitjan\u00e7ant procediment obert que va convocar l\u2019Ajuntament.<\/span><\/p>\n<p style=\"text-align: justify;\"><span style=\"color: #000000;\">El contracte tindr\u00e0 una durada de 4 anys i \u00e9s per un import anual de 27.060,68\u20ac (IVA incl\u00f2s).<\/span><\/p>\n<p style=\"text-align: justify;\"><span style=\"color: #000000;\">El servei de Casal d\u2019Estiu s\u2019adre\u00e7a a majors de 3 anys i enguany comen\u00e7ar\u00e0 el dilluns 25 de juny i estar\u00e0 en funcionament fins al divendres 7 de setembre. L\u2019horari ser\u00e0 de 8 a 13.30h (de 8 a 9h l\u2019arribada dels nens pot ser progressiva). El fil conductor seran els detectius i s\u2019oferiran diverses activitats, gimcanes, sortides i tallers en relaci\u00f3 amb aquesta tem\u00e0tica. El preu per als participants ser\u00e0 de 35\u20ac la setmana o 60\u20ac la quinzena (sempre que es facin dues setmanes seguides, no separades) i les inscripcions es podran fer a les oficines municipals del 28 de maig al 15 de juny de 2018. La Regidoria de Lleure informa que <strong>el dia 7 de juny a les 20h l\u2019auditori Salb\u00e0 del CMC acollir\u00e0 una reuni\u00f3 informativa adre\u00e7ada als pares, mares i tutors dels nens i nenes que es vulguin apuntar al Casal d\u2019Estiu.<\/strong><\/span><\/p>\n<p style=\"text-align: justify;\"><span style=\"color: #000000;\">El Casal de Nadal, tamb\u00e9 incl\u00f2s en aquest contracte, funcionar\u00e0 els dies laborables de les vacances escolars de Nadal.<\/span><\/p>\n<hr \/>\n<p style=\"text-align: justify;\"><span style=\"color: #000000;\"><strong>CASTELLANO<\/strong> | La Junta de Gobierno del pasado jueves 17 de mayo aprob\u00f3 la adjudicaci\u00f3n de la contrataci\u00f3n de los servicios de Casal d\u2019Estiu y de Navidad al Grup d\u2019Entitats El Vendrell Educaci\u00f3 i Lleure (La Ballaruga), la empresa que obtuvo la puntuaci\u00f3n m\u00e1s alta en el concurso mediante procedimiento abierto que convoc\u00f3 el Ayuntamiento. El contrato tendr\u00e1 una duraci\u00f3n de 4 a\u00f1os y es por un importe anual de 27.060,68\u20ac (IVA incluido).<\/span><\/p>\n<p style=\"text-align: justify;\"><span style=\"color: #000000;\">El servicio de Casal d\u2019Estiu est\u00e1 dirigido a mayores de 3 a\u00f1os y este a\u00f1o empezar\u00e1 el lunes 25 de junio y estar\u00e1 en funcionamiento hasta el viernes 7 de septiembre. El horario ser\u00e1 de 8 a 13.30h (de 8 a 9h la llegada de los ni\u00f1os puede ser progresiva). El hilo conductor ser\u00e1n los detectives y se ofrecer\u00e1n varias actividades, gincanas, salidas y talleres en relaci\u00f3n con esta tem\u00e1tica. El precio para los participantes ser\u00e1 de 35\u20ac la semana o 60\u20ac la quincena (siempre que se hagan dos semanas seguidas, no separadas) y las inscripciones se podr\u00e1n hacer en las oficinas municipales del 28 de mayo al 15 de junio del 2018. La Regidoria de Lleure informa que <strong>el d\u00eda 7 de junio a las 20h el auditorio Salb\u00e0 del CMC acoger\u00e1 una reuni\u00f3n informativa dirigida a los padres, madres y tutores de los ni\u00f1os y ni\u00f1as que se quieran apuntar al Casal d\u2019Estiu.<\/strong><\/span><\/p>\n<p style=\"text-align: justify;\"><span style=\"color: #000000;\">El Casal de Navidad, tambi\u00e9n incluido en este contrato, funcionar\u00e1 los d\u00edas laborables de las vacaciones escolares de Navidad.<\/span><\/p>\n<p style=\"text-align: justify;\"><a href=\"http:\/\/bisbalpenedes.com\/web\/wp-content\/uploads\/2018\/05\/11666297_1596168157313081_6614401210856548947_n.jpg\"><img loading=\"lazy\" class=\"aligncenter size-medium wp-image-5836\" src=\"http:\/\/bisbalpenedes.com\/web\/wp-content\/uploads\/2018\/05\/11666297_1596168157313081_6614401210856548947_n-300x225.jpg\" alt=\"casal d'estiu 2\" width=\"300\" height=\"225\" srcset=\"https:\/\/bisbalpenedes.com\/web\/wp-content\/uploads\/2018\/05\/11666297_1596168157313081_6614401210856548947_n-300x225.jpg 300w, https:\/\/bisbalpenedes.com\/web\/wp-content\/uploads\/2018\/05\/11666297_1596168157313081_6614401210856548947_n-600x450.jpg 600w, https:\/\/bisbalpenedes.com\/web\/wp-content\/uploads\/2018\/05\/11666297_1596168157313081_6614401210856548947_n-768x576.jpg 768w, https:\/\/bisbalpenedes.com\/web\/wp-content\/uploads\/2018\/05\/11666297_1596168157313081_6614401210856548947_n.jpg 960w\" sizes=\"(max-width: 300px) 100vw, 300px\" \/><\/a><\/p>\n<hr \/>\n<p style=\"text-align: justify;\"><span style=\"color: #000000;\"><strong>CASAL D&#8217;ESTIU SOLIDARI<\/strong><\/span><\/p>\n<div class=\"_1mf _1mj\" style=\"text-align: justify;\" data-offset-key=\"6pnef-0-0\"><span style=\"color: #000000;\" data-offset-key=\"6pnef-0-0\"><span data-text=\"true\">La Regidora de Serveis Socials, Maguy Antol\u00edn, informa que els alumnes contemplats als Serveis Socials municipals tindran dret al Casal d&#8217;Estiu Solidari, garantint d&#8217;aquesta manera la igualtat d&#8217;oportunitats des de la infantesa. <\/span><\/span><\/div>\n<div class=\"_1mf _1mj\" style=\"text-align: justify;\" data-offset-key=\"drvpd-0-0\"><\/div>\n<div class=\"_1mf _1mj\" style=\"text-align: justify;\" data-offset-key=\"drvpd-0-0\">\n<hr \/>\n<\/div>\n<div class=\"_1mf _1mj\" style=\"text-align: justify;\" data-offset-key=\"drvpd-0-0\"><\/div>\n<div class=\"_1mf _1mj\" style=\"text-align: justify;\" data-offset-key=\"1m0ep-0-0\"><span style=\"color: #000000;\" data-offset-key=\"1m0ep-0-0\"><span data-text=\"true\"><strong>CASTELLANO<\/strong> | La Regidora de Servicios Sociales, Maguy Antol\u00edn, informa de que los alumnos contemplados en los Servicios Sociales municipales tendr\u00e1n derecho al Casal d&#8217;Estiu Solidario, garantizando de esta manera la igualdad de oportunidades desde la infancia. <\/span><\/span><\/div>\n<div class=\"\" data-block=\"true\" data-editor=\"8h9lq\" data-offset-key=\"6abht-0-0\">\n<p class=\"_1mf _1mj\" style=\"text-align: justify;\" data-offset-key=\"6abht-0-0\">\n<\/div>\n","protected":false},"excerpt":{"rendered":"<p>La Junta de Govern del passat dijous 17 de maig va aprovar l\u2019adjudicaci\u00f3 de la contractaci\u00f3 dels serveis de Casal d\u2019Estiu i de Nadal al Grup d\u2019Entitats El Vendrell Educaci\u00f3 &hellip; <a href=\"https:\/\/bisbalpenedes.com\/web\/2018\/05\/22\/del-28-de-maig-al-15-de-juny-es-podran-fer-les-inscripcions-per-al-casal-destiu\/\" class=\"more-link\">Read More<\/a><\/p>\n","protected":false},"author":4,"featured_media":5825,"comment_status":"closed","ping_status":"closed","sticky":false,"template":"","format":"standard","meta":[],"categories":[398],"tags":[244,1870,1400,1866,109,273,245,816,1390,1389,1867,397,130,1868],"_links":{"self":[{"href":"https:\/\/bisbalpenedes.com\/web\/wp-json\/wp\/v2\/posts\/5823"}],"collection":[{"href":"https:\/\/bisbalpenedes.com\/web\/wp-json\/wp\/v2\/posts"}],"about":[{"href":"https:\/\/bisbalpenedes.com\/web\/wp-json\/wp\/v2\/types\/post"}],"author":[{"embeddable":true,"href":"https:\/\/bisbalpenedes.com\/web\/wp-json\/wp\/v2\/users\/4"}],"replies":[{"embeddable":true,"href":"https:\/\/bisbalpenedes.com\/web\/wp-json\/wp\/v2\/comments?post=5823"}],"version-history":[{"count":9,"href":"https:\/\/bisbalpenedes.com\/web\/wp-json\/wp\/v2\/posts\/5823\/revisions"}],"predecessor-version":[{"id":5888,"href":"https:\/\/bisbalpenedes.com\/web\/wp-json\/wp\/v2\/posts\/5823\/revisions\/5888"}],"wp:featuredmedia":[{"embeddable":true,"href":"https:\/\/bisbalpenedes.com\/web\/wp-json\/wp\/v2\/media\/5825"}],"wp:attachment":[{"href":"https:\/\/bisbalpenedes.com\/web\/wp-json\/wp\/v2\/media?parent=5823"}],"wp:term":[{"taxonomy":"category","embeddable":true,"href":"https:\/\/bisbalpenedes.com\/web\/wp-json\/wp\/v2\/categories?post=5823"},{"taxonomy":"post_tag","embeddable":true,"href":"https:\/\/bisbalpenedes.com\/web\/wp-json\/wp\/v2\/tags?post=5823"}],"curies":[{"name":"wp","href":"https:\/\/api.w.org\/{rel}","templated":true}]}}