{"id":5818,"date":"2018-05-21T10:05:38","date_gmt":"2018-05-21T09:05:38","guid":{"rendered":"http:\/\/bisbalpenedes.com\/web\/?p=5818"},"modified":"2018-05-21T10:06:58","modified_gmt":"2018-05-21T09:06:58","slug":"lajuntament-inicia-una-campanya-casa-per-casa-per-facilitar-informacio-sobre-el-funcionament-del-nou-servei-de-bus-urba-i-lapp-ebando","status":"publish","type":"post","link":"https:\/\/bisbalpenedes.com\/web\/2018\/05\/21\/lajuntament-inicia-una-campanya-casa-per-casa-per-facilitar-informacio-sobre-el-funcionament-del-nou-servei-de-bus-urba-i-lapp-ebando\/","title":{"rendered":"L&#8217;Ajuntament inicia una campanya casa per casa per facilitar informaci\u00f3 sobre el funcionament del nou servei de bus urb\u00e0 i l&#8217;app eBando"},"content":{"rendered":"<p style=\"text-align: justify;\"><span style=\"color: #000000;\">Amb motiu d\u2019explicar a la ciutadania com funcionar\u00e0 el nou servei de bus urb\u00e0 i l\u2019aplicaci\u00f3 per a \u00a0m\u00f2bil eBando, des d\u2019alcaldia s\u2019ha considerat oport\u00fa contractar una persona des de la segona quinzena de maig i fins a finals de setembre perqu\u00e8 expliqui ambd\u00f3s serveis porta per porta:<\/span><\/p>\n<p style=\"text-align: justify; padding-left: 30px;\"><span style=\"color: #000000;\"><strong>-El nou servei de bus urb\u00e0<\/strong> entrar\u00e0 en funcionament el dia 1 de juliol. Es tracta d\u2019un servei que funcionar\u00e0 sota demanda amb l\u2019objectiu d\u2019ampliar els horaris, arribar a tot el municipi (fins ara el servei no arribava a Santa Cristina, el Papagai, l\u2019Ortig\u00f3s i els Pol\u00edgons Industrials) i, en definitiva, millorar el servei actual. El nou servei funcionar\u00e0 mitjan\u00e7ant un aplicatiu m\u00f2bil que l\u2019informador explicar\u00e0 als ve\u00efns.<\/span><\/p>\n<p style=\"text-align: justify; padding-left: 30px;\"><span style=\"color: #000000;\"><strong>-Ebando \u00e9s una aplicaci\u00f3 m\u00f2bil<\/strong> que permet als seus usuaris estar informats de l\u2019acci\u00f3 de govern i de les activitats que organitzen l\u2019Ajuntament i les entitats del municipi. Aquest aplicatiu permet que, encara que no fem \u00fas de cap xarxa social, rebem la informaci\u00f3 d\u2019actualitat, de forma gratu\u00efta, al nostre tel\u00e8fon m\u00f2bil.<\/span><\/p>\n<p style=\"text-align: justify;\"><span style=\"color: #000000;\">El porta a porta comen\u00e7ar\u00e0 aquest dimecres 23 de maig i la primera zona que visitar\u00e0 l\u2019informador ser\u00e0 la Miralba.<\/span><\/p>\n<p style=\"text-align: justify;\"><span style=\"color: #000000;\"><u>Informaci\u00f3 sobre la contractaci\u00f3<\/u><\/span><\/p>\n<p style=\"text-align: justify;\"><span style=\"color: #000000;\">El passat mes de mar\u00e7 es va sol\u00b7licitar un conveni de col\u00b7laboraci\u00f3 amb el Servei d\u2019Ocupaci\u00f3 de Catalunya per contractar una persona amb perfil comercial o amb experi\u00e8ncia amb el tracte amb el p\u00fablic i amb coneixement de les noves tecnologies amb la finalitat de dur a terme una campanya informativa casa per casa (porta a porta). Aquest lloc de feina es va oferir als usuaris del SOM Bisbal i tamb\u00e9 als que formaven part del llistat del SOC. Un dels requisits indispensables per a accedir a aquest lloc de feina era que la persona que hi volgu\u00e9s accedir estigues cobrant el subsidi o l\u2019atur durant el contracte (fins a finals de setembre).\u00a0 Finalment aquesta feina la realitzar\u00e0 un bisbalenc amb experi\u00e8ncia en l\u2019\u00e0mbit comercial i amb coneixements de les noves tecnologies.<\/span><\/p>\n<hr \/>\n<p style=\"text-align: justify;\"><span style=\"color: #000000;\"><strong>CASTELLANO |<\/strong> Con motivo de explicar a la ciudadan\u00eda como funcionar\u00e1 el nuevo servicio de bus urbano y la aplicaci\u00f3n para m\u00f3vil eBando, desde alcald\u00eda se ha considerado oportuno contratar una persona desde la segunda quincena de mayo hasta finales de septiembre para que explique ambos servicios puerta por puerta.<\/span><\/p>\n<p style=\"text-align: justify; padding-left: 30px;\"><span style=\"color: #000000;\"><strong>-El nuevo servicio de bus urbano:<\/strong> entrar\u00e1 en funcionamiento el d\u00eda 1 de julio. Se trata de un servicio que funcionar\u00e1 bajo demanda con el objetivo de ampliar los horarios, llegar a todo el municipio (hasta ahora el servicio no llegaba a Santa Cristina, el Papagai, l\u2019Ortig\u00f3s y los pol\u00edgonos industriales) y, en definitiva, mejorar el servicio actual. El nuevo servicio funcionar\u00e1 mediante una aplicaci\u00f3n m\u00f3vil que el informador explicar\u00e1 a los vecinos.<\/span><\/p>\n<p style=\"text-align: justify; padding-left: 30px;\"><span style=\"color: #000000;\"><strong>-Ebando es una aplicaci\u00f3n m\u00f3vil<\/strong> que permite a sus usuarios estar informados de la acci\u00f3n de gobierno y de las actividades que organizan el Ayuntamiento y las entidades del municipio. Este aplicativo permite que, aunque no hagamos uso de ninguna red social, recibamos la informaci\u00f3n de actualidad, de forma gratuita, en nuestro tel\u00e9fono m\u00f3vil.<\/span><\/p>\n<p style=\"text-align: justify;\"><span style=\"color: #000000;\">El puerta a puerta empezar\u00e1 este mi\u00e9rcoles 23 de mayo y la primera zona que visitar\u00e1 el informador ser\u00e1 La Miralba.<\/span><\/p>\n<p style=\"text-align: justify;\"><span style=\"color: #000000;\"><u>Informaci\u00f3n sobre la contrataci\u00f3n<\/u><\/span><\/p>\n<p style=\"text-align: justify;\"><span style=\"color: #000000;\">El pasado mes de marzo se solicit\u00f3 un convenio de colaboraci\u00f3n con el Servei d\u2019Ocupaci\u00f3 de Catalunya para contratar una persona con perfil comercial o con experiencia con el trato con el p\u00fablico y con conocimiento de las nuevas tecnolog\u00edas con la finalidad e llevar a cabo una campa\u00f1a informativa casa por casa (puerta por puerta). Este puesto de trabajo se ofreci\u00f3 a los usuarios del SOM Bisbal y tambi\u00e9n a los que formaban parte del listado del SOC. Uno de los requisitos indispensables para acceder a este puesto de trabajo era que la persona que quisiera acceder estuviese cobrando el subsidio o el paro durante el contrato (hasta finales de septiembre). Finalmente este trabajo lo realizar\u00e1 un bisbalenc con experiencia en el \u00e1mbito comercial y conocimientos de nuevas tecnolog\u00edas.<\/span><\/p>\n","protected":false},"excerpt":{"rendered":"<p>Amb motiu d\u2019explicar a la ciutadania com funcionar\u00e0 el nou servei de bus urb\u00e0 i l\u2019aplicaci\u00f3 per a \u00a0m\u00f2bil eBando, des d\u2019alcaldia s\u2019ha considerat oport\u00fa contractar una persona des de &hellip; <a href=\"https:\/\/bisbalpenedes.com\/web\/2018\/05\/21\/lajuntament-inicia-una-campanya-casa-per-casa-per-facilitar-informacio-sobre-el-funcionament-del-nou-servei-de-bus-urba-i-lapp-ebando\/\" class=\"more-link\">Read More<\/a><\/p>\n","protected":false},"author":4,"featured_media":5683,"comment_status":"closed","ping_status":"closed","sticky":false,"template":"","format":"standard","meta":[],"categories":[4],"tags":[1864,1302,788,727,821,1606,1448,604,1865,24,200,1862,623,999,1863],"_links":{"self":[{"href":"https:\/\/bisbalpenedes.com\/web\/wp-json\/wp\/v2\/posts\/5818"}],"collection":[{"href":"https:\/\/bisbalpenedes.com\/web\/wp-json\/wp\/v2\/posts"}],"about":[{"href":"https:\/\/bisbalpenedes.com\/web\/wp-json\/wp\/v2\/types\/post"}],"author":[{"embeddable":true,"href":"https:\/\/bisbalpenedes.com\/web\/wp-json\/wp\/v2\/users\/4"}],"replies":[{"embeddable":true,"href":"https:\/\/bisbalpenedes.com\/web\/wp-json\/wp\/v2\/comments?post=5818"}],"version-history":[{"count":3,"href":"https:\/\/bisbalpenedes.com\/web\/wp-json\/wp\/v2\/posts\/5818\/revisions"}],"predecessor-version":[{"id":5821,"href":"https:\/\/bisbalpenedes.com\/web\/wp-json\/wp\/v2\/posts\/5818\/revisions\/5821"}],"wp:featuredmedia":[{"embeddable":true,"href":"https:\/\/bisbalpenedes.com\/web\/wp-json\/wp\/v2\/media\/5683"}],"wp:attachment":[{"href":"https:\/\/bisbalpenedes.com\/web\/wp-json\/wp\/v2\/media?parent=5818"}],"wp:term":[{"taxonomy":"category","embeddable":true,"href":"https:\/\/bisbalpenedes.com\/web\/wp-json\/wp\/v2\/categories?post=5818"},{"taxonomy":"post_tag","embeddable":true,"href":"https:\/\/bisbalpenedes.com\/web\/wp-json\/wp\/v2\/tags?post=5818"}],"curies":[{"name":"wp","href":"https:\/\/api.w.org\/{rel}","templated":true}]}}