{"id":5805,"date":"2018-05-21T08:39:35","date_gmt":"2018-05-21T07:39:35","guid":{"rendered":"http:\/\/bisbalpenedes.com\/web\/?p=5805"},"modified":"2018-05-29T16:25:05","modified_gmt":"2018-05-29T15:25:05","slug":"del-28-de-maig-a-l1-de-juny-tindra-lloc-la-primera-setmana-de-lempresa-i-locupacio-a-la-bisbal","status":"publish","type":"post","link":"https:\/\/bisbalpenedes.com\/web\/2018\/05\/21\/del-28-de-maig-a-l1-de-juny-tindra-lloc-la-primera-setmana-de-lempresa-i-locupacio-a-la-bisbal\/","title":{"rendered":"Del 28 de maig a l&#8217;1 de juny tindr\u00e0 lloc la primera Setmana de l&#8217;Empresa i l&#8217;Ocupaci\u00f3 a la Bisbal"},"content":{"rendered":"<p><a href=\"http:\/\/bisbalpenedes.com\/web\/wp-content\/uploads\/2018\/05\/FLYER_TRIFOLD_EMPRESES_2018_INT_6.jpg\"><img loading=\"lazy\" class=\"aligncenter size-full wp-image-5809\" src=\"http:\/\/bisbalpenedes.com\/web\/wp-content\/uploads\/2018\/05\/FLYER_TRIFOLD_EMPRESES_2018_INT_6.jpg\" alt=\"FLYER_TRIFOLD_EMPRESES_2018_INT_6\" width=\"9675\" height=\"2475\" \/><\/a><\/p>\n<p style=\"text-align: justify;\"><span style=\"color: #000000;\">L\u2019Ajuntament de la Bisbal del Pened\u00e8s celebrar\u00e0 la Setmana de l\u2019Empresa i Ocupaci\u00f3 del 28 del maig a l\u20191 de juny. La iniciativa neix amb la intenci\u00f3 de potenciar la interacci\u00f3 de l\u2019administraci\u00f3 local amb les empreses, els comer\u00e7os, els emprenedors, els aut\u00f2noms i els desocupats amb la finalitat de millorar l\u2019ocupabilitat de la poblaci\u00f3 de la Bisbal, incrementar i potenciar el teixit comercial i empresarial local i oferir formaci\u00f3 adequada a les necessitats de les empreses.<\/span><\/p>\n<p style=\"text-align: justify;\"><span style=\"color: #000000;\">\u00c9s per aquest motiu que la Regidoria d\u2019Ocupaci\u00f3 ha organitzat diverses activitats que tindran lloc entre el 28 de maig i l\u20191 de juny. L\u2019alcaldessa de la Bisbal i regidora d\u2019Ocupaci\u00f3, Agn\u00e8s Ferr\u00e9, pensa que \u201caquesta primera Setmana de l\u2019Empresa i Ocupaci\u00f3 pot ajudar a donar m\u00e9s visibilitat als col\u00b7lectius relacionats amb l\u2019ocupaci\u00f3 que tenim al municipi i al nostre entorn\u201d. Alhora, ha remarcat que \u201cdes de la Regidoria d\u2019Ocupaci\u00f3 i el SOM Bisbal treballem cada dia per millorar l\u2019ocupabilitat i enfortir la relaci\u00f3 que mantenim amb tots els actors que formen part del teixit comercial i empresarial del municipi. No obstant aix\u00f2, creiem que la celebraci\u00f3 d\u2019aquesta setmana ens apropar\u00e0 i millorar\u00e0 encara m\u00e9s la nostra interacci\u00f3 amb empresaris, botiguers, aut\u00f2noms, treballadors o aturats i ens injectar\u00e0 una bona dosi de motivaci\u00f3 a tots plegats\u2019.<\/span><\/p>\n<p style=\"text-align: justify;\"><span style=\"color: #000000;\"><strong>PROGRAMA D\u2019ACTIVITATS<\/strong><\/span><\/p>\n<p style=\"padding-left: 30px; text-align: justify;\"><span style=\"color: #000000;\"><u>-Dilluns 28 de maig a les 19h al Centre Municipal de Cultura:<\/u><\/span><\/p>\n<p style=\"padding-left: 30px; text-align: justify;\"><span style=\"color: #000000;\"><strong>Confer\u00e8ncia \u2018Valors d\u2019emprendre\u2019 a c\u00e0rrec de Maria Batet,<\/strong> entrenadora d\u2019Habilitats d\u2019emprenedors.<\/span><\/p>\n<p style=\"padding-left: 30px; text-align: justify;\"><span style=\"color: #000000;\">Es tracta d\u2019una xerrada destinada a emprenedors i emprenedores que han iniciat l\u2019aventura d\u2019un nou negoci o que estan plantejant-se iniciar un nou projecte emprenedor.<\/span><\/p>\n<p style=\"padding-left: 30px; text-align: justify;\"><span style=\"color: #000000;\">En acabar hi haur\u00e0 un aperitiu per als assistents.<\/span><\/p>\n<p style=\"padding-left: 30px; text-align: justify;\"><span style=\"color: #000000;\"><u>-Dimarts 29 de maig a les 10.30h al Centre Municipal de Cultura:<\/u><\/span><\/p>\n<p style=\"padding-left: 30px; text-align: justify;\"><span style=\"color: #000000;\"><strong>Confer\u00e8ncia \u2018Les noves tecnologies aplicades al m\u00f3n laboral&#8217; a c\u00e0rrec de Mar V\u00e0zquez d\u2019UGT Formaci\u00f3.<\/strong><\/span><\/p>\n<p style=\"padding-left: 30px; text-align: justify;\"><span style=\"color: #000000;\">Una xerrada per aconseguir que internet sigui el nostre aliat i no el nostre enemic a l\u2019hora de buscar feina.<\/span><\/p>\n<p style=\"padding-left: 30px; text-align: justify;\"><span style=\"color: #000000;\">En acabar hi haur\u00e0 un aperitiu per als assistents.<\/span><\/p>\n<p style=\"padding-left: 30px; text-align: justify;\"><span style=\"color: #000000;\"><u>-Dimarts 29 de maig a les 20.15h al Centre Municipal de Cultura:<\/u><\/span><\/p>\n<p style=\"padding-left: 30px; text-align: justify;\"><span style=\"color: #000000;\"><strong>\u2018Dones empres\u00e0ries\u2019, acte que anir\u00e0 a c\u00e0rrec de \u2018Dones d\u2019Empresa\u2019 Pened\u00e8s-Garraf. <\/strong><\/span><\/p>\n<p style=\"padding-left: 30px; text-align: justify;\"><span style=\"color: #000000;\">Presentaci\u00f3 i<strong> pon\u00e8ncia \u2018La figura de la dona a l\u2019empresa\u2019.<\/strong><\/span><\/p>\n<p style=\"padding-left: 30px; text-align: justify;\"><span style=\"color: #000000;\">L\u2019empres\u00e0ria local<strong> Marta Ca\u00f1\u00eds, propiet\u00e0ria i gerent de la Resid\u00e8ncia d\u2019avis El Colomer, compartir\u00e0 amb nosaltres la seva experi\u00e8ncia.<\/strong><\/span><\/p>\n<p style=\"padding-left: 30px; text-align: justify;\"><span style=\"color: #000000;\">En acabar hi haur\u00e0 un aperitiu per als assistents.<\/span><\/p>\n<p style=\"padding-left: 30px; text-align: justify;\"><span style=\"color: #000000;\"><u>-Dimecres 30 de maig a les 20.30h al Centre Municipal de Cultura:<\/u><\/span><\/p>\n<p style=\"padding-left: 30px; text-align: justify;\"><span style=\"color: #000000;\"><strong>Confer\u00e8ncia \u2018Reptes de comer\u00e7 de futur\u2019 a c\u00e0rrec de Muntsa Vilalta, Directora General de Comer\u00e7 de Catalunya.<\/strong><\/span><\/p>\n<p style=\"padding-left: 30px; text-align: justify;\"><span style=\"color: #000000;\">Xerrada adre\u00e7ada als botiguers i comerciants de la Bisbal.<\/span><\/p>\n<p style=\"padding-left: 30px; text-align: justify;\"><span style=\"color: #000000;\">En acabar hi haur\u00e0 un aperitiu per als assistents.<\/span><\/p>\n<p style=\"padding-left: 30px; text-align: justify;\"><span style=\"color: #000000;\"><u>-Dijous 31 de maig de 10.00h a 14.00h, al Centre Municipal<\/u><u> de Cultura:<\/u><\/span><\/p>\n<p style=\"padding-left: 30px; text-align: justify;\"><span style=\"color: #000000;\"><strong>Fira organitzada per la Cambra de Comer\u00e7 de Tarragona destinada als joves de Garantia Juvenil amb diversos tallers i xerrades amb empreses del territori.<\/strong><\/span><\/p>\n<p style=\"padding-left: 30px; text-align: justify;\"><span style=\"color: #000000;\"><u>-Dijous 31 de maig a les 19h al Centre Municipal de Cultura:<\/u><\/span><\/p>\n<p style=\"padding-left: 30px; text-align: justify;\"><span style=\"color: #000000;\"><strong>Idiada, una de les empreses m\u00e9s grans del pol\u00edgon industrial de la Bisbal ens explica i ens ensenya el funcionament de les seves instal\u00b7lacions (l&#8217;acte tindr\u00e0 lloc al CMC).<\/strong><\/span><\/p>\n<p style=\"padding-left: 30px; text-align: justify;\"><span style=\"color: #000000;\"><u>-Divendres 1 de juny, durant el mat\u00ed, a Mas Llagostera:<\/u><\/span><\/p>\n<p style=\"padding-left: 30px; text-align: justify;\"><span style=\"color: #000000;\"><strong>Espai sobre ocupaci\u00f3 i formaci\u00f3 adre\u00e7at a les empreses convidades a l\u2019esdeveniment.<\/strong><\/span><\/p>\n<p style=\"padding-left: 30px; text-align: justify;\"><span style=\"color: #000000;\">Amb les intervencions de:<\/span><\/p>\n<p style=\"padding-left: 30px; text-align: justify;\"><span style=\"color: #000000;\">Carme Mansilla, directora dels Serveis Territorials d\u2019Empresa i Coneixement.<\/span><\/p>\n<p style=\"padding-left: 30px; text-align: justify;\"><span style=\"color: #000000;\">Agn\u00e8s Ferr\u00e9, alcaldessa de la Bisbal i regidora d\u2019Ocupaci\u00f3.<\/span><\/p>\n<p style=\"padding-left: 30px; text-align: justify;\"><span style=\"color: #000000;\">Pere Saumoy, regidor d\u2019Hisenda de l\u2019Ajuntament de la Bisbal del Pened\u00e8s<\/span><\/p>\n<p style=\"padding-left: 30px; text-align: justify;\"><span style=\"color: #000000;\">Representants de la Cambra de Comer\u00e7 de Tarragona<\/span><\/p>\n<p style=\"padding-left: 30px; text-align: justify;\"><span style=\"color: #000000;\">Representants de la Federaci\u00f3 Empresarial del Gran Pened\u00e8s (FEGP)<\/span><\/p>\n<p style=\"padding-left: 30px; text-align: justify;\"><span style=\"color: #000000;\">Representants de la Fundaci\u00f3 Santa Teresa.<\/span><\/p>\n<p style=\"padding-left: 30px; text-align: justify;\"><span style=\"color: #000000;\">Hi haur\u00e0 un esmorzar i, en finalitzar, una copa de cava.<\/span><\/p>\n<p style=\"text-align: justify;\"><span style=\"color: #99cc00;\"><strong><em>Per a les\u00a0activitats que es fan de dilluns a dijous, cal confirmar assist\u00e8ncia al correu electr\u00f2nic ocupacio@bisbalpenedes.com<\/em><\/strong><\/span><\/p>\n<p style=\"text-align: justify;\"><span style=\"color: #000000;\"><a style=\"color: #000000;\" href=\"http:\/\/bisbalpenedes.com\/web\/wp-content\/uploads\/2018\/05\/FLYER_TRIFOLD_EMPRESES_2018_CAS_6.jpg\"><img loading=\"lazy\" class=\"aligncenter size-full wp-image-5808\" src=\"http:\/\/bisbalpenedes.com\/web\/wp-content\/uploads\/2018\/05\/FLYER_TRIFOLD_EMPRESES_2018_CAS_6.jpg\" alt=\"FLYER_TRIFOLD_EMPRESES_2018_CAS_6\" width=\"9745\" height=\"2475\" \/><\/a><\/span><\/p>\n<p style=\"text-align: justify;\"><span style=\"color: #000000;\"><strong>CASTELLANO |\u00a0<\/strong><\/span><\/p>\n<p style=\"text-align: justify;\"><span style=\"color: #000000;\">El Ayuntamiento de la Bisbal del Pened\u00e8s celebrar\u00e1 la Semana de la Empresa y la Ocupaci\u00f3n del 28 de mayo al 1 de junio. La iniciativa nace con la intenci\u00f3n de potenciar la interacci\u00f3n de la administraci\u00f3n local con las empresas, los comercios, los emprendedores, los aut\u00f3nomos y los desocupados con la finalidad de mejorar la ocupabilidad de la poblaci\u00f3n de la Bisbal, incrementar y potenciar el tejido comercial y empresarial local y ofrecer formaci\u00f3n adecuada a las necesidades de las empresas.<\/span><\/p>\n<p style=\"text-align: justify;\"><span style=\"color: #000000;\">Es por este motivo que la Regidoria de Ocupaci\u00f3n ha organizado varias actividades que tendr\u00e1n lugar entre el 28 de mayo y el 1 de junio. La alcaldesa de la Bisbal y regidora de Ocupaci\u00f3n, Agn\u00e8s Ferr\u00e9, piensa que &#8220;esta primera Semana de la Empresa y la Ocupaci\u00f3n puede ayudar a dar m\u00e1s visibilidad a los colectivos relacionados con la ocupaci\u00f3n que tenemos en el municipio y en nuestro entorno&#8221;. Adem\u00e1s, ha remarcado que &#8220;desde la Regidoria de Ocupaci\u00f3n y el SOM Bisbal trabajamos cada d\u00eda para mejorar la ocupabilidad y fortalecer la relaci\u00f3n que mantenemos con todos los actores que forman parte del tejido comercial y empresarial del municipio. No obstante, creemos que la celebraci\u00f3n de esta semana nos acercar\u00e1 y mejorar\u00e1 todav\u00eda m\u00e1s nuestra interacci\u00f3n con empresarios, tenderos, aut\u00f3nomos, trabajadores o parados y nos inyectar\u00e1 una buena dosis de motivaci\u00f3n a todos&#8221;.<\/span><\/p>\n<p style=\"text-align: justify;\"><span style=\"color: #000000;\"><strong>PROGRAMA DE ACTIVIDADES<\/strong><\/span><\/p>\n<p style=\"padding-left: 30px; text-align: justify;\"><span style=\"text-decoration: underline; color: #000000;\">-Lunes 28 de mayo a las 19h en el Centre Municipal de Cultura:<\/span><\/p>\n<p style=\"padding-left: 30px; text-align: justify;\"><span style=\"color: #000000;\"><strong>Conferencia &#8216;Valores de emprender&#8217; a cargo de Maria Batet, entrenadora de Habilidades de emprendedores.<\/strong><\/span><\/p>\n<p style=\"padding-left: 30px; text-align: justify;\"><span style=\"color: #000000;\">Se trata de una charla destinada a emprendedores y emprendedoras que han iniciado la aventura de un nuevo negocio o que est\u00e1n plante\u00e1ndose iniciar un nuevo proyecto emprendedor.<\/span><\/p>\n<p style=\"padding-left: 30px; text-align: justify;\"><span style=\"color: #000000;\">Al finalizar habr\u00e1 un aperitivo para los asistentes.<\/span><\/p>\n<p style=\"padding-left: 30px; text-align: justify;\"><span style=\"text-decoration: underline; color: #000000;\">-Martes 29 de mayo a las 10.30h en el Centre Municipal de Cultura:<\/span><\/p>\n<p style=\"padding-left: 30px; text-align: justify;\"><span style=\"color: #000000;\"><strong>Conferencia &#8216;Las nuevas tecnolog\u00edas aplicadas al mundo laboral&#8217; a cargo de Mar V\u00e0zquez de UGT Formaci\u00f3n.<\/strong><\/span><\/p>\n<p style=\"padding-left: 30px; text-align: justify;\"><span style=\"color: #000000;\">Una charla para conseguir que internet sea nuestro aliado y no nuestro enemigo cuando busquemos trabajo.<\/span><\/p>\n<p style=\"padding-left: 30px; text-align: justify;\"><span style=\"color: #000000;\">Al finalizar habr\u00e1 un aperitivo para los asistentes.<\/span><\/p>\n<p style=\"padding-left: 30px; text-align: justify;\"><span style=\"text-decoration: underline; color: #000000;\">-Martes 29 de mayo a las 20.15h en el Centre Municipal de Cultura:<\/span><\/p>\n<p style=\"padding-left: 30px; text-align: justify;\"><span style=\"color: #000000;\">&#8216;Dones empres\u00e0ries&#8217;, acto que ir\u00e1 a cargo de <strong>&#8216;Dones d&#8217;Empresa<\/strong>&#8216; Pened\u00e8s-Garraf.<\/span><\/p>\n<p style=\"padding-left: 30px; text-align: justify;\"><span style=\"color: #000000;\"><strong>Presentaci\u00f3n y ponencia &#8216;La figura de la mujer en la empresa&#8217;.<\/strong><\/span><\/p>\n<p style=\"padding-left: 30px; text-align: justify;\"><span style=\"color: #000000;\"><strong>La empresaria local Marta Ca\u00f1\u00eds, propietaria y gerente de la Residencia de abuelos El Colomer, compartir\u00e1 con nosotros su experiencia.<\/strong><\/span><\/p>\n<p style=\"padding-left: 30px; text-align: justify;\"><span style=\"color: #000000;\">Al finalizar habr\u00e1 un aperitivo para los asistentes.<\/span><\/p>\n<p style=\"padding-left: 30px; text-align: justify;\"><span style=\"text-decoration: underline; color: #000000;\">-Mi\u00e9rcoles 30 de mayo a las 20.30h en el Centre Municipal de Cultura:<\/span><\/p>\n<p style=\"padding-left: 30px; text-align: justify;\"><span style=\"color: #000000;\"><strong>Conferencia &#8216;Retos de comercio de futuro&#8217; a cargo de Muntsa Vilalta, Directora General de Comer\u00e7 de Catalunya.<\/strong><\/span><\/p>\n<p style=\"padding-left: 30px; text-align: justify;\"><span style=\"color: #000000;\">Charla dirigida a los tenderos y comerciantes de la Bisbal.<\/span><\/p>\n<p style=\"padding-left: 30px; text-align: justify;\"><span style=\"color: #000000;\">Al finalizar habr\u00e1 un aperitivo para los asistentes.<\/span><\/p>\n<p style=\"padding-left: 30px; text-align: justify;\"><span style=\"text-decoration: underline; color: #000000;\">-Jueves 31 de mayo de 10h a 14h en el Centre Municipal de Cultura:<\/span><\/p>\n<p style=\"padding-left: 30px; text-align: justify;\"><span style=\"color: #000000;\"><strong>Feria organizada por la Cambra de Comer\u00e7 de Tarragona destinada a los j\u00f3venes de Garant\u00eda Juvenil con varios talleres y charlas con empresas del territorio.<\/strong><\/span><\/p>\n<p style=\"padding-left: 30px; text-align: justify;\"><span style=\"text-decoration: underline; color: #000000;\">-Jueves 31 de mayo a las 19h en el Centre Municipal de Cultura:<\/span><\/p>\n<p style=\"padding-left: 30px; text-align: justify;\"><span style=\"color: #000000;\"><strong>Idiada, una de las empresas m\u00e1s grandes del pol\u00edgono industrial de la Bisbal nos explica y ense\u00f1a el funcionamiento de sus instalaciones (el acto tendr\u00e1 lugar en el CMC).<\/strong><\/span><\/p>\n<p style=\"padding-left: 30px; text-align: justify;\"><span style=\"text-decoration: underline; color: #000000;\">-Viernes 1 de junio, durante la ma\u00f1ana, en Mas Llagostera:<\/span><\/p>\n<p style=\"padding-left: 30px; text-align: justify;\"><span style=\"color: #000000;\"><strong>Espacio sobre ocupaci\u00f3n y formaci\u00f3n dirigido a las empresas invitadas al evento.<\/strong><\/span><\/p>\n<p style=\"padding-left: 30px; text-align: justify;\"><span style=\"color: #000000;\">Con las intervenciones de:<\/span><\/p>\n<p style=\"padding-left: 30px; text-align: justify;\"><span style=\"color: #000000;\">Carme Mansilla, directora de los Serveis Territorials d\u2019Empresa i Coneixement.<\/span><\/p>\n<p style=\"padding-left: 30px; text-align: justify;\"><span style=\"color: #000000;\">Agn\u00e8s Ferr\u00e9, alcaldesa de la Bisbal i regidora\u00a0de Ocupaci\u00f3n<\/span><\/p>\n<p style=\"padding-left: 30px; text-align: justify;\"><span style=\"color: #000000;\">Pere Saumoy, regidor\u00a0de Hacienda de el Ayuntamiento de la Bisbal del Pened\u00e8s<\/span><\/p>\n<p style=\"padding-left: 30px; text-align: justify;\"><span style=\"color: #000000;\">Representantes de la Cambra de Comer\u00e7 de Tarragona<\/span><\/p>\n<p style=\"padding-left: 30px; text-align: justify;\"><span style=\"color: #000000;\">Representantes de la Federaci\u00f3 Empresarial del Gran Pened\u00e8s (FEGP)<\/span><\/p>\n<p style=\"padding-left: 30px; text-align: justify;\"><span style=\"color: #000000;\">Representantes de la Fundaci\u00f3 Santa Teresa.<\/span><\/p>\n<p style=\"padding-left: 30px; text-align: justify;\"><span style=\"color: #000000;\">Habr\u00e1 un desayuno y, al finalizar, una copa de cava.<\/span><\/p>\n<p style=\"text-align: justify;\"><span style=\"color: #99cc00;\"><strong><em>Para las actividades que se hacen del lunes al jueves, hay que confirmar asistencia en el correo electr\u00f3nico\u00a0<\/em><em>ocupacio@bisbalpenedes.com<\/em><\/strong><\/span><\/p>\n<p>&nbsp;<\/p>\n<p>&nbsp;<\/p>\n","protected":false},"excerpt":{"rendered":"<p>L\u2019Ajuntament de la Bisbal del Pened\u00e8s celebrar\u00e0 la Setmana de l\u2019Empresa i Ocupaci\u00f3 del 28 del maig a l\u20191 de juny. La iniciativa neix amb la intenci\u00f3 de potenciar la &hellip; <a href=\"https:\/\/bisbalpenedes.com\/web\/2018\/05\/21\/del-28-de-maig-a-l1-de-juny-tindra-lloc-la-primera-setmana-de-lempresa-i-locupacio-a-la-bisbal\/\" class=\"more-link\">Read More<\/a><\/p>\n","protected":false},"author":4,"featured_media":5807,"comment_status":"closed","ping_status":"closed","sticky":false,"template":"","format":"standard","meta":[],"categories":[8,9],"tags":[230,163,417,1860,1251,1513,329,419,1856,1858,1324,326,1327,1861,1854,1853,1857,1859,10,1851,271,1855,1852],"_links":{"self":[{"href":"https:\/\/bisbalpenedes.com\/web\/wp-json\/wp\/v2\/posts\/5805"}],"collection":[{"href":"https:\/\/bisbalpenedes.com\/web\/wp-json\/wp\/v2\/posts"}],"about":[{"href":"https:\/\/bisbalpenedes.com\/web\/wp-json\/wp\/v2\/types\/post"}],"author":[{"embeddable":true,"href":"https:\/\/bisbalpenedes.com\/web\/wp-json\/wp\/v2\/users\/4"}],"replies":[{"embeddable":true,"href":"https:\/\/bisbalpenedes.com\/web\/wp-json\/wp\/v2\/comments?post=5805"}],"version-history":[{"count":8,"href":"https:\/\/bisbalpenedes.com\/web\/wp-json\/wp\/v2\/posts\/5805\/revisions"}],"predecessor-version":[{"id":5890,"href":"https:\/\/bisbalpenedes.com\/web\/wp-json\/wp\/v2\/posts\/5805\/revisions\/5890"}],"wp:featuredmedia":[{"embeddable":true,"href":"https:\/\/bisbalpenedes.com\/web\/wp-json\/wp\/v2\/media\/5807"}],"wp:attachment":[{"href":"https:\/\/bisbalpenedes.com\/web\/wp-json\/wp\/v2\/media?parent=5805"}],"wp:term":[{"taxonomy":"category","embeddable":true,"href":"https:\/\/bisbalpenedes.com\/web\/wp-json\/wp\/v2\/categories?post=5805"},{"taxonomy":"post_tag","embeddable":true,"href":"https:\/\/bisbalpenedes.com\/web\/wp-json\/wp\/v2\/tags?post=5805"}],"curies":[{"name":"wp","href":"https:\/\/api.w.org\/{rel}","templated":true}]}}