{"id":5800,"date":"2018-05-18T14:36:50","date_gmt":"2018-05-18T13:36:50","guid":{"rendered":"http:\/\/bisbalpenedes.com\/web\/?p=5800"},"modified":"2018-05-18T15:28:59","modified_gmt":"2018-05-18T14:28:59","slug":"la-regidoria-de-cultura-ha-donat-un-lot-de-16-llibres-a-linstitut-coster-de-la-torre","status":"publish","type":"post","link":"https:\/\/bisbalpenedes.com\/web\/2018\/05\/18\/la-regidoria-de-cultura-ha-donat-un-lot-de-16-llibres-a-linstitut-coster-de-la-torre\/","title":{"rendered":"La Regidoria de Cultura ha fet una donaci\u00f3 de 16 llibres a l&#8217;Institut Coster de la Torre"},"content":{"rendered":"<p><a href=\"http:\/\/bisbalpenedes.com\/web\/wp-content\/uploads\/2018\/05\/DONACIO-LLIBRES-BISBALENCS-INSTITUT.jpg\"><img loading=\"lazy\" class=\"size-medium wp-image-5802 aligncenter\" src=\"http:\/\/bisbalpenedes.com\/web\/wp-content\/uploads\/2018\/05\/DONACIO-LLIBRES-BISBALENCS-INSTITUT-300x278.jpg\" alt=\"cof\" width=\"300\" height=\"278\" srcset=\"https:\/\/bisbalpenedes.com\/web\/wp-content\/uploads\/2018\/05\/DONACIO-LLIBRES-BISBALENCS-INSTITUT-300x278.jpg 300w, https:\/\/bisbalpenedes.com\/web\/wp-content\/uploads\/2018\/05\/DONACIO-LLIBRES-BISBALENCS-INSTITUT-600x557.jpg 600w, https:\/\/bisbalpenedes.com\/web\/wp-content\/uploads\/2018\/05\/DONACIO-LLIBRES-BISBALENCS-INSTITUT-768x713.jpg 768w, https:\/\/bisbalpenedes.com\/web\/wp-content\/uploads\/2018\/05\/DONACIO-LLIBRES-BISBALENCS-INSTITUT-1024x950.jpg 1024w\" sizes=\"(max-width: 300px) 100vw, 300px\" \/><\/a><\/p>\n<p style=\"text-align: justify;\"><span style=\"color: #000000;\">La Regidoria de Cultura ha\u00a0entregat un lot de 16 llibres seleccionats per la Biblioteca P\u00fablica de la Bisbal a l&#8217;Institut Coster de la Torre. Es tracta d&#8217;una col\u00b7lecci\u00f3 amb tots els volums editats per l&#8217;Ajuntament de la Bisbal del Pened\u00e8s en els \u00faltims 20 anys que cont\u00e9 obres relacionades amb la hist\u00f2ria, els costums, les tradicions, el paisatge i l&#8217;entorn del municipi. La voluntat de la Regidoria de Cultura \u00e9s potenciar la col\u00b7laboraci\u00f3 amb l&#8217;Institut i facilitar l&#8217;acc\u00e9s i el coneixement de la bibliografia local als escolars amb la finalitat que, tant els alumnes com el professorat, puguin trobar llibres que recullin la hist\u00f2ria, la cultura i la idiosincr\u00e0sia del municipi a la Biblioteca del centre.<\/span><\/p>\n<hr \/>\n<p style=\"text-align: justify;\"><span style=\"color: #000000;\"><strong>CASTELLANO<\/strong> | La Regidoria de Cultura ha entregado un lote de 16 libros seleccionados por la Biblioteca P\u00fablica de la Bisbal al Instituto Coster de la Torre. Se trata de una colecci\u00f3n con todos los vol\u00famenes editados por el Ayuntamiento de la Bisbal del Pened\u00e8s en los \u00faltimos 20 a\u00f1os que contiene obras relacionadas con la historia, las costumbres, las tradiciones, el paisaje y el entorno del municipio. La voluntad de la Regidoria de Cultura es potenciar la colaboraci\u00f3n con el instituto y facilitar el acceso y el conocimiento de la bibliograf\u00eda local a los escolares con la finalidad que, tanto los alumnos como el profesorado, puedan encontrar libros que recojan la historia, la cultura y la idiosincrasia del municipio en la Biblioteca del centro.<\/span><\/p>\n","protected":false},"excerpt":{"rendered":"<p>La Regidoria de Cultura ha\u00a0entregat un lot de 16 llibres seleccionats per la Biblioteca P\u00fablica de la Bisbal a l&#8217;Institut Coster de la Torre. Es tracta d&#8217;una col\u00b7lecci\u00f3 amb tots &hellip; <a href=\"https:\/\/bisbalpenedes.com\/web\/2018\/05\/18\/la-regidoria-de-cultura-ha-donat-un-lot-de-16-llibres-a-linstitut-coster-de-la-torre\/\" class=\"more-link\">Read More<\/a><\/p>\n","protected":false},"author":4,"featured_media":5802,"comment_status":"closed","ping_status":"closed","sticky":false,"template":"","format":"standard","meta":[],"categories":[13],"tags":[1849,332,225,94,1850,566,148],"_links":{"self":[{"href":"https:\/\/bisbalpenedes.com\/web\/wp-json\/wp\/v2\/posts\/5800"}],"collection":[{"href":"https:\/\/bisbalpenedes.com\/web\/wp-json\/wp\/v2\/posts"}],"about":[{"href":"https:\/\/bisbalpenedes.com\/web\/wp-json\/wp\/v2\/types\/post"}],"author":[{"embeddable":true,"href":"https:\/\/bisbalpenedes.com\/web\/wp-json\/wp\/v2\/users\/4"}],"replies":[{"embeddable":true,"href":"https:\/\/bisbalpenedes.com\/web\/wp-json\/wp\/v2\/comments?post=5800"}],"version-history":[{"count":2,"href":"https:\/\/bisbalpenedes.com\/web\/wp-json\/wp\/v2\/posts\/5800\/revisions"}],"predecessor-version":[{"id":5804,"href":"https:\/\/bisbalpenedes.com\/web\/wp-json\/wp\/v2\/posts\/5800\/revisions\/5804"}],"wp:featuredmedia":[{"embeddable":true,"href":"https:\/\/bisbalpenedes.com\/web\/wp-json\/wp\/v2\/media\/5802"}],"wp:attachment":[{"href":"https:\/\/bisbalpenedes.com\/web\/wp-json\/wp\/v2\/media?parent=5800"}],"wp:term":[{"taxonomy":"category","embeddable":true,"href":"https:\/\/bisbalpenedes.com\/web\/wp-json\/wp\/v2\/categories?post=5800"},{"taxonomy":"post_tag","embeddable":true,"href":"https:\/\/bisbalpenedes.com\/web\/wp-json\/wp\/v2\/tags?post=5800"}],"curies":[{"name":"wp","href":"https:\/\/api.w.org\/{rel}","templated":true}]}}