{"id":5796,"date":"2018-05-18T13:41:30","date_gmt":"2018-05-18T12:41:30","guid":{"rendered":"http:\/\/bisbalpenedes.com\/web\/?p=5796"},"modified":"2018-05-18T13:41:30","modified_gmt":"2018-05-18T12:41:30","slug":"enquesta-de-la-regidoria-de-serveis-socials-sobre-el-centre-de-dia","status":"publish","type":"post","link":"https:\/\/bisbalpenedes.com\/web\/2018\/05\/18\/enquesta-de-la-regidoria-de-serveis-socials-sobre-el-centre-de-dia\/","title":{"rendered":"Enquesta de la Regidoria de Serveis Socials sobre el Centre de Dia"},"content":{"rendered":"<p><strong><u>REGIDORIA DE SERVEIS SOCIALS<\/u><\/strong><\/p>\n<p><strong>ENQUESTA PR\u00c8VIA PER A LA CREACI\u00d3 DEL SERVEI DE CENTRE DE DIA<\/strong><\/p>\n<p>Des de Serveis Socials i amb la intenci\u00f3 de posar en funcionament el servei de Centre de Dia per a la gent gran que necessita d\u2019una atenci\u00f3 sociosanit\u00e0ria personalitzada, sol\u00b7licitem que les fam\u00edlies interessades en aquest servei s\u2019adrecin a la Regidoria de Serveis Socials de l\u2019Ajuntament per a poder-los-hi facilitar informaci\u00f3 de preus i servei.<\/p>\n<p>&nbsp;<\/p>\n<p>Moltes gr\u00e0cies.<\/p>\n<p><strong>Atentament,<\/strong><\/p>\n<p><strong>Maguy Antol\u00edn Manso<\/strong><\/p>\n<p><strong>Regidora de Serveis Socials i Educaci\u00f3<\/strong><\/p>\n<p><strong>Ajuntament de la Bisbal del Pened\u00e8s<\/strong><\/p>\n<p>&nbsp;<\/p>\n<hr \/>\n<p>&nbsp;<\/p>\n<p><strong>ENCUESTA PREVIA PARA LA CREACI\u00d3N DEL SERVICIO DE CENTRO DE D\u00cdA<\/strong><\/p>\n<p>Desde Servicios Sociales y con la intenci\u00f3n de poner en funcionamiento el servicio de Centro de D\u00eda para las personas mayores que necesiten atenci\u00f3n sociosanitaria personalizada, solicitamos que las familias interesadas en este servicio se dirijan a la Regidoria de Servicios Sociales del Ayuntamiento para poder facilitarles informaci\u00f3n de precios y servicio.<\/p>\n<p>&nbsp;<\/p>\n<p>Muchas gracias.<\/p>\n<p><strong>Atentamente,<\/strong><\/p>\n<p><strong>Maguy Antol\u00edn Manso<\/strong><\/p>\n<p><strong>Regidora de Servicios Sociales y Educaci\u00f3n<\/strong><\/p>\n<p><strong>Ayuntamiento de la Bisbal del Pened\u00e8s<\/strong><\/p>\n","protected":false},"excerpt":{"rendered":"<p>REGIDORIA DE SERVEIS SOCIALS ENQUESTA PR\u00c8VIA PER A LA CREACI\u00d3 DEL SERVEI DE CENTRE DE DIA Des de Serveis Socials i amb la intenci\u00f3 de posar en funcionament el servei &hellip; <a href=\"https:\/\/bisbalpenedes.com\/web\/2018\/05\/18\/enquesta-de-la-regidoria-de-serveis-socials-sobre-el-centre-de-dia\/\" class=\"more-link\">Read More<\/a><\/p>\n","protected":false},"author":4,"featured_media":4174,"comment_status":"closed","ping_status":"closed","sticky":false,"template":"","format":"standard","meta":[],"categories":[975],"tags":[1848,1847,466,268],"_links":{"self":[{"href":"https:\/\/bisbalpenedes.com\/web\/wp-json\/wp\/v2\/posts\/5796"}],"collection":[{"href":"https:\/\/bisbalpenedes.com\/web\/wp-json\/wp\/v2\/posts"}],"about":[{"href":"https:\/\/bisbalpenedes.com\/web\/wp-json\/wp\/v2\/types\/post"}],"author":[{"embeddable":true,"href":"https:\/\/bisbalpenedes.com\/web\/wp-json\/wp\/v2\/users\/4"}],"replies":[{"embeddable":true,"href":"https:\/\/bisbalpenedes.com\/web\/wp-json\/wp\/v2\/comments?post=5796"}],"version-history":[{"count":1,"href":"https:\/\/bisbalpenedes.com\/web\/wp-json\/wp\/v2\/posts\/5796\/revisions"}],"predecessor-version":[{"id":5797,"href":"https:\/\/bisbalpenedes.com\/web\/wp-json\/wp\/v2\/posts\/5796\/revisions\/5797"}],"wp:featuredmedia":[{"embeddable":true,"href":"https:\/\/bisbalpenedes.com\/web\/wp-json\/wp\/v2\/media\/4174"}],"wp:attachment":[{"href":"https:\/\/bisbalpenedes.com\/web\/wp-json\/wp\/v2\/media?parent=5796"}],"wp:term":[{"taxonomy":"category","embeddable":true,"href":"https:\/\/bisbalpenedes.com\/web\/wp-json\/wp\/v2\/categories?post=5796"},{"taxonomy":"post_tag","embeddable":true,"href":"https:\/\/bisbalpenedes.com\/web\/wp-json\/wp\/v2\/tags?post=5796"}],"curies":[{"name":"wp","href":"https:\/\/api.w.org\/{rel}","templated":true}]}}