{"id":5785,"date":"2018-05-18T08:51:30","date_gmt":"2018-05-18T07:51:30","guid":{"rendered":"http:\/\/bisbalpenedes.com\/web\/?p=5785"},"modified":"2018-05-18T10:16:59","modified_gmt":"2018-05-18T09:16:59","slug":"els-alumnes-de-4t-de-linstitut-coster-de-la-torre-tiraran-endavant-un-projecte-de-servei-comunitari","status":"publish","type":"post","link":"https:\/\/bisbalpenedes.com\/web\/2018\/05\/18\/els-alumnes-de-4t-de-linstitut-coster-de-la-torre-tiraran-endavant-un-projecte-de-servei-comunitari\/","title":{"rendered":"Els alumnes de 4t de l\u2019Institut Coster de la Torre tiraran endavant un projecte de servei comunitari"},"content":{"rendered":"<p>La Junta de Govern Local ha aprovat un conveni de col\u00b7laboraci\u00f3 amb el Departament d\u2019Ensenyament de la Generalitat de Catalunya a iniciativa de l\u2019Institut Coster de la Torre amb la finalitat de promoure un Projecte de Servei Comunitari per a l\u2019alumnat d\u2019Educaci\u00f3 Secund\u00e0ria Obligat\u00f2ria com a instrument per a desenvolupar la compet\u00e8ncia social i ciutadana.<\/p>\n<p style=\"text-align: justify;\"><span style=\"color: #000000;\">Des de l\u2019Institut Coster de la Torre han proposat als ajuntaments dels municipis d\u2019Albinyana, El Montmell, Lloren\u00e7 del Pened\u00e8s, Sant Jaume dels Domenys i la Bisbal del Pened\u00e8s, \u00e9s a dir, els pobles d\u2019on provenen els alumnes que van a l\u2019institut bisbalenc, que signin aquest conveni de col\u00b7laboraci\u00f3 amb la finalitat que la tem\u00e0tica del projecte, que s\u2019iniciar\u00e0 el proper curs escolar, sigui la recollida d\u2019aliments i altres productes per a col\u00b7lectius desafavorits. Els alumnes que participaran en el projecte seran els que cursin quart d\u2019ESO i, mitjan\u00e7ant aquesta iniciativa que promou l\u2019educaci\u00f3 en valors i el comprom\u00eds c\u00edvic, treballaran un model d\u2019aprenentatge que els portar\u00e0 a analitzar l\u2019entorn i comprometre\u2019s a la millora del servei a la comunitat.<\/span><\/p>\n<p style=\"text-align: justify;\"><span style=\"color: #000000;\"><strong>CASTELLANO<\/strong> | La Junta de Gobierno Local ha aprobado un convenio de colaboraci\u00f3n con el Departament d&#8217;Ensenyament de la Generalitat de Catalunya a iniciativa del Institut Coster de la Torre con la finalidad de promover un Projecte de Servei Comunitario para el alumnado de Educaci\u00f3n Secundaria Obigatoria como instrumento para desarrollar la competencia social y ciudadana.<\/span><\/p>\n<p style=\"text-align: justify;\"><span style=\"color: #000000;\">Desde el Instituto Coster de la Torre han propuesto a los ayuntamientos de los municipios de Albinyana, El Montmell, Lloren\u00e7 del Pened\u00e8s, Sant Jaume dels Domenys y la Bisbal del Pened\u00e8s, es decir, los pueblos de donde provienen los alumnos que van al instituto de la Bisbal, que firmen este convenio de colaboraci\u00f3n con la finalidad que el tema del proyecto, que se iniciar\u00e1 el pr\u00f3ximo curso escolar, sea la recogida de alimentos y otros productos para los colectivos desfavorecidos. Los alumnos que participaran en el proyecto ser\u00e1n los de cuarto de la ESO y, mediante esta iniciativa que promueve la educaci\u00f3n en valores y el compromiso c\u00edvico, trabajaran un modelo de aprendizaje que los llevar\u00e1 a analizar el entorno y comprometerse con la mejora del servicio a la comunidad.<\/span><\/p>\n","protected":false},"excerpt":{"rendered":"<p>La Junta de Govern Local ha aprovat un conveni de col\u00b7laboraci\u00f3 amb el Departament d\u2019Ensenyament de la Generalitat de Catalunya a iniciativa de l\u2019Institut Coster de la Torre amb la &hellip; <a href=\"https:\/\/bisbalpenedes.com\/web\/2018\/05\/18\/els-alumnes-de-4t-de-linstitut-coster-de-la-torre-tiraran-endavant-un-projecte-de-servei-comunitari\/\" class=\"more-link\">Read More<\/a><\/p>\n","protected":false},"author":4,"featured_media":5786,"comment_status":"closed","ping_status":"closed","sticky":false,"template":"","format":"standard","meta":[],"categories":[16],"tags":[1840,1836,832,1838,1839,332,1841,1837,566,393,925,484,1842,430],"_links":{"self":[{"href":"https:\/\/bisbalpenedes.com\/web\/wp-json\/wp\/v2\/posts\/5785"}],"collection":[{"href":"https:\/\/bisbalpenedes.com\/web\/wp-json\/wp\/v2\/posts"}],"about":[{"href":"https:\/\/bisbalpenedes.com\/web\/wp-json\/wp\/v2\/types\/post"}],"author":[{"embeddable":true,"href":"https:\/\/bisbalpenedes.com\/web\/wp-json\/wp\/v2\/users\/4"}],"replies":[{"embeddable":true,"href":"https:\/\/bisbalpenedes.com\/web\/wp-json\/wp\/v2\/comments?post=5785"}],"version-history":[{"count":2,"href":"https:\/\/bisbalpenedes.com\/web\/wp-json\/wp\/v2\/posts\/5785\/revisions"}],"predecessor-version":[{"id":5789,"href":"https:\/\/bisbalpenedes.com\/web\/wp-json\/wp\/v2\/posts\/5785\/revisions\/5789"}],"wp:featuredmedia":[{"embeddable":true,"href":"https:\/\/bisbalpenedes.com\/web\/wp-json\/wp\/v2\/media\/5786"}],"wp:attachment":[{"href":"https:\/\/bisbalpenedes.com\/web\/wp-json\/wp\/v2\/media?parent=5785"}],"wp:term":[{"taxonomy":"category","embeddable":true,"href":"https:\/\/bisbalpenedes.com\/web\/wp-json\/wp\/v2\/categories?post=5785"},{"taxonomy":"post_tag","embeddable":true,"href":"https:\/\/bisbalpenedes.com\/web\/wp-json\/wp\/v2\/tags?post=5785"}],"curies":[{"name":"wp","href":"https:\/\/api.w.org\/{rel}","templated":true}]}}