{"id":5781,"date":"2018-05-18T08:32:50","date_gmt":"2018-05-18T07:32:50","guid":{"rendered":"http:\/\/bisbalpenedes.com\/web\/?p=5781"},"modified":"2018-05-18T10:26:42","modified_gmt":"2018-05-18T09:26:42","slug":"proces-selectiu-per-cobrir-sis-places-de-personal-de-neteja","status":"publish","type":"post","link":"https:\/\/bisbalpenedes.com\/web\/2018\/05\/18\/proces-selectiu-per-cobrir-sis-places-de-personal-de-neteja\/","title":{"rendered":"Proc\u00e9s selectiu per cobrir sis places de personal de neteja"},"content":{"rendered":"<p style=\"text-align: justify;\"><span style=\"color: #000000;\">Convocat\u00f2ria d&#8217;un proc\u00e9s selectiu mitjan\u00e7ant concurs-oposici\u00f3 lliure per a la provisi\u00f3 de sis places de personal de neteja del grup professional (AP) personal laboral en r\u00e8gim inter\u00ed a temps parcial.<\/span><\/p>\n<p style=\"text-align: justify;\"><span style=\"color: #000000;\">La convocat\u00f2ria estar\u00e0 oberta fins al 6 de juny de 2018. A les oficines municipals hi trobareu el model d&#8217;inst\u00e0ncia. Tamb\u00e9 el podeu descarregar aqu\u00ed:\u00a0<span style=\"color: #0000ff;\"><a style=\"color: #0000ff;\" href=\"http:\/\/bisbalpenedes.com\/web\/wp-content\/uploads\/2018\/05\/SOL-LICITUD-A-LA-CONVOCATORIA-DEL-PROCES-SELECTIU-PER-A-LA-COBERTURA-DE-SIS-PLACES-DE-PERSONAL-DE-NETEJA-LABORAL-INTERI-DE-DEDICACIO-PARCIAL.pdf\">SOL-LICITUD A LA CONVOCATORIA DEL PROCES SELECTIU PER A LA COBERTURA DE SIS PLACES DE PERSONAL DE NETEJA LABORAL INTERI DE DEDICACIO PARCIAL<\/a><\/span><\/span><\/p>\n<p style=\"text-align: justify;\"><span style=\"color: #000000;\">A les bases hi trobareu els requisits i la documentaci\u00f3\u00a0que s&#8217;haur\u00e0 d&#8217;aportar:<\/span><span style=\"color: #000000;\">\u00a0<span style=\"color: #0000ff;\"><a style=\"color: #0000ff;\" href=\"http:\/\/bisbalpenedes.com\/web\/wp-content\/uploads\/2018\/05\/BASES-CONVOCATORIA-PERSONAL-NETEJA-MAIG-2018.pdf\">BASES CONVOCATORIA PERSONAL NETEJA MAIG 2018<\/a><\/span><\/span><\/p>\n<p style=\"text-align: justify;\"><span style=\"color: #000000;\">Aquesta convocat\u00f2ria de personal ha estat publicada al <a style=\"color: #000000;\" href=\"http:\/\/portaldogc.gencat.cat\/utilsEADOP\/PDF\/7621\/1675137.pdf\" target=\"_blank\">DOGC<\/a> i al <a style=\"color: #000000;\" href=\"https:\/\/www.diputaciodetarragona.cat\/ebop\/index.php?op=anunci&amp;id=4249&amp;ebop_any=2018\" target=\"_blank\">BOPT<\/a><\/span><\/p>\n<p style=\"text-align: justify;\"><span style=\"color: #000000;\">Des d&#8217;alcaldia s&#8217;informa que les persones aspirants que superin tot el proc\u00e9s selectiu per\u00f2 que no quedin entre les sis primeres, entraran a formar part d&#8217;una borsa de reposici\u00f3 per rigor\u00f3s ordre de puntuaci\u00f3.<\/span><\/p>\n<hr \/>\n<p style=\"text-align: justify;\"><span style=\"color: #000000;\">CASTELLANO | Convocatoria de un proceso selectivo mediante concurso-oposici\u00f3n libre para la provisi\u00f3n de seis plazas de personal de limpieza del grupo profesional (AP) personal laboral de r\u00e9gimen interino a tiempo parcial.<\/span><\/p>\n<p style=\"text-align: justify;\"><span style=\"color: #000000;\">La convocatoria estar\u00e1 abierta hasta el 6 de junio del 2018. En las oficinas municipales encontrar\u00e9is el modelo de instancia. Tambi\u00e9n lo pod\u00e9is descargar aqu\u00ed:<\/span><span style=\"color: #000000;\">\u00a0<span style=\"color: #0000ff;\"><a style=\"color: #0000ff;\" href=\"http:\/\/bisbalpenedes.com\/web\/wp-content\/uploads\/2018\/05\/SOL-LICITUD-A-LA-CONVOCATORIA-DEL-PROCES-SELECTIU-PER-A-LA-COBERTURA-DE-SIS-PLACES-DE-PERSONAL-DE-NETEJA-LABORAL-INTERI-DE-DEDICACIO-PARCIAL.pdf\">SOL-LICITUD A LA CONVOCATORIA DEL PROCES SELECTIU PER A LA COBERTURA DE SIS PLACES DE PERSONAL DE NETEJA LABORAL INTERI DE DEDICACIO PARCIAL<\/a><\/span><\/span><\/p>\n<p style=\"text-align: justify;\"><span style=\"color: #000000;\">En las bases encontrar\u00e9is los requisitos y la documentaci\u00f3n que se deber\u00e1 aportar:\u00a0<span style=\"color: #0000ff;\"><a style=\"color: #0000ff;\" href=\"http:\/\/bisbalpenedes.com\/web\/wp-content\/uploads\/2018\/05\/BASES-CONVOCATORIA-PERSONAL-NETEJA-MAIG-2018.pdf\">BASES CONVOCATORIA PERSONAL NETEJA MAIG 2018<\/a><\/span><\/span><\/p>\n<p style=\"text-align: justify;\"><span style=\"color: #000000;\">Esta convocatoria de personal ha sido publicada en el\u00a0<a style=\"color: #000000;\" href=\"http:\/\/portaldogc.gencat.cat\/utilsEADOP\/PDF\/7621\/1675137.pdf\" target=\"_blank\">DOGC<\/a>\u00a0y en el\u00a0<a style=\"color: #000000;\" href=\"https:\/\/www.diputaciodetarragona.cat\/ebop\/index.php?op=anunci&amp;id=4249&amp;ebop_any=2018\" target=\"_blank\">BOPT<\/a><\/span><\/p>\n<p style=\"text-align: justify;\"><span style=\"color: #000000;\">Desde alcald\u00eda se informa que las personas aspirantes que superen todo el proceso selectivo pero que no queden entre las seis primeras, entrar\u00e1n a formar parte de una bolsa de reposici\u00f3n por riguroso orden de puntuaci\u00f3n.<\/span><\/p>\n","protected":false},"excerpt":{"rendered":"<p>Convocat\u00f2ria d&#8217;un proc\u00e9s selectiu mitjan\u00e7ant concurs-oposici\u00f3 lliure per a la provisi\u00f3 de sis places de personal de neteja del grup professional (AP) personal laboral en r\u00e8gim inter\u00ed a temps parcial. &hellip; <a href=\"https:\/\/bisbalpenedes.com\/web\/2018\/05\/18\/proces-selectiu-per-cobrir-sis-places-de-personal-de-neteja\/\" class=\"more-link\">Read More<\/a><\/p>\n","protected":false},"author":4,"featured_media":4174,"comment_status":"closed","ping_status":"closed","sticky":false,"template":"","format":"standard","meta":[],"categories":[9],"tags":[41,1835,361,1834,1125],"_links":{"self":[{"href":"https:\/\/bisbalpenedes.com\/web\/wp-json\/wp\/v2\/posts\/5781"}],"collection":[{"href":"https:\/\/bisbalpenedes.com\/web\/wp-json\/wp\/v2\/posts"}],"about":[{"href":"https:\/\/bisbalpenedes.com\/web\/wp-json\/wp\/v2\/types\/post"}],"author":[{"embeddable":true,"href":"https:\/\/bisbalpenedes.com\/web\/wp-json\/wp\/v2\/users\/4"}],"replies":[{"embeddable":true,"href":"https:\/\/bisbalpenedes.com\/web\/wp-json\/wp\/v2\/comments?post=5781"}],"version-history":[{"count":4,"href":"https:\/\/bisbalpenedes.com\/web\/wp-json\/wp\/v2\/posts\/5781\/revisions"}],"predecessor-version":[{"id":5792,"href":"https:\/\/bisbalpenedes.com\/web\/wp-json\/wp\/v2\/posts\/5781\/revisions\/5792"}],"wp:featuredmedia":[{"embeddable":true,"href":"https:\/\/bisbalpenedes.com\/web\/wp-json\/wp\/v2\/media\/4174"}],"wp:attachment":[{"href":"https:\/\/bisbalpenedes.com\/web\/wp-json\/wp\/v2\/media?parent=5781"}],"wp:term":[{"taxonomy":"category","embeddable":true,"href":"https:\/\/bisbalpenedes.com\/web\/wp-json\/wp\/v2\/categories?post=5781"},{"taxonomy":"post_tag","embeddable":true,"href":"https:\/\/bisbalpenedes.com\/web\/wp-json\/wp\/v2\/tags?post=5781"}],"curies":[{"name":"wp","href":"https:\/\/api.w.org\/{rel}","templated":true}]}}