{"id":5777,"date":"2018-05-18T08:01:44","date_gmt":"2018-05-18T07:01:44","guid":{"rendered":"http:\/\/bisbalpenedes.com\/web\/?p=5777"},"modified":"2018-05-18T08:12:46","modified_gmt":"2018-05-18T07:12:46","slug":"el-dimecres-23-de-maig-es-fara-entrega-del-xec-nado-a-les-families-beneficiaries","status":"publish","type":"post","link":"https:\/\/bisbalpenedes.com\/web\/2018\/05\/18\/el-dimecres-23-de-maig-es-fara-entrega-del-xec-nado-a-les-families-beneficiaries\/","title":{"rendered":"El dimecres 23 de maig es far\u00e0 entrega del \u2018Xec Nad\u00f3\u2019 a les fam\u00edlies benefici\u00e0ries"},"content":{"rendered":"<p style=\"text-align: justify;\"><a href=\"http:\/\/bisbalpenedes.com\/web\/wp-content\/uploads\/2018\/03\/cap_subv_xecnado-2018.jpg\"><img loading=\"lazy\" class=\"aligncenter size-medium wp-image-4949\" src=\"http:\/\/bisbalpenedes.com\/web\/wp-content\/uploads\/2018\/03\/cap_subv_xecnado-2018-300x201.jpg\" alt=\"cap_subv_xecnado-2018\" width=\"300\" height=\"201\" srcset=\"https:\/\/bisbalpenedes.com\/web\/wp-content\/uploads\/2018\/03\/cap_subv_xecnado-2018-300x201.jpg 300w, https:\/\/bisbalpenedes.com\/web\/wp-content\/uploads\/2018\/03\/cap_subv_xecnado-2018-600x401.jpg 600w, https:\/\/bisbalpenedes.com\/web\/wp-content\/uploads\/2018\/03\/cap_subv_xecnado-2018-768x514.jpg 768w, https:\/\/bisbalpenedes.com\/web\/wp-content\/uploads\/2018\/03\/cap_subv_xecnado-2018.jpg 1000w\" sizes=\"(max-width: 300px) 100vw, 300px\" \/><\/a><\/p>\n<p style=\"text-align: justify;\"><span style=\"color: #000000;\">La Junta de Govern Local ha aprovat aquest dijous els beneficiaris del Xec Nad\u00f3. \u00c9s el tercer any que l\u2019Ajuntament de la Bisbal del Pened\u00e8s tira endavant aquesta iniciativa que consisteix a entregar un talonari amb 10 vals per un import de 10\u20ac cadascun per bescanviar als comer\u00e7os del municipi per productes o serveis a les fam\u00edlies que hagin tingut o adoptat un nen o nena durant l&#8217;any 2017.<\/span><\/p>\n<p style=\"text-align: justify;\"><span style=\"color: #000000;\">Enguany han estat 9 les fam\u00edlies empadronades al municipi que s\u2019han beneficiat d\u2019aquesta convocat\u00f2ria. Es tracta de les fam\u00edlies de 10 nouvinguts: Claudia, Enzo, Sara, Carla, Chlo\u00e9, Maria Nicole, Sofia, Manel, Noa i Aleix.<\/span><\/p>\n<p style=\"text-align: justify;\"><span style=\"color: #000000;\">El Xec Nad\u00f3 \u00e9s una campanya de suport a les fam\u00edlies per\u00f2 tamb\u00e9 de dinamitzaci\u00f3 del comer\u00e7 local, ja que aquestes subvencions ajuden les fam\u00edlies per\u00f2 tamb\u00e9 beneficien les botigues bisbalenques que s\u2019han adherit a la campanya. Els vals d\u2019enguany es podran bescanviar a: Cal Pere Busquet, Tot Detall, Radio Mendoza, Vent de Dalt, Farm\u00e0cia Dalmau, Fruites i verdures Montserrat, Supermercat Jaume-Suma autoservei, Tris-Tras i Agro-Verd.<\/span><\/p>\n<p style=\"text-align: justify;\"><span style=\"color: #000000;\">El lliurament del Xec Nad\u00f3 de 100\u20ac ser\u00e0 el dimecres 23 de maig a les 18h a l\u2019auditori del CMC.<\/span><\/p>\n<p style=\"text-align: justify;\"><span style=\"color: #000000;\"><strong>CASTELLANO<\/strong> | La Junta de Gobierno Local ha aprobado este jueves los beneficiarios del \u2018Xec Nad\u00f3\u2019. Es el tercer a\u00f1o que el Ayuntamiento de la Bisbal del Pened\u00e8s lleva a cabo esta iniciativa que consiste en entregar un talonario con 10 vales por un importe de 10\u20ac cada uno para canjear en los comercios del municipio por productos o servicios a las familias que hayan tenido o adoptado un ni\u00f1o o una ni\u00f1a durante el a\u00f1o 2017.<\/span><\/p>\n<p style=\"text-align: justify;\"><span style=\"color: #000000;\">Este a\u00f1o han sido 9 las familias empadronadas en el municipio que se han beneficiado de esta convocatoria. Se trata de familias de 10 reci\u00e9n nacidos: Claudia, Enzo, Sara, Carla, Chlo\u00e9, Maria Nicole, Sofia, manel, Noa i Aleix.<\/span><\/p>\n<p style=\"text-align: justify;\"><span style=\"color: #000000;\">El \u2018Xec Nad\u00f3\u2019 es una campa\u00f1a de soporte a las familias pero tambi\u00e9n de dinamizaci\u00f3n del comercio loca, ya que estas subvenciones ayudan a las familias pero tambi\u00e9n benefician a las tiendas de la Bisbal que se han adherido a la campa\u00f1a. Los vales de este a\u00f1o se podr\u00e1n canjear en: Cal Pere Busquet, Tot Detall, Radio Mendoza, Vent de Dalt, Farm\u00e0cia Dalmau, Fruites i verdures Montserrat, Supermercat Jaume-Suma autoservei, Tris-Tras y Agro-Verd.<\/span><\/p>\n<p style=\"text-align: justify;\"><span style=\"color: #000000;\">La entrega del \u2018Xec nad\u00f3\u2019 de 100\u20ac ser\u00e1 el mi\u00e9rcoles 23 de mayo a las 18h en el auditorio del CMC.<\/span><\/p>\n","protected":false},"excerpt":{"rendered":"<p>La Junta de Govern Local ha aprovat aquest dijous els beneficiaris del Xec Nad\u00f3. \u00c9s el tercer any que l\u2019Ajuntament de la Bisbal del Pened\u00e8s tira endavant aquesta iniciativa que &hellip; <a href=\"https:\/\/bisbalpenedes.com\/web\/2018\/05\/18\/el-dimecres-23-de-maig-es-fara-entrega-del-xec-nado-a-les-families-beneficiaries\/\" class=\"more-link\">Read More<\/a><\/p>\n","protected":false},"author":4,"featured_media":2468,"comment_status":"closed","ping_status":"closed","sticky":false,"template":"","format":"standard","meta":[],"categories":[1575],"tags":[463,417,226,329,1359,227,1833,415,999,99,240],"_links":{"self":[{"href":"https:\/\/bisbalpenedes.com\/web\/wp-json\/wp\/v2\/posts\/5777"}],"collection":[{"href":"https:\/\/bisbalpenedes.com\/web\/wp-json\/wp\/v2\/posts"}],"about":[{"href":"https:\/\/bisbalpenedes.com\/web\/wp-json\/wp\/v2\/types\/post"}],"author":[{"embeddable":true,"href":"https:\/\/bisbalpenedes.com\/web\/wp-json\/wp\/v2\/users\/4"}],"replies":[{"embeddable":true,"href":"https:\/\/bisbalpenedes.com\/web\/wp-json\/wp\/v2\/comments?post=5777"}],"version-history":[{"count":3,"href":"https:\/\/bisbalpenedes.com\/web\/wp-json\/wp\/v2\/posts\/5777\/revisions"}],"predecessor-version":[{"id":5780,"href":"https:\/\/bisbalpenedes.com\/web\/wp-json\/wp\/v2\/posts\/5777\/revisions\/5780"}],"wp:featuredmedia":[{"embeddable":true,"href":"https:\/\/bisbalpenedes.com\/web\/wp-json\/wp\/v2\/media\/2468"}],"wp:attachment":[{"href":"https:\/\/bisbalpenedes.com\/web\/wp-json\/wp\/v2\/media?parent=5777"}],"wp:term":[{"taxonomy":"category","embeddable":true,"href":"https:\/\/bisbalpenedes.com\/web\/wp-json\/wp\/v2\/categories?post=5777"},{"taxonomy":"post_tag","embeddable":true,"href":"https:\/\/bisbalpenedes.com\/web\/wp-json\/wp\/v2\/tags?post=5777"}],"curies":[{"name":"wp","href":"https:\/\/api.w.org\/{rel}","templated":true}]}}