{"id":5773,"date":"2018-05-18T07:49:15","date_gmt":"2018-05-18T06:49:15","guid":{"rendered":"http:\/\/bisbalpenedes.com\/web\/?p=5773"},"modified":"2018-05-18T07:49:42","modified_gmt":"2018-05-18T06:49:42","slug":"aquests-son-els-grups-i-orquestres-que-actuaran-durant-la-festa-major-2018","status":"publish","type":"post","link":"https:\/\/bisbalpenedes.com\/web\/2018\/05\/18\/aquests-son-els-grups-i-orquestres-que-actuaran-durant-la-festa-major-2018\/","title":{"rendered":"Aquests s\u00f3n els grups i orquestres que actuaran durant la Festa Major 2018"},"content":{"rendered":"<p><span style=\"color: #000000;\">La Junta de Govern Local de l\u2019Ajuntament de la Bisbal del Pened\u00e8s ha aprovat els contractes amb els grups i orquestres que actuaran durant la Festa Major 2018. Els grups que finalment contractar\u00e0 la Regidoria de Festes, s\u00f3n:<\/span><\/p>\n<p style=\"padding-left: 30px;\"><span style=\"color: #000000;\"><strong>DIMARTS 14 D\u2019AGOST<\/strong><\/span><\/p>\n<p style=\"padding-left: 30px;\"><span style=\"color: #000000;\">-Seguirem i Dalton Bang (nit jove)<\/span><\/p>\n<p style=\"padding-left: 30px;\"><span style=\"color: #000000;\"><strong>DIMECRES 15 D\u2019AGOST<\/strong><\/span><\/p>\n<p style=\"padding-left: 30px;\"><span style=\"color: #000000;\">-Orquestra Selvatana (ball de tarda, concert i ball de nit)<\/span><\/p>\n<p style=\"padding-left: 30px;\"><span style=\"color: #000000;\"><strong>DIJOUS 16 D\u2019AGOST<\/strong><\/span><\/p>\n<p style=\"padding-left: 30px;\"><span style=\"color: #000000;\">-Gertrudis i l\u2019Orquestra Mitjanit (nit jove)<\/span><\/p>\n<p style=\"padding-left: 30px;\"><span style=\"color: #000000;\"><strong>DIVENDRES 17 D\u2019AGOST<\/strong><\/span><\/p>\n<p style=\"padding-left: 30px;\"><span style=\"color: #000000;\">-The Penguins, Reggae per Xics (animaci\u00f3 infantil)<\/span><\/p>\n<p style=\"padding-left: 30px;\"><span style=\"color: #000000;\">-Concert i ball de nit amb l\u2019orquestra la Chatta<\/span><\/p>\n<p style=\"padding-left: 30px;\"><span style=\"color: #000000;\"><strong>DISSABTE 18 D\u2019AGOST<\/strong><\/span><\/p>\n<p style=\"padding-left: 30px;\"><span style=\"color: #000000;\">-Concert espectacle amb Quico el C\u00e9lio, el Noi i el Mut de Ferreries<\/span><\/p>\n<p style=\"padding-left: 30px;\"><span style=\"color: #000000;\"><strong>DIUMENGE 19 D\u2019AGOST<\/strong><\/span><\/p>\n<p style=\"padding-left: 30px;\"><span style=\"color: #000000;\">-Banda de M\u00fasica de Cardona<\/span><\/p>\n<p><span style=\"color: #000000;\">L\u2019import total d\u2019aquestes contractacions ascendeix a 53.231\u20ac amb IVA incl\u00f2s.<\/span><\/p>\n<p>&nbsp;<\/p>\n<p><span style=\"color: #000000;\"><strong>CASTELLANO<\/strong> | La Junta de Gobierno Local del Ayuntamiento de la Bisbal del Pened\u00e8s ha aprobado los contratos con los grupos y orquestas que actuar\u00e1n durante la Fiesta Mayor 2018. Los grupos que finalmente contratar\u00e1 la Regidoria de Festes, son:<\/span><\/p>\n<p style=\"padding-left: 30px;\"><span style=\"color: #000000;\"><strong>MARTES 14 DE AGOSTO<\/strong><\/span><\/p>\n<p style=\"padding-left: 30px;\"><span style=\"color: #000000;\">-Seguirem y Dalton Bang (noche joven)<\/span><\/p>\n<p style=\"padding-left: 30px;\"><span style=\"color: #000000;\"><strong>MI\u00c9RCOLES\u00a015\u00a0DE AGOSTO<\/strong><\/span><\/p>\n<p style=\"padding-left: 30px;\"><span style=\"color: #000000;\">-Orquestra Selvatana (baile de tarde, concierto y baile de noche)<\/span><\/p>\n<p style=\"padding-left: 30px;\"><span style=\"color: #000000;\"><strong>JUEVES 16 DE AGOSTO<\/strong><\/span><\/p>\n<p style=\"padding-left: 30px;\"><span style=\"color: #000000;\">-Gertrudis y la Orquestra Mitjanit (noche joven)<\/span><\/p>\n<p style=\"padding-left: 30px;\"><span style=\"color: #000000;\"><strong>VIERNES\u00a017 DE AGOSTO<\/strong><\/span><\/p>\n<p style=\"padding-left: 30px;\"><span style=\"color: #000000;\">-The Penguins, Reggae per Xics (animaci\u00f3n infantil)<\/span><\/p>\n<p style=\"padding-left: 30px;\"><span style=\"color: #000000;\">-Concierto y baile de noche con la Orquesta\u00a0la Chatta<\/span><\/p>\n<p style=\"padding-left: 30px;\"><span style=\"color: #000000;\"><strong>S\u00c1BADO\u00a018 DE AGOSTO<\/strong><\/span><\/p>\n<p style=\"padding-left: 30px;\"><span style=\"color: #000000;\">-Concierto espect\u00e1culo con Quico el C\u00e9lio, el Noi i el Mut de Ferreries<\/span><\/p>\n<p style=\"padding-left: 30px;\"><span style=\"color: #000000;\"><strong>DOMINGO\u00a019 DE AGOSTO<\/strong><\/span><\/p>\n<p style=\"padding-left: 30px;\"><span style=\"color: #000000;\">-Banda de M\u00fasica de Cardona<\/span><\/p>\n<p><span style=\"color: #000000;\">El importe total de estas contrataciones asciende a 53.231\u20ac\u00a0con IVA incluido.<\/span><\/p>\n","protected":false},"excerpt":{"rendered":"<p>La Junta de Govern Local de l\u2019Ajuntament de la Bisbal del Pened\u00e8s ha aprovat els contractes amb els grups i orquestres que actuaran durant la Festa Major 2018. Els grups &hellip; <a href=\"https:\/\/bisbalpenedes.com\/web\/2018\/05\/18\/aquests-son-els-grups-i-orquestres-que-actuaran-durant-la-festa-major-2018\/\" class=\"more-link\">Read More<\/a><\/p>\n","protected":false},"author":4,"featured_media":5774,"comment_status":"closed","ping_status":"closed","sticky":false,"template":"","format":"standard","meta":[],"categories":[1042],"tags":[1745,1831,688,1823,1830,280,1832,1824,1828,1825,705,1829,1827,1822,1826],"_links":{"self":[{"href":"https:\/\/bisbalpenedes.com\/web\/wp-json\/wp\/v2\/posts\/5773"}],"collection":[{"href":"https:\/\/bisbalpenedes.com\/web\/wp-json\/wp\/v2\/posts"}],"about":[{"href":"https:\/\/bisbalpenedes.com\/web\/wp-json\/wp\/v2\/types\/post"}],"author":[{"embeddable":true,"href":"https:\/\/bisbalpenedes.com\/web\/wp-json\/wp\/v2\/users\/4"}],"replies":[{"embeddable":true,"href":"https:\/\/bisbalpenedes.com\/web\/wp-json\/wp\/v2\/comments?post=5773"}],"version-history":[{"count":2,"href":"https:\/\/bisbalpenedes.com\/web\/wp-json\/wp\/v2\/posts\/5773\/revisions"}],"predecessor-version":[{"id":5776,"href":"https:\/\/bisbalpenedes.com\/web\/wp-json\/wp\/v2\/posts\/5773\/revisions\/5776"}],"wp:featuredmedia":[{"embeddable":true,"href":"https:\/\/bisbalpenedes.com\/web\/wp-json\/wp\/v2\/media\/5774"}],"wp:attachment":[{"href":"https:\/\/bisbalpenedes.com\/web\/wp-json\/wp\/v2\/media?parent=5773"}],"wp:term":[{"taxonomy":"category","embeddable":true,"href":"https:\/\/bisbalpenedes.com\/web\/wp-json\/wp\/v2\/categories?post=5773"},{"taxonomy":"post_tag","embeddable":true,"href":"https:\/\/bisbalpenedes.com\/web\/wp-json\/wp\/v2\/tags?post=5773"}],"curies":[{"name":"wp","href":"https:\/\/api.w.org\/{rel}","templated":true}]}}