{"id":5770,"date":"2018-05-17T21:19:16","date_gmt":"2018-05-17T20:19:16","guid":{"rendered":"http:\/\/bisbalpenedes.com\/web\/?p=5770"},"modified":"2018-05-18T07:23:36","modified_gmt":"2018-05-18T06:23:36","slug":"saprova-ladjudicacio-de-les-obres-de-construccio-del-centre-civic-de-la-miralba","status":"publish","type":"post","link":"https:\/\/bisbalpenedes.com\/web\/2018\/05\/17\/saprova-ladjudicacio-de-les-obres-de-construccio-del-centre-civic-de-la-miralba\/","title":{"rendered":"S&#8217;aprova l&#8217;adjudicaci\u00f3 de les obres de construcci\u00f3 del Centre C\u00edvic de la Miralba"},"content":{"rendered":"<p style=\"text-align: justify;\"><a href=\"http:\/\/bisbalpenedes.com\/web\/wp-content\/uploads\/2017\/12\/parcella-la-miralba-local-social-1.jpg\"><img loading=\"lazy\" class=\"aligncenter size-medium wp-image-4061\" src=\"http:\/\/bisbalpenedes.com\/web\/wp-content\/uploads\/2017\/12\/parcella-la-miralba-local-social-1-300x225.jpg\" alt=\"parcella la miralba local social 1\" width=\"300\" height=\"225\" srcset=\"https:\/\/bisbalpenedes.com\/web\/wp-content\/uploads\/2017\/12\/parcella-la-miralba-local-social-1-300x225.jpg 300w, https:\/\/bisbalpenedes.com\/web\/wp-content\/uploads\/2017\/12\/parcella-la-miralba-local-social-1-600x450.jpg 600w, https:\/\/bisbalpenedes.com\/web\/wp-content\/uploads\/2017\/12\/parcella-la-miralba-local-social-1-768x576.jpg 768w, https:\/\/bisbalpenedes.com\/web\/wp-content\/uploads\/2017\/12\/parcella-la-miralba-local-social-1-1024x768.jpg 1024w\" sizes=\"(max-width: 300px) 100vw, 300px\" \/><\/a><\/p>\n<p style=\"text-align: justify;\"><span style=\"color: #000000;\">La Junta de Govern Local de l\u2019Ajuntament de la Bisbal del Pened\u00e8s ha aprovat aquest dijous \u00a0l\u2019adjudicaci\u00f3 de les obres de construcci\u00f3 del centre c\u00edvic de la Miralba al licitador Excavacions i Transports Rovira S.A. per un import de 222.681,19\u20ac.<\/span><\/p>\n<p style=\"text-align: justify;\"><span style=\"color: #000000;\">Una vegada fet aquest pas caldr\u00e0 que l\u2019empresa adjudicat\u00e0ria signi el contracte amb l\u2019Ajuntament de la Bisbal i, una vegada feta la signatura, s\u2019iniciaran les obres de construcci\u00f3 del centre c\u00edvic que tindran una durada de sis mesos i mig.<\/span><\/p>\n<p style=\"text-align: justify;\"><span style=\"color: #000000;\">L\u2019obra de construcci\u00f3 del Centre C\u00edvic de la Miralba \u00e9s finan\u00e7ada pel Pla d\u2019Acci\u00f3 Municipal (PAM) de la Diputaci\u00f3 de Tarragona per 215.438,54\u20ac. L\u2019import restant ser\u00e0 assumit amb fons propis de l\u2019Ajuntament de la Bisbal.<\/span><\/p>\n<p style=\"text-align: justify;\"><span style=\"color: #000000;\">El Centre C\u00edvic de la Miralba estar\u00e0 ubicat en un solar de propietat municipal ubicat al carrer Gladiol, n\u00famero 6. La regidora d\u2019Urbanisme i alcaldessa de la Bisbal, Agn\u00e8s Ferr\u00e9, considera que aquesta \u201cera una obra necess\u00e0ria donada la necessitat i desig de comptar amb aquest equipament que han manifestat els ve\u00efns des de fa molts anys\u201d. Ferr\u00e9 s\u2019ha mostrat molt satisfeta pel fet que estiguin a punt de comen\u00e7ar les obres i ha afirmat que \u201csi tot va sobre els terminis previstos, aquesta obra podr\u00e0 inaugurar-se aquest mateix any\u201d.<\/span><\/p>\n<p style=\"text-align: justify;\"><span style=\"color: #000000;\"><strong>CASTELLANO<\/strong> | La Junta de Gobierno Local del Ayuntamiento de la Bisbal del Pened\u00e8s ha aprobado este jueves la adjudicaci\u00f3n de las obras de construcci\u00f3n del centro c\u00edvico de la Miralba al licitador Excavacions i Transports Rovira S.A. por un importe de 222.681,19\u20ac.<\/span><\/p>\n<p style=\"text-align: justify;\"><span style=\"color: #000000;\">Una vez hecho este paso la empresa adjudicataria deber\u00e1 firmar el contrato con el Ayuntamiento de la Bisbal y, una vez hecha la firma, se iniciar\u00e1n las obras de construcci\u00f3n del centro c\u00edvico que tendr\u00e1n una duraci\u00f3n de seis meses y medio.<\/span><\/p>\n<p style=\"text-align: justify;\"><span style=\"color: #000000;\">La obra de construcci\u00f3n del Centro C\u00edvico de la Miralba est\u00e1 financiada por el Plan de Acci\u00f3n Municipal (PAM) de la Diputaci\u00f3 de Tarragona por 215.438,54\u20ac. El importe restante ser\u00e1 asumido con fondos propios del Ayuntamiento de la Bisbal.<\/span><\/p>\n<p style=\"text-align: justify;\"><span style=\"color: #000000;\">El Centro C\u00edvico de la Miralba estar\u00e1 ubicado en un solar de propiedad municipal ubicado en la calle Gladiol, n\u00famero 6. La regidora de Urbanismo y alcaldesa de la Bisbal, Agn\u00e8s Ferr\u00e9, considera que esta \u201cera una obra necesaria dada la necesidad y deseo de contar con este equipamiento que han manifestado los vecinos desde hace muchos a\u00f1os\u201d. Ferr\u00e9 se ha mostrado muy satisfecha por el hecho que est\u00e9n a punto de empezar las obras y ha afirmado que \u201csi todo va sobre los plazos previstos, esta obra podr\u00eda inaugurarse este mismo a\u00f1o\u201d.<\/span><\/p>\n","protected":false},"excerpt":{"rendered":"<p>La Junta de Govern Local de l\u2019Ajuntament de la Bisbal del Pened\u00e8s ha aprovat aquest dijous \u00a0l\u2019adjudicaci\u00f3 de les obres de construcci\u00f3 del centre c\u00edvic de la Miralba al licitador &hellip; <a href=\"https:\/\/bisbalpenedes.com\/web\/2018\/05\/17\/saprova-ladjudicacio-de-les-obres-de-construccio-del-centre-civic-de-la-miralba\/\" class=\"more-link\">Read More<\/a><\/p>\n","protected":false},"author":4,"featured_media":4061,"comment_status":"closed","ping_status":"closed","sticky":false,"template":"","format":"standard","meta":[],"categories":[4],"tags":[687,725,267,247,22,21],"_links":{"self":[{"href":"https:\/\/bisbalpenedes.com\/web\/wp-json\/wp\/v2\/posts\/5770"}],"collection":[{"href":"https:\/\/bisbalpenedes.com\/web\/wp-json\/wp\/v2\/posts"}],"about":[{"href":"https:\/\/bisbalpenedes.com\/web\/wp-json\/wp\/v2\/types\/post"}],"author":[{"embeddable":true,"href":"https:\/\/bisbalpenedes.com\/web\/wp-json\/wp\/v2\/users\/4"}],"replies":[{"embeddable":true,"href":"https:\/\/bisbalpenedes.com\/web\/wp-json\/wp\/v2\/comments?post=5770"}],"version-history":[{"count":2,"href":"https:\/\/bisbalpenedes.com\/web\/wp-json\/wp\/v2\/posts\/5770\/revisions"}],"predecessor-version":[{"id":5772,"href":"https:\/\/bisbalpenedes.com\/web\/wp-json\/wp\/v2\/posts\/5770\/revisions\/5772"}],"wp:featuredmedia":[{"embeddable":true,"href":"https:\/\/bisbalpenedes.com\/web\/wp-json\/wp\/v2\/media\/4061"}],"wp:attachment":[{"href":"https:\/\/bisbalpenedes.com\/web\/wp-json\/wp\/v2\/media?parent=5770"}],"wp:term":[{"taxonomy":"category","embeddable":true,"href":"https:\/\/bisbalpenedes.com\/web\/wp-json\/wp\/v2\/categories?post=5770"},{"taxonomy":"post_tag","embeddable":true,"href":"https:\/\/bisbalpenedes.com\/web\/wp-json\/wp\/v2\/tags?post=5770"}],"curies":[{"name":"wp","href":"https:\/\/api.w.org\/{rel}","templated":true}]}}