{"id":5762,"date":"2018-05-16T15:54:07","date_gmt":"2018-05-16T14:54:07","guid":{"rendered":"http:\/\/bisbalpenedes.com\/web\/?p=5762"},"modified":"2018-05-16T15:54:07","modified_gmt":"2018-05-16T14:54:07","slug":"aquest-dimarts-ha-tingut-lloc-la-comissio-de-delimitacio-dels-termes-de-la-bisbal-i-el-montmell","status":"publish","type":"post","link":"https:\/\/bisbalpenedes.com\/web\/2018\/05\/16\/aquest-dimarts-ha-tingut-lloc-la-comissio-de-delimitacio-dels-termes-de-la-bisbal-i-el-montmell\/","title":{"rendered":"Aquest dimarts ha tingut lloc la Comissi\u00f3 de Delimitaci\u00f3 dels termes de la Bisbal i el Montmell"},"content":{"rendered":"<p style=\"text-align: justify;\"><a href=\"http:\/\/bisbalpenedes.com\/web\/wp-content\/uploads\/2018\/05\/DSC01975.jpg\"><img loading=\"lazy\" class=\"aligncenter size-medium wp-image-5764\" src=\"http:\/\/bisbalpenedes.com\/web\/wp-content\/uploads\/2018\/05\/DSC01975-300x225.jpg\" alt=\"comissio delimitacio 2\" width=\"300\" height=\"225\" srcset=\"https:\/\/bisbalpenedes.com\/web\/wp-content\/uploads\/2018\/05\/DSC01975-300x225.jpg 300w, https:\/\/bisbalpenedes.com\/web\/wp-content\/uploads\/2018\/05\/DSC01975-600x450.jpg 600w, https:\/\/bisbalpenedes.com\/web\/wp-content\/uploads\/2018\/05\/DSC01975-768x576.jpg 768w, https:\/\/bisbalpenedes.com\/web\/wp-content\/uploads\/2018\/05\/DSC01975-1024x768.jpg 1024w\" sizes=\"(max-width: 300px) 100vw, 300px\" \/><\/a><\/p>\n<p style=\"text-align: justify;\"><span style=\"color: #000000;\"><strong>CATAL\u00c0<\/strong>\u00a0| Aquest dimarts 15 de maig ha tingut lloc la Comissi\u00f3 de Delimitaci\u00f3 dels termes municipals del Montmell i la Bisbal del Pened\u00e8s. Des de la Generalitat s\u2019estan duent a terme 65 expedients de delimitaci\u00f3 de municipis de Catalunya, alguns dels quals tenen a veure amb la delimitaci\u00f3 de la Bisbal amb altres municipis i, aquesta reuni\u00f3, ha tingut lloc despr\u00e9s que s\u2019aprov\u00e9s per ple l\u2019expedient de delimitaci\u00f3 del terme municipal de la Bisbal del Pened\u00e8s amb\u00a0el Montmell, es fes el nomenament de la comissi\u00f3 municipal de delimitaci\u00f3 i es fes arribar la informaci\u00f3 sol\u00b7licitada pel Departament d\u2019Administraci\u00f3 Local de la Generalitat de Catalunya.<\/span><\/p>\n<p style=\"text-align: justify;\"><span style=\"color: #000000;\">Quant a les conclusions que s&#8217;extreuen d&#8217;aquesta trobada, la delimitaci\u00f3 del terme municipal de la Bisbal amb el del Montmell, l&#8217;Institut Cartogr\u00e0fic de Catalunya ha realitzat un estudi sobre les fites i la l\u00ednia de delimitaci\u00f3 d&#8217;ambd\u00f3s municipis, a partir de l&#8217;acta d&#8217;atermenament de 27 de juny de 1921. Aquesta l\u00ednia, que compta amb 6 fites, est\u00e0 situada en una zona boscosa. Ara, l&#8217;acta on es situa aquesta delimitaci\u00f3 s&#8217;haur\u00e0 d&#8217;aprovar per ple als ajuntaments de la Bisbal i el Montmell.<\/span><\/p>\n<p style=\"text-align: justify;\"><span style=\"color: #000000;\">A la reuni\u00f3, que s&#8217;ha dut a terme a l&#8217;Ajuntament de la Bisbal, hi han assistit l&#8217;alcaldessa de la Bisbal, Agn\u00e8s Ferr\u00e9, la regidora Maguy Antol\u00edn i el secretari. Per part del Montmell, s&#8217;ha comptat amb l&#8217;alcaldessa, Imma Costa, dos regidors, la secret\u00e0ria i un t\u00e8cnic municipal.\u00a0Quant a la Generalitat de Catalunya s\u2019ha comptat amb la pres\u00e8ncia del t\u00e8cnic dels Serveis Territorials de Tarragona del Departament de Governaci\u00f3 i el t\u00e8cnic de l\u2019Institut Cartogr\u00e0fic i Geol\u00f2gic de Catalunya<\/span><\/p>\n<hr \/>\n<p style=\"text-align: justify;\"><span style=\"color: #000000;\"><strong>CASTELLANO<\/strong> | Este martes 15 de mayo ha tenido lugar la Comisi\u00f3n de Delimitaci\u00f3n de los t\u00e9rminos municipales del Montmell y la Bisbal del Pened\u00e8s. Desde la Generalitat se est\u00e1n llevando a cabo 65 expedientes de delimitaci\u00f3n de municipios de Catalunya, algunos de los cuales tienen que ver con la delimitaci\u00f3n de la Bisbal con otros municipios y, esta reuni\u00f3n, ha tenido lugar despu\u00e9s de que se aprobase por pleno el expediente de delimitaci\u00f3n del t\u00e9rmino municipal de la Bisbal del Pened\u00e8s con el Montmell, se hiciese el nombramiento de la comisi\u00f3n municipal de delimitaci\u00f3n y se hiciese llegar la informaci\u00f3n solicitada por el Departament d&#8217;Administraci\u00f3 Local de la Generalitat de Catalunya.<\/span><\/p>\n<p style=\"text-align: justify;\"><span style=\"color: #000000;\">En cuanto a las conclusiones que se extraen de este encuentro, la delimitaci\u00f3n del t\u00e9rmino municipal de la Bisbal con el Montmell, el Institut Cartogr\u00e0fic de Catalunya ha realizado un estudio sobre los hitos y la l\u00ednea de delimitaci\u00f3n de ambos municipios, a partir del acta de deslinde del 27 de junio del 1921. Esta l\u00ednea, que cuenta con 6 hitos, est\u00e1 situada en una zona de bosque. Ahora, el acta donde se sit\u00faa esta delimitaci\u00f3n se deber\u00e1 aprobar por pleno en los ayuntamientos de la Bisbal y el Montmell.<\/span><\/p>\n<p style=\"text-align: justify;\"><span style=\"color: #000000;\">En la reuni\u00f3n que se ha llevado a cabo en el Ayuntamiento de la Bisbal, han asistido la alcaldesa de la Bisbal, Agn\u00e8s Ferr\u00e9, la regidora Maguy Antol\u00edn y el secretario. Por parte del Montmell se ha contado con la alcaldesa, Imma Costa, dos concejales, la secretaria y un t\u00e9cnico municipal. En cuanto a la Generalitat de Catalunya se ha contado con la presencia del t\u00e9cnico de los Serveis Territorials de Tarragona del Departament de Governaci\u00f3 y el t\u00e9cnico del Institut Cartogr\u00e0fic i Geol\u00f2gic de Catalunya.<\/span><\/p>\n","protected":false},"excerpt":{"rendered":"<p>CATAL\u00c0\u00a0| Aquest dimarts 15 de maig ha tingut lloc la Comissi\u00f3 de Delimitaci\u00f3 dels termes municipals del Montmell i la Bisbal del Pened\u00e8s. Des de la Generalitat s\u2019estan duent a &hellip; <a href=\"https:\/\/bisbalpenedes.com\/web\/2018\/05\/16\/aquest-dimarts-ha-tingut-lloc-la-comissio-de-delimitacio-dels-termes-de-la-bisbal-i-el-montmell\/\" class=\"more-link\">Read More<\/a><\/p>\n","protected":false},"author":4,"featured_media":5763,"comment_status":"closed","ping_status":"closed","sticky":false,"template":"","format":"standard","meta":[],"categories":[4],"tags":[1816,1815,1795,1818,1817,1814,1561],"_links":{"self":[{"href":"https:\/\/bisbalpenedes.com\/web\/wp-json\/wp\/v2\/posts\/5762"}],"collection":[{"href":"https:\/\/bisbalpenedes.com\/web\/wp-json\/wp\/v2\/posts"}],"about":[{"href":"https:\/\/bisbalpenedes.com\/web\/wp-json\/wp\/v2\/types\/post"}],"author":[{"embeddable":true,"href":"https:\/\/bisbalpenedes.com\/web\/wp-json\/wp\/v2\/users\/4"}],"replies":[{"embeddable":true,"href":"https:\/\/bisbalpenedes.com\/web\/wp-json\/wp\/v2\/comments?post=5762"}],"version-history":[{"count":1,"href":"https:\/\/bisbalpenedes.com\/web\/wp-json\/wp\/v2\/posts\/5762\/revisions"}],"predecessor-version":[{"id":5765,"href":"https:\/\/bisbalpenedes.com\/web\/wp-json\/wp\/v2\/posts\/5762\/revisions\/5765"}],"wp:featuredmedia":[{"embeddable":true,"href":"https:\/\/bisbalpenedes.com\/web\/wp-json\/wp\/v2\/media\/5763"}],"wp:attachment":[{"href":"https:\/\/bisbalpenedes.com\/web\/wp-json\/wp\/v2\/media?parent=5762"}],"wp:term":[{"taxonomy":"category","embeddable":true,"href":"https:\/\/bisbalpenedes.com\/web\/wp-json\/wp\/v2\/categories?post=5762"},{"taxonomy":"post_tag","embeddable":true,"href":"https:\/\/bisbalpenedes.com\/web\/wp-json\/wp\/v2\/tags?post=5762"}],"curies":[{"name":"wp","href":"https:\/\/api.w.org\/{rel}","templated":true}]}}