{"id":5759,"date":"2018-05-16T15:00:16","date_gmt":"2018-05-16T14:00:16","guid":{"rendered":"http:\/\/bisbalpenedes.com\/web\/?p=5759"},"modified":"2018-05-16T15:00:16","modified_gmt":"2018-05-16T14:00:16","slug":"la-bisbal-del-penedes-acollira-dos-dels-espectacles-del-festival-eva-els-dies-10-i-14-de-juny","status":"publish","type":"post","link":"https:\/\/bisbalpenedes.com\/web\/2018\/05\/16\/la-bisbal-del-penedes-acollira-dos-dels-espectacles-del-festival-eva-els-dies-10-i-14-de-juny\/","title":{"rendered":"La Bisbal del Pened\u00e8s acollir\u00e0 dos dels espectacles del Festival EVA els dies 10 i 14 de juny"},"content":{"rendered":"<p><a href=\"http:\/\/bisbalpenedes.com\/web\/wp-content\/uploads\/2018\/05\/Eva18_Cartells_LaBisbal.jpg\"><img loading=\"lazy\" class=\"aligncenter size-medium wp-image-5760\" src=\"http:\/\/bisbalpenedes.com\/web\/wp-content\/uploads\/2018\/05\/Eva18_Cartells_LaBisbal-212x300.jpg\" alt=\"Eva18_Cartells_LaBisbal\" width=\"212\" height=\"300\" srcset=\"https:\/\/bisbalpenedes.com\/web\/wp-content\/uploads\/2018\/05\/Eva18_Cartells_LaBisbal-212x300.jpg 212w, https:\/\/bisbalpenedes.com\/web\/wp-content\/uploads\/2018\/05\/Eva18_Cartells_LaBisbal-600x848.jpg 600w, https:\/\/bisbalpenedes.com\/web\/wp-content\/uploads\/2018\/05\/Eva18_Cartells_LaBisbal-768x1086.jpg 768w, https:\/\/bisbalpenedes.com\/web\/wp-content\/uploads\/2018\/05\/Eva18_Cartells_LaBisbal-724x1024.jpg 724w, https:\/\/bisbalpenedes.com\/web\/wp-content\/uploads\/2018\/05\/Eva18_Cartells_LaBisbal.jpg 1754w\" sizes=\"(max-width: 212px) 100vw, 212px\" \/><\/a><\/p>\n<p><strong>CATAL\u00c0<\/strong> | La Regidoria de Cultura de l\u2019Ajuntament de la Bisbal del Pened\u00e8s ha programat dos espectacles gratu\u00efts en el marc del Festival EVA. D\u2019una banda, el p\u00fablic bisbalenc podr\u00e0 gaudir d\u2019<strong>Una carretada de contes<\/strong> de La Guilla Teatre el dia <strong>10 de juny de 2018<\/strong>. Aquest espectacle, que comen\u00e7ar\u00e0 a les <strong>12h a la Timba<\/strong> (carrer Pare Junqu\u00e9), versa sobre dos personatges estranys i molt curiosos que arriben a la Bisbal: la Filigrana Gr\u00e0cia i el Joseph Tour. Ambd\u00f3s van acompanyats d\u2019un carro carregat d\u2019hist\u00f2ries, adre\u00e7ades a un p\u00fablic familiar, que han anat recollint al llarg dels anys. D\u2019altra banda el <strong>14 de juny a les 20h l\u2019Auditori Salb\u00e0<\/strong> del CMC acollir\u00e0 <strong>Las travesuras de Eros<\/strong> de Sandra Rossi, quatre relats carregats d\u2019erotisme i adre\u00e7ats al p\u00fablic adult.<\/p>\n<p>La regidora de Cultura, Judit Vidal, s\u2019ha mostrat engrescada amb la iniciativa \u201c\u00e9s la primera vegada que la Bisbal acull aquest festival i esperem que la iniciativa sigui un \u00e8xit i es pugui repetir\u201d.<\/p>\n<p>El Festival En Veu Alta (EVA) \u00e9s un festival de narraci\u00f3 i tradici\u00f3 oral que es va comen\u00e7ar a organitzar el 2005 i que, des d\u2019aleshores, ha voltat per diversos escenaris de Catalunya. En l\u2019actualitat el festival ofereix espectacles de petit format basats en les capacitats comunicatives de narradors, glosadors, cantants, actors, versadors o rapsodes. Una de les singularitats del festival \u00e9s que, en molts casos, els llocs on es duen a terme les actuacions s\u00f3n espais esc\u00e8nics no convencionals com en el cas de l\u2019espectacle que tindr\u00e0 com a escenari la Timba de la Bisbal.<\/p>\n<hr \/>\n<p><strong>CASTELLANO<\/strong> | La Regidoria de Cultura del Ayuntamiento de la Bisbal del Pened\u00e8s ha programado dos espect\u00e1culos gratuitos en el marco del Festival EVA. Por un lado, el p\u00fablico bisbalenc podr\u00e1 disfrutar de Una carretada de contes de La Guilla Teatre el d\u00eda 10 de junio del 2018. Este espect\u00e1culo, que empezar\u00e1 a las 12h en la Timba (carrer Pare Junqu\u00e9), trata sobre dos personajes extra\u00f1os y muy curiosos que llegan a la Bisbal: la Filigrana Gr\u00e0cia i el Joseph Tour. Ambos van acompa\u00f1ados de un carro cargado de historias, dirigidas a un p\u00fablico familiar, que han ido recogiendo a lo largo de los a\u00f1os. Por otro lado el 14 de junio a las 20h el Auditori Salb\u00e0 del CMC acoger\u00e1 Las travesuras de Eros de Sandra Rossi, cuatro relatos cargados de erotismo y dirigidos al p\u00fablico adulto.<\/p>\n<p>La regidora de Cultura, Judit Vidal, se ha mostrado muy animada con la iniciativa \u201ces la primera vez que la Bisbal acoge este festival y esperamos que la iniciativa sea un \u00e9xito y se pueda repetir\u201d.<\/p>\n<p>El Festival En Veu Alta (EVA) es un festival de narraci\u00f3n y tradici\u00f3n oral que empez\u00f3 a organizarse en el 2005 y que, desde entonces, ha girado por varios escenarios de Catalunya. En la actualidad el festival ofrece espect\u00e1culos de peque\u00f1o formato basado en las capacidades comunicativas de narradores, glosadores, cantantes, actores, versadores o rapsodas. Una de las singularidades del festival es que, en muchos casos, los lugares donde se llevan a cabo las actuaciones son espacios esc\u00e9nicos no convencionales como en el caso del espect\u00e1culo que tendr\u00e1 como escenario la Timba de la Bisbal.<\/p>\n<p>&nbsp;<\/p>\n<p>&nbsp;<\/p>\n<p>&nbsp;<\/p>\n","protected":false},"excerpt":{"rendered":"<p>CATAL\u00c0 | La Regidoria de Cultura de l\u2019Ajuntament de la Bisbal del Pened\u00e8s ha programat dos espectacles gratu\u00efts en el marc del Festival EVA. D\u2019una banda, el p\u00fablic bisbalenc podr\u00e0 &hellip; <a href=\"https:\/\/bisbalpenedes.com\/web\/2018\/05\/16\/la-bisbal-del-penedes-acollira-dos-dels-espectacles-del-festival-eva-els-dies-10-i-14-de-juny\/\" class=\"more-link\">Read More<\/a><\/p>\n","protected":false},"author":4,"featured_media":5760,"comment_status":"closed","ping_status":"closed","sticky":false,"template":"","format":"standard","meta":[],"categories":[13],"tags":[226,302,1808,1807,1810,1812,1811,1813,1809],"_links":{"self":[{"href":"https:\/\/bisbalpenedes.com\/web\/wp-json\/wp\/v2\/posts\/5759"}],"collection":[{"href":"https:\/\/bisbalpenedes.com\/web\/wp-json\/wp\/v2\/posts"}],"about":[{"href":"https:\/\/bisbalpenedes.com\/web\/wp-json\/wp\/v2\/types\/post"}],"author":[{"embeddable":true,"href":"https:\/\/bisbalpenedes.com\/web\/wp-json\/wp\/v2\/users\/4"}],"replies":[{"embeddable":true,"href":"https:\/\/bisbalpenedes.com\/web\/wp-json\/wp\/v2\/comments?post=5759"}],"version-history":[{"count":1,"href":"https:\/\/bisbalpenedes.com\/web\/wp-json\/wp\/v2\/posts\/5759\/revisions"}],"predecessor-version":[{"id":5761,"href":"https:\/\/bisbalpenedes.com\/web\/wp-json\/wp\/v2\/posts\/5759\/revisions\/5761"}],"wp:featuredmedia":[{"embeddable":true,"href":"https:\/\/bisbalpenedes.com\/web\/wp-json\/wp\/v2\/media\/5760"}],"wp:attachment":[{"href":"https:\/\/bisbalpenedes.com\/web\/wp-json\/wp\/v2\/media?parent=5759"}],"wp:term":[{"taxonomy":"category","embeddable":true,"href":"https:\/\/bisbalpenedes.com\/web\/wp-json\/wp\/v2\/categories?post=5759"},{"taxonomy":"post_tag","embeddable":true,"href":"https:\/\/bisbalpenedes.com\/web\/wp-json\/wp\/v2\/tags?post=5759"}],"curies":[{"name":"wp","href":"https:\/\/api.w.org\/{rel}","templated":true}]}}