{"id":5747,"date":"2018-05-15T13:15:46","date_gmt":"2018-05-15T12:15:46","guid":{"rendered":"http:\/\/bisbalpenedes.com\/web\/?p=5747"},"modified":"2018-05-15T13:16:25","modified_gmt":"2018-05-15T12:16:25","slug":"lajuntament-sofereix-a-patrocinar-bisbalencs-i-bisbalenques-que-realitzin-activitats-esportives-o-culturals-en-ambits-supramunicipals-nacionals-i-internacionals-per-tercer-any-consec","status":"publish","type":"post","link":"https:\/\/bisbalpenedes.com\/web\/2018\/05\/15\/lajuntament-sofereix-a-patrocinar-bisbalencs-i-bisbalenques-que-realitzin-activitats-esportives-o-culturals-en-ambits-supramunicipals-nacionals-i-internacionals-per-tercer-any-consec\/","title":{"rendered":"L\u2019Ajuntament s\u2019ofereix a patrocinar bisbalencs que realitzin activitats esportives o culturals en \u00e0mbits supramunicipals nacionals i internacionals per tercer any consecutiu"},"content":{"rendered":"<p style=\"text-align: justify;\"><span style=\"color: #000000;\"><strong>CATAL\u00c0<\/strong> |L\u2019Ajuntament de la Bisbal del Pened\u00e8s s\u2019ofereix, per tercer any consecutiu, a patrocinar aquells bisbalencs i aquelles bisbalenques que realitzin activitats esportives o culturals en \u00e0mbits supramunicipals nacionals i internacionals, que tinguin importants despeses econ\u00f2miques inherents a l\u2019activitat i que puguin portar impr\u00e8s el nom i l\u2019escut del poble all\u00e0 on vagin a realitzar campionats, exposicions, confer\u00e8ncies o altres activitats relacionades amb el seu camp\u00a0 d\u2019actuaci\u00f3.<\/span><\/p>\n<p style=\"text-align: justify;\"><span style=\"color: #000000;\">Enguany l\u2019Ajuntament de la Bisbal del Pened\u00e8s compta amb 2.000\u20ac destinats a patrocinis. Els interessats (que no poden ser receptors de cap altra subvenci\u00f3 ni ajuda de cap ens p\u00fablic, tot i que s\u00ed que poden tenir altres patrocinadors) hauran d\u2019entrar una sol\u00b7licitud per registre a l\u2019Ajuntament de la Bisbal explicant quina \u00e9s la seva activitat, l\u2019\u00e0mbit en qu\u00e8 s\u2019engloba (cultural, esportiu o altres) i el tipus de convocat\u00f2ries nacionals o internacionals en les quals participa. El termini per presentar sol\u00b7licituds estar\u00e0 obert fins al 15 de juny de 2018 (incl\u00f2s). Aquesta petici\u00f3 ser\u00e0 valorada per la Junta de Govern Local.<\/span><\/p>\n<h6 style=\"text-align: center;\"><a href=\"http:\/\/bisbalpenedes.com\/web\/wp-content\/uploads\/2017\/08\/ORIOL-RODRIGUEZ-PILOT-MOTO.jpg\"><img loading=\"lazy\" class=\"aligncenter size-medium wp-image-3041\" src=\"http:\/\/bisbalpenedes.com\/web\/wp-content\/uploads\/2017\/08\/ORIOL-RODRIGUEZ-PILOT-MOTO-300x199.jpg\" alt=\"ORIOL RODRIGUEZ-PILOT MOTO\" width=\"300\" height=\"199\" srcset=\"https:\/\/bisbalpenedes.com\/web\/wp-content\/uploads\/2017\/08\/ORIOL-RODRIGUEZ-PILOT-MOTO-300x199.jpg 300w, https:\/\/bisbalpenedes.com\/web\/wp-content\/uploads\/2017\/08\/ORIOL-RODRIGUEZ-PILOT-MOTO-600x400.jpg 600w, https:\/\/bisbalpenedes.com\/web\/wp-content\/uploads\/2017\/08\/ORIOL-RODRIGUEZ-PILOT-MOTO-1024x682.jpg 1024w, https:\/\/bisbalpenedes.com\/web\/wp-content\/uploads\/2017\/08\/ORIOL-RODRIGUEZ-PILOT-MOTO.jpg 1600w\" sizes=\"(max-width: 300px) 100vw, 300px\" \/><\/a>Imatge d&#8217;arxiu del pilot bisbalenc Oriol Rodr\u00edguez, patrocinat per l&#8217;Ajuntament de la Bisbal<\/h6>\n<p style=\"text-align: justify;\"><span style=\"color: #000000;\"><strong>CASTELLANO<\/strong> | El Ayuntamiento de la Bisbal del Pened\u00e8s se ofrece, por tercer a\u00f1o consecutivo, a patrocinar aquellos bisbalencs y aquellas bisbalenques que realicen actividades deportivas o culturales en \u00e1mbitos supramunicipales nacionales e internacionales, que tengan grandes gastos econ\u00f3micos inherentes a la actividad y que puedan llevar impreso el nombre y el escudo del municipio all\u00ed donde vayan a realizar campeonatos, exposiciones, conferencias o otras actividades relacionadas con su campo de actuaci\u00f3n.<\/span><\/p>\n<p style=\"text-align: justify;\"><span style=\"color: #000000;\">Este a\u00f1o el Ayuntamiento de la Bisbal del Pened\u00e8s cuenta con 2.000\u20ac destinados a patrocinios. Los interesados (que no pueden ser receptores de ninguna otra subvenci\u00f3n ni ayuda de ninguna entidad p\u00fablica, aunque s\u00ed que pueden tener otros patrocinadores) deber\u00e1n entrar una solicitud por registro en el Ayuntamiento de la Bisbal explicando cual es su actividad, el \u00e1mbito en el que se engloba (cultural, deportivo u otros) y el tipo de convocatorias nacionales o internacionales en las cuales participa. El plazo para presentar solicitudes estar\u00e1 abierto hasta el 15 de junio del 2018 (incluido). Esta petici\u00f3n ser\u00e1 valorada por la Junta de Gobierno Local.<\/span><\/p>\n","protected":false},"excerpt":{"rendered":"<p>CATAL\u00c0 |L\u2019Ajuntament de la Bisbal del Pened\u00e8s s\u2019ofereix, per tercer any consecutiu, a patrocinar aquells bisbalencs i aquelles bisbalenques que realitzin activitats esportives o culturals en \u00e0mbits supramunicipals nacionals i &hellip; <a href=\"https:\/\/bisbalpenedes.com\/web\/2018\/05\/15\/lajuntament-sofereix-a-patrocinar-bisbalencs-i-bisbalenques-que-realitzin-activitats-esportives-o-culturals-en-ambits-supramunicipals-nacionals-i-internacionals-per-tercer-any-consec\/\" class=\"more-link\">Read More<\/a><\/p>\n","protected":false},"author":4,"featured_media":2517,"comment_status":"closed","ping_status":"closed","sticky":false,"template":"","format":"standard","meta":[],"categories":[8],"tags":[319,471,1801,1804,1803,1802,455,1806,1805],"_links":{"self":[{"href":"https:\/\/bisbalpenedes.com\/web\/wp-json\/wp\/v2\/posts\/5747"}],"collection":[{"href":"https:\/\/bisbalpenedes.com\/web\/wp-json\/wp\/v2\/posts"}],"about":[{"href":"https:\/\/bisbalpenedes.com\/web\/wp-json\/wp\/v2\/types\/post"}],"author":[{"embeddable":true,"href":"https:\/\/bisbalpenedes.com\/web\/wp-json\/wp\/v2\/users\/4"}],"replies":[{"embeddable":true,"href":"https:\/\/bisbalpenedes.com\/web\/wp-json\/wp\/v2\/comments?post=5747"}],"version-history":[{"count":3,"href":"https:\/\/bisbalpenedes.com\/web\/wp-json\/wp\/v2\/posts\/5747\/revisions"}],"predecessor-version":[{"id":5750,"href":"https:\/\/bisbalpenedes.com\/web\/wp-json\/wp\/v2\/posts\/5747\/revisions\/5750"}],"wp:featuredmedia":[{"embeddable":true,"href":"https:\/\/bisbalpenedes.com\/web\/wp-json\/wp\/v2\/media\/2517"}],"wp:attachment":[{"href":"https:\/\/bisbalpenedes.com\/web\/wp-json\/wp\/v2\/media?parent=5747"}],"wp:term":[{"taxonomy":"category","embeddable":true,"href":"https:\/\/bisbalpenedes.com\/web\/wp-json\/wp\/v2\/categories?post=5747"},{"taxonomy":"post_tag","embeddable":true,"href":"https:\/\/bisbalpenedes.com\/web\/wp-json\/wp\/v2\/tags?post=5747"}],"curies":[{"name":"wp","href":"https:\/\/api.w.org\/{rel}","templated":true}]}}