{"id":5744,"date":"2018-05-15T11:26:09","date_gmt":"2018-05-15T10:26:09","guid":{"rendered":"http:\/\/bisbalpenedes.com\/web\/?p=5744"},"modified":"2018-05-22T11:58:56","modified_gmt":"2018-05-22T10:58:56","slug":"el-26-de-maig-podreu-veure-la-pellicula-pau-la-forca-dun-silenci-a-lauditori-salba-del-cmc","status":"publish","type":"post","link":"https:\/\/bisbalpenedes.com\/web\/2018\/05\/15\/el-26-de-maig-podreu-veure-la-pellicula-pau-la-forca-dun-silenci-a-lauditori-salba-del-cmc\/","title":{"rendered":"El 26 de maig podreu veure la pel\u00b7l\u00edcula &#8216;Pau, la for\u00e7a d&#8217;un silenci&#8217; a l&#8217;Auditori Salb\u00e0 del CMC"},"content":{"rendered":"<p><a href=\"http:\/\/bisbalpenedes.com\/web\/wp-content\/uploads\/2018\/05\/cartell_gaudi_26_maig.jpg\"><img loading=\"lazy\" class=\"aligncenter size-medium wp-image-5830\" src=\"http:\/\/bisbalpenedes.com\/web\/wp-content\/uploads\/2018\/05\/cartell_gaudi_26_maig-216x300.jpg\" alt=\"cartell_gaudi_26_maig\" width=\"216\" height=\"300\" srcset=\"https:\/\/bisbalpenedes.com\/web\/wp-content\/uploads\/2018\/05\/cartell_gaudi_26_maig-216x300.jpg 216w, https:\/\/bisbalpenedes.com\/web\/wp-content\/uploads\/2018\/05\/cartell_gaudi_26_maig-600x834.jpg 600w, https:\/\/bisbalpenedes.com\/web\/wp-content\/uploads\/2018\/05\/cartell_gaudi_26_maig.jpg 602w\" sizes=\"(max-width: 216px) 100vw, 216px\" \/><\/a><\/p>\n<p><strong>CATAL\u00c0<\/strong>\u00a0| El dissabte 26 de maig a les 19h, podeu veure\u00a0\u201cPau, la for\u00e7a d&#8217;un silenci\u201d,\u00a0dirigida per\u00a0Manuel Huerga, a l&#8217;Auditori Salb\u00e0 del CMC.<\/p>\n<div class=\"wpb_text_column wpb_content_element \">\n<div class=\"wpb_wrapper\">\n<div class=\"wpb_text_column wpb_content_element \">\n<div class=\"wpb_wrapper\">\n<div class=\"wpb_text_column wpb_content_element \">\n<div class=\"wpb_wrapper\">\n<div class=\"wpb_text_column wpb_content_element \">\n<div class=\"wpb_wrapper\">\n<h4>FITXA\u00a0T\u00c8CNICA<\/h4>\n<\/div>\n<\/div>\n<div class=\"wpb_text_column wpb_content_element \">\n<div class=\"wpb_wrapper\">\n<p><i class=\"qode_icon_font_awesome fa fa-chevron-right qode_icon_element\"><\/i>\u00a0Direcci\u00f3:\u00a0<strong>Manuel Huerga<\/strong><\/p>\n<p><i class=\"qode_icon_font_awesome fa fa-chevron-right qode_icon_element\"><\/i>\u00a0Gui\u00f3:\u00a0<strong>Jordi Vallejo i Maria Ja\u00e9n<\/strong><\/p>\n<p><i class=\"qode_icon_font_awesome fa fa-chevron-right qode_icon_element\"><\/i>\u00a0M\u00fasica:\u00a0<strong>Xavi Capellas<\/strong><\/p>\n<p><i class=\"qode_icon_font_awesome fa fa-chevron-right qode_icon_element\"><\/i>\u00a0Estrena:\u00a0<strong>Juny de 2017<\/strong><\/p>\n<p><i class=\"qode_icon_font_awesome fa fa-chevron-right qode_icon_element\"><\/i>\u00a0Durada:\u00a0<strong>97\u00a0min.<\/strong><\/p>\n<p><i class=\"qode_icon_font_awesome fa fa-chevron-right qode_icon_element\"><\/i>\u00a0G\u00e8nere:\u00a0<strong>Biopic<\/strong><\/p>\n<p><i class=\"qode_icon_font_awesome fa fa-chevron-right qode_icon_element\"><\/i>\u00a0Versi\u00f3:\u00a0<strong>Original en catal\u00e0<\/strong><\/p>\n<p><i class=\"qode_icon_font_awesome fa fa-chevron-right qode_icon_element\"><\/i>\u00a0Int\u00e8rprets:<\/p>\n<p><strong>Joan Pera, Nao Albet, Carme Sansa, Marc Cartes, Albert P\u00e9rez, Joan Carreras, Josean Bengoetxea, David Bag\u00e8s, Manel Dueso.<\/strong><\/p>\n<\/div>\n<\/div>\n<\/div>\n<\/div>\n<\/div>\n<\/div>\n<div class=\"wpb_text_column wpb_content_element \">\n<div class=\"wpb_wrapper\">\n<h4>SINOPSI<\/h4>\n<\/div>\n<\/div>\n<div class=\"wpb_text_column wpb_content_element \">\n<div class=\"wpb_wrapper\">\n<p>A mitjans dels anys 40, Pau Casals, considerat el millor int\u00e8rpret del moment i exiliat a Prada de Conflent, ha decidit no tocar m\u00e9s en p\u00fablic fins que la dictadura de Franco no caigui.<br \/>\nPierre, un jove franc\u00e9s a qui el mestre fa classes, intentar\u00e0 convence\u2019l que faci un concert extraordinari que es pot convertir en homenatge a la llibertat.<\/p>\n<\/div>\n<\/div>\n<\/div>\n<\/div>\n<div class=\"wpb_text_column wpb_content_element \">\n<p><strong>Tr\u00e0iler:<\/strong><\/p>\n<p style=\"text-align: center;\"><iframe loading=\"lazy\" src=\"https:\/\/www.youtube.com\/embed\/Dx-pXvWrDOA\" width=\"560\" height=\"315\" frameborder=\"0\" allowfullscreen=\"allowfullscreen\"><\/iframe><\/p>\n<p>El preu general de l\u2019entrada ser\u00e0 de 4,5\u20ac i un preu redu\u00eft de 3\u20ac presentant el carnet de la Biblioteca Municipal de La Bisbal.<\/p>\n<p>Quant a la recaptaci\u00f3, aquesta es destinar\u00e0 a l\u2019entitat del poble que s\u2019encarregui de gestionar la taquilla en cadascuna de les projeccions, en aquest cas\u00a0l&#8217;Associaci\u00f3 de la Gent Gran.<\/p>\n<p>Per a m\u00e9s informaci\u00f3 podeu anar a l\u2019enlla\u00e7:\u00a0<a href=\"http:\/\/www.ciclegaudi.cat\/cartellera\/pau-la-forca-dun-silenci\/\" target=\"_blank\">http:\/\/www.ciclegaudi.cat\/cartellera\/pau-la-forca-dun-silenci\/<\/a><\/p>\n<\/div>\n<p>&nbsp;<\/p>\n<p><strong>CASTELLANO |<\/strong>\u00a0El\u00a0s\u00e1bado 26 de mayo a las 19h\u00a0podr\u00e9is ver \u201cPau, la for\u00e7a d&#8217;un silenci\u201d, dirigda por Manuel Huerga, en el Auditorio Salb\u00e0 del CMC.<\/p>\n<div class=\"wpb_text_column wpb_content_element \">\n<div class=\"wpb_wrapper\">\n<div class=\"wpb_text_column wpb_content_element \">\n<div class=\"wpb_wrapper\">\n<div class=\"wpb_text_column wpb_content_element \">\n<div class=\"wpb_wrapper\">\n<div class=\"wpb_text_column wpb_content_element \">\n<div class=\"wpb_wrapper\">\n<h4>FICHA T\u00c9CNICA<\/h4>\n<\/div>\n<\/div>\n<div class=\"wpb_text_column wpb_content_element \">\n<div class=\"wpb_wrapper\">\n<p><i class=\"qode_icon_font_awesome fa fa-chevron-right qode_icon_element\"><\/i>\u00a0Direcci\u00f3n:\u00a0<strong>Manuel Huerga<\/strong><\/p>\n<p><i class=\"qode_icon_font_awesome fa fa-chevron-right qode_icon_element\"><\/i>\u00a0Gui\u00f3n:\u00a0<strong>Jordi Vallejo i Maria Ja\u00e9n<\/strong><\/p>\n<p><i class=\"qode_icon_font_awesome fa fa-chevron-right qode_icon_element\"><\/i>\u00a0M\u00fasica:\u00a0<strong>Xavi Capellas<\/strong><\/p>\n<p><i class=\"qode_icon_font_awesome fa fa-chevron-right qode_icon_element\"><\/i>\u00a0Estreno:\u00a0<strong>Juny de 2017<\/strong><\/p>\n<p><i class=\"qode_icon_font_awesome fa fa-chevron-right qode_icon_element\"><\/i>\u00a0Duraci\u00f3n:\u00a0<strong>97\u00a0min.<\/strong><\/p>\n<p><i class=\"qode_icon_font_awesome fa fa-chevron-right qode_icon_element\"><\/i>\u00a0G\u00e9nero:\u00a0<strong>Biopic<\/strong><\/p>\n<p><i class=\"qode_icon_font_awesome fa fa-chevron-right qode_icon_element\"><\/i>\u00a0Versi\u00f3n:\u00a0<strong>Original en catal\u00e0<\/strong><\/p>\n<p><i class=\"qode_icon_font_awesome fa fa-chevron-right qode_icon_element\"><\/i>\u00a0Int\u00e9rpretes:<\/p>\n<p><strong>Joan Pera, Nao Albet, Carme Sansa, Marc Cartes, Albert P\u00e9rez, Joan Carreras, Josean Bengoetxea, David Bag\u00e8s, Manel Dueso.<\/strong><\/p>\n<\/div>\n<\/div>\n<\/div>\n<\/div>\n<\/div>\n<\/div>\n<div class=\"wpb_text_column wpb_content_element \">\n<div class=\"wpb_wrapper\">\n<h4>SINOPSIS<\/h4>\n<\/div>\n<\/div>\n<div class=\"wpb_text_column wpb_content_element \">\n<div class=\"wpb_wrapper\">\n<p>A mediados de los a\u00f1os 40, Pau Casals, considerado el mejor int\u00e9rprete del momento y exiliado en Prada de Conflent, decide no tocar m\u00e1s en p\u00fablico hasta que caiga la dictadura de Franco.<\/p>\n<p>Pierre, un joven franc\u00e9s a quien el maestro le hace clase, intentar\u00e1 convencerlo de que haga un concierto extraordinario que se podr\u00eda convertir en un homenaje a la libertad.<\/p>\n<\/div>\n<\/div>\n<\/div>\n<\/div>\n<div class=\"wpb_text_column wpb_content_element \">\n<p style=\"text-align: center;\"><strong>Trailer:<\/strong><br \/>\n<iframe loading=\"lazy\" src=\"https:\/\/www.youtube.com\/embed\/Dx-pXvWrDOA\" width=\"560\" height=\"315\" frameborder=\"0\" allowfullscreen=\"allowfullscreen\"><\/iframe><\/p>\n<p>El precio general de la entrada ser\u00e1 de 4,5\u20ac y un precio reducido de 3\u20ac presentando el carn\u00e9 de la Biblioteca Municipal de la Bisbal.<\/p>\n<p>La recaudaci\u00f3n se destinar\u00e1 a la entidad del pueblo que se encargue de gestionar la taquilla en cada una de las proyecciones, en este caso el beneficio ser\u00e1 para\u00a0la Associaci\u00f3 de la Gent Gran<\/p>\n<p>Para m\u00e1s informaci\u00f3n pod\u00e9is ir al enlace:\u00a0<a href=\"http:\/\/www.ciclegaudi.cat\/cartellera\/pau-la-forca-dun-silenci\/\" target=\"_blank\">http:\/\/www.ciclegaudi.cat\/cartellera\/pau-la-forca-dun-silenci\/<\/a><\/p>\n<\/div>\n","protected":false},"excerpt":{"rendered":"<p>CATAL\u00c0\u00a0| El dissabte 26 de maig a les 19h, podeu veure\u00a0\u201cPau, la for\u00e7a d&#8217;un silenci\u201d,\u00a0dirigida per\u00a0Manuel Huerga, a l&#8217;Auditori Salb\u00e0 del CMC. FITXA\u00a0T\u00c8CNICA \u00a0Direcci\u00f3:\u00a0Manuel Huerga \u00a0Gui\u00f3:\u00a0Jordi Vallejo i Maria Ja\u00e9n &hellip; <a href=\"https:\/\/bisbalpenedes.com\/web\/2018\/05\/15\/el-26-de-maig-podreu-veure-la-pellicula-pau-la-forca-dun-silenci-a-lauditori-salba-del-cmc\/\" class=\"more-link\">Read More<\/a><\/p>\n","protected":false},"author":4,"featured_media":5830,"comment_status":"closed","ping_status":"closed","sticky":false,"template":"","format":"standard","meta":[],"categories":[13],"tags":[180,308,307,752,1799,318,1800,1798],"_links":{"self":[{"href":"https:\/\/bisbalpenedes.com\/web\/wp-json\/wp\/v2\/posts\/5744"}],"collection":[{"href":"https:\/\/bisbalpenedes.com\/web\/wp-json\/wp\/v2\/posts"}],"about":[{"href":"https:\/\/bisbalpenedes.com\/web\/wp-json\/wp\/v2\/types\/post"}],"author":[{"embeddable":true,"href":"https:\/\/bisbalpenedes.com\/web\/wp-json\/wp\/v2\/users\/4"}],"replies":[{"embeddable":true,"href":"https:\/\/bisbalpenedes.com\/web\/wp-json\/wp\/v2\/comments?post=5744"}],"version-history":[{"count":3,"href":"https:\/\/bisbalpenedes.com\/web\/wp-json\/wp\/v2\/posts\/5744\/revisions"}],"predecessor-version":[{"id":5832,"href":"https:\/\/bisbalpenedes.com\/web\/wp-json\/wp\/v2\/posts\/5744\/revisions\/5832"}],"wp:featuredmedia":[{"embeddable":true,"href":"https:\/\/bisbalpenedes.com\/web\/wp-json\/wp\/v2\/media\/5830"}],"wp:attachment":[{"href":"https:\/\/bisbalpenedes.com\/web\/wp-json\/wp\/v2\/media?parent=5744"}],"wp:term":[{"taxonomy":"category","embeddable":true,"href":"https:\/\/bisbalpenedes.com\/web\/wp-json\/wp\/v2\/categories?post=5744"},{"taxonomy":"post_tag","embeddable":true,"href":"https:\/\/bisbalpenedes.com\/web\/wp-json\/wp\/v2\/tags?post=5744"}],"curies":[{"name":"wp","href":"https:\/\/api.w.org\/{rel}","templated":true}]}}