{"id":5741,"date":"2018-05-15T10:07:32","date_gmt":"2018-05-15T09:07:32","guid":{"rendered":"http:\/\/bisbalpenedes.com\/web\/?p=5741"},"modified":"2018-05-15T10:07:32","modified_gmt":"2018-05-15T09:07:32","slug":"lajuntament-fara-una-nova-franja-forestal-a-lesplai-i-can-gordei","status":"publish","type":"post","link":"https:\/\/bisbalpenedes.com\/web\/2018\/05\/15\/lajuntament-fara-una-nova-franja-forestal-a-lesplai-i-can-gordei\/","title":{"rendered":"L&#8217;Ajuntament far\u00e0 una nova franja forestal a l&#8217;Esplai i Can Gordei"},"content":{"rendered":"<p style=\"text-align: justify;\"><span style=\"color: #000000;\"><strong>CATAL\u00c0<\/strong> | L\u2019Ajuntament de la Bisbal del Pened\u00e8s, a petici\u00f3 de la Regidoria de Medi Ambient, crear\u00e0 una franja forestal de 9 hect\u00e0rees a l\u2019Esplai, entre els carrers Joan Gris, Joan Mir\u00f3, Josep de Ribera, Llu\u00eds Dalmau, Jaume Huguet i Pablo Picasso. Tamb\u00e9 es far\u00e0 un tram a Can Gordei, al carrer Llobregat.<\/span><\/p>\n<p style=\"text-align: justify;\"><span style=\"color: #000000;\">Una empresa especialitzada iniciar\u00e0 els treballs la setmana vinent, unes feines que pretenen incrementar la seguretat en aquesta zona, amb l\u2019objectiu de gestionar i controlar el foc per part dels bombers, en cas d\u2019incendi forestal a la zona, i aix\u00ed, evitar l\u2019expansi\u00f3 cap a altres zones, vetllant per la protecci\u00f3 de les persones, la vegetaci\u00f3, l\u2019ecosistema i els b\u00e9ns i propietats dels ve\u00efns del municipi.<\/span><\/p>\n<p style=\"text-align: justify;\">\n<p style=\"text-align: justify;\"><span style=\"color: #000000;\"><strong>CASTELLANO<\/strong> | El Ayuntamiento de la Bisbal del Pened\u00e8s, a petici\u00f3n de la Regidoria de Medio Ambiente, crear\u00e1 una franja forestal de 9 hectareas en el Esplai, entre las calles Joan Gris, Joan Mir\u00f3, Josep de Ribera, Llu\u00eds Dalmau, Jaume Huguet y Pablo Picasso. Tambi\u00e9n se har\u00e1 un tramo en Can Gordei, en la calle Llobregat.<\/span><\/p>\n<p style=\"text-align: justify;\"><span style=\"color: #000000;\">Una empresa especializada iniciar\u00e1 los trabajos la semana que viene, unos trabajos que pretenden incrementar la seguridad en esta zona, con el objetivo de gestionar y controlar el fuego por parte de los bomberos, en caso de incendio forestal en la zona, y de este modo, evitar la expansi\u00f3n hacia otras zonas, velando por la protecci\u00f3n de las personas, la vegetaci\u00f3n, el ecosistema y los bienes y propiedades de los vecinos del municipio.<\/span><\/p>\n","protected":false},"excerpt":{"rendered":"<p>CATAL\u00c0 | L\u2019Ajuntament de la Bisbal del Pened\u00e8s, a petici\u00f3 de la Regidoria de Medi Ambient, crear\u00e0 una franja forestal de 9 hect\u00e0rees a l\u2019Esplai, entre els carrers Joan Gris, &hellip; <a href=\"https:\/\/bisbalpenedes.com\/web\/2018\/05\/15\/lajuntament-fara-una-nova-franja-forestal-a-lesplai-i-can-gordei\/\" class=\"more-link\">Read More<\/a><\/p>\n","protected":false},"author":4,"featured_media":5742,"comment_status":"closed","ping_status":"closed","sticky":false,"template":"","format":"standard","meta":[],"categories":[32],"tags":[198,138,887,1168,1796,295,1797,46],"_links":{"self":[{"href":"https:\/\/bisbalpenedes.com\/web\/wp-json\/wp\/v2\/posts\/5741"}],"collection":[{"href":"https:\/\/bisbalpenedes.com\/web\/wp-json\/wp\/v2\/posts"}],"about":[{"href":"https:\/\/bisbalpenedes.com\/web\/wp-json\/wp\/v2\/types\/post"}],"author":[{"embeddable":true,"href":"https:\/\/bisbalpenedes.com\/web\/wp-json\/wp\/v2\/users\/4"}],"replies":[{"embeddable":true,"href":"https:\/\/bisbalpenedes.com\/web\/wp-json\/wp\/v2\/comments?post=5741"}],"version-history":[{"count":1,"href":"https:\/\/bisbalpenedes.com\/web\/wp-json\/wp\/v2\/posts\/5741\/revisions"}],"predecessor-version":[{"id":5743,"href":"https:\/\/bisbalpenedes.com\/web\/wp-json\/wp\/v2\/posts\/5741\/revisions\/5743"}],"wp:featuredmedia":[{"embeddable":true,"href":"https:\/\/bisbalpenedes.com\/web\/wp-json\/wp\/v2\/media\/5742"}],"wp:attachment":[{"href":"https:\/\/bisbalpenedes.com\/web\/wp-json\/wp\/v2\/media?parent=5741"}],"wp:term":[{"taxonomy":"category","embeddable":true,"href":"https:\/\/bisbalpenedes.com\/web\/wp-json\/wp\/v2\/categories?post=5741"},{"taxonomy":"post_tag","embeddable":true,"href":"https:\/\/bisbalpenedes.com\/web\/wp-json\/wp\/v2\/tags?post=5741"}],"curies":[{"name":"wp","href":"https:\/\/api.w.org\/{rel}","templated":true}]}}