{"id":574,"date":"2013-07-26T17:48:40","date_gmt":"2013-07-26T11:48:40","guid":{"rendered":"http:\/\/bisbalpenedes.com\/web\/?p=574"},"modified":"2013-08-09T17:46:52","modified_gmt":"2013-08-09T11:46:52","slug":"festa-major-2013","status":"publish","type":"post","link":"https:\/\/bisbalpenedes.com\/web\/2013\/07\/26\/festa-major-2013\/","title":{"rendered":"Festa Major 2013"},"content":{"rendered":"<p>\u00c9S un goig, com cada any, poder presentar el programa d\u2019actes de la Festa Major.<\/p>\n<p>La Festa Major, \u00e9s la festa popular m\u00e9s esperada de l\u2019any per tots els bisbalencs, i enguany, com sempre hem intentat que hi hagi actes ben diversos i per a totes les edats.<\/p>\n<p>No obstant aix\u00f2, tenint present les dificultats econ\u00f2miques que passen moltes fam\u00edlies bisbalenques i tamb\u00e9 el desmoronament del sistema social per part dels governants de la Generalitat i de Madrid, aquest Equip de Govern aposta fort per ajudar els seus convilatans, els bisbalencs m\u00e9s desfavorits. Hem creat ajudes, subvencions per a l\u2019ensenyament, per a l\u2019esport, etc., recolzem als afectats per les hipoteques i als afectats per les preferents.<\/p>\n<p>Fem tot el que \u00e9s al nostre abast i som reconeguts per aquest model social propi que hem creat, cosa que \u00e9s possible \u00fanicament per la bona gesti\u00f3 que duem a terme, at\u00e8s que com a Ajuntament tamb\u00e9 patim les retallades que cada dia s\u00f3n m\u00e9s i m\u00e9s importants, com per exemple en l\u2019Ensenyament.<\/p>\n<p>No \u00e9s de just\u00edcia que \u00e9s retalli en Ensenyament, perqu\u00e8 els infants s\u00f3n el futur, ells han de tenir tot el suport de l\u2019administraci\u00f3 p\u00fablica i a la Bisbal el tenen, si m\u00e9s no, l\u2019Equip de Govern aix\u00ed ho demostra amb la voluntat de subvencionar any rere any els llibres escolars, material i menjador.<\/p>\n<p>Els nens i nenes d\u2019ara s\u00f3n el nostre dem\u00e0 i els hem de formar a trav\u00e9s de l\u2019escola per\u00f2 tamb\u00e9 els pares tenen resposabilitats sobre la seva educaci\u00f3, i una bona forma de recolzar aquesta \u00e9s encoratjant-los a llegir llibres, Perqu\u00e8 amb l\u2019enriquiment de la lectura, acumularan cultura i nom\u00e9s la cultura els far\u00e0 ser el dia de dem\u00e0 uns homes i dones lliures de pensament i de prendre les seves pr\u00f2pies decisions.<\/p>\n<p>Aix\u00ed doncs, l\u2019Equip de Govern organitza com sempre la Festa Major, amb entusiasme, per\u00f2 pensant tamb\u00e9 en les necessitats dels bisbalencs m\u00e9s desfavorits. Tots formem part de la mateixa comunitat.<\/p>\n<p>Una comunitat bisbalenca, de la que tamb\u00e9 formen part els nostres avis i \u00e0vies, la nostra gent gran, de la que me\u2019n sento orgull\u00f3s, perqu\u00e8 quan parlo amb ells, quan escolto les seves viv\u00e8ncies, m\u2019adono que s\u00f3n un pou de saviesa, s\u00f3n persones de les que tenim molt a aprendre. Per aix\u00f2, en homenatge a tots els bisbalencs \u201cgrans\u201d aquest any com a Alcalde em satisf\u00e0 enormement que el preg\u00f3 de la Festa Major, el faci el seu representant: el president de l\u2019Associaci\u00f3 de la Gent Gran, el Sr. Antoni Juncosa Vall\u00e8s el qual ens far\u00e0 els honors de presentar l\u2019inici de la Festa Major.<\/p>\n<p>Us desitijo a tots els bisbalencs i bisbalenques que gaudiu de la Festa Major juntament amb les vostres fam\u00edlies i amics.<\/p>\n<p>Visca la Festa Major de la Bisbal del Pened\u00e8s!!<br \/>\nVisca Catalunya!!<\/p>\n<p>&nbsp;<\/p>\n<p>PROGRAMA DE FESTES EN FORMAT PDF:<a href='http:\/\/bisbalpenedes.com\/web\/wp-content\/uploads\/2013\/07\/fm2013labisbalb.pdf'>fm2013labisbalb<\/a><\/p>\n","protected":false},"excerpt":{"rendered":"<p>\u00c9S un goig, com cada any, poder presentar el programa d\u2019actes de la Festa Major. La Festa Major, \u00e9s la festa popular m\u00e9s esperada de l\u2019any per tots els bisbalencs, &hellip; <a href=\"https:\/\/bisbalpenedes.com\/web\/2013\/07\/26\/festa-major-2013\/\" class=\"more-link\">Read More<\/a><\/p>\n","protected":false},"author":1,"featured_media":575,"comment_status":"closed","ping_status":"open","sticky":false,"template":"","format":"standard","meta":[],"categories":[13],"tags":[78,79],"_links":{"self":[{"href":"https:\/\/bisbalpenedes.com\/web\/wp-json\/wp\/v2\/posts\/574"}],"collection":[{"href":"https:\/\/bisbalpenedes.com\/web\/wp-json\/wp\/v2\/posts"}],"about":[{"href":"https:\/\/bisbalpenedes.com\/web\/wp-json\/wp\/v2\/types\/post"}],"author":[{"embeddable":true,"href":"https:\/\/bisbalpenedes.com\/web\/wp-json\/wp\/v2\/users\/1"}],"replies":[{"embeddable":true,"href":"https:\/\/bisbalpenedes.com\/web\/wp-json\/wp\/v2\/comments?post=574"}],"version-history":[{"count":3,"href":"https:\/\/bisbalpenedes.com\/web\/wp-json\/wp\/v2\/posts\/574\/revisions"}],"predecessor-version":[{"id":588,"href":"https:\/\/bisbalpenedes.com\/web\/wp-json\/wp\/v2\/posts\/574\/revisions\/588"}],"wp:featuredmedia":[{"embeddable":true,"href":"https:\/\/bisbalpenedes.com\/web\/wp-json\/wp\/v2\/media\/575"}],"wp:attachment":[{"href":"https:\/\/bisbalpenedes.com\/web\/wp-json\/wp\/v2\/media?parent=574"}],"wp:term":[{"taxonomy":"category","embeddable":true,"href":"https:\/\/bisbalpenedes.com\/web\/wp-json\/wp\/v2\/categories?post=574"},{"taxonomy":"post_tag","embeddable":true,"href":"https:\/\/bisbalpenedes.com\/web\/wp-json\/wp\/v2\/tags?post=574"}],"curies":[{"name":"wp","href":"https:\/\/api.w.org\/{rel}","templated":true}]}}