{"id":5732,"date":"2018-05-11T11:19:37","date_gmt":"2018-05-11T10:19:37","guid":{"rendered":"http:\/\/bisbalpenedes.com\/web\/?p=5732"},"modified":"2018-05-11T11:19:56","modified_gmt":"2018-05-11T10:19:56","slug":"aquest-dijous-ha-tingut-lloc-la-comissio-de-delimitacio-dels-termes-de-la-bisbal-i-rodonya","status":"publish","type":"post","link":"https:\/\/bisbalpenedes.com\/web\/2018\/05\/11\/aquest-dijous-ha-tingut-lloc-la-comissio-de-delimitacio-dels-termes-de-la-bisbal-i-rodonya\/","title":{"rendered":"Aquest dijous ha tingut lloc la Comissi\u00f3 de Delimitaci\u00f3 dels termes de la Bisbal i Rodony\u00e0"},"content":{"rendered":"<p><a href=\"http:\/\/bisbalpenedes.com\/web\/wp-content\/uploads\/2018\/05\/DSC01932.jpg\"><img loading=\"lazy\" class=\"aligncenter size-medium wp-image-5733\" src=\"http:\/\/bisbalpenedes.com\/web\/wp-content\/uploads\/2018\/05\/DSC01932-300x225.jpg\" alt=\"DSC01932\" width=\"300\" height=\"225\" srcset=\"https:\/\/bisbalpenedes.com\/web\/wp-content\/uploads\/2018\/05\/DSC01932-300x225.jpg 300w, https:\/\/bisbalpenedes.com\/web\/wp-content\/uploads\/2018\/05\/DSC01932-600x450.jpg 600w, https:\/\/bisbalpenedes.com\/web\/wp-content\/uploads\/2018\/05\/DSC01932-768x576.jpg 768w, https:\/\/bisbalpenedes.com\/web\/wp-content\/uploads\/2018\/05\/DSC01932-1024x768.jpg 1024w\" sizes=\"(max-width: 300px) 100vw, 300px\" \/><\/a><\/p>\n<p style=\"text-align: justify;\"><span style=\"color: #000000;\"><strong>CATAL\u00c0<\/strong> | Aquest dijous 10 de maig ha tingut lloc la Comissi\u00f3 de Delimitaci\u00f3 dels termes municipals de Rodony\u00e0 i la Bisbal del Pened\u00e8s. Des de la Generalitat s\u2019estan duent a terme 65 expedients de delimitaci\u00f3 de municipis de Catalunya, alguns dels quals tenen a veure amb la delimitaci\u00f3 de la Bisbal amb altres municipis i, aquesta reuni\u00f3, ha tingut lloc despr\u00e9s que s\u2019aprov\u00e9s per ple l\u2019expedient de delimitaci\u00f3 del terme municipal de la Bisbal del Pened\u00e8s amb Rodony\u00e0, es fes el nomenament de la comissi\u00f3 municipal de delimitaci\u00f3 i es fes arribar la informaci\u00f3 sol\u00b7licitada pel Departament d\u2019Administraci\u00f3 Local de la Generalitat de Catalunya.<\/span><\/p>\n<p style=\"text-align: justify;\"><span style=\"color: #000000;\">Quant a les conclusions que s\u2019extreuen d\u2019aquesta trobada, la delimitaci\u00f3 del terme municipal de la Bisbal amb el de Rodony\u00e0 s\u2019ha hagut de replantejar amb la modificaci\u00f3 de dos punts on hi havia parcel\u00b7les que quedaven dividides entre els dos municipis. Ara, l\u2019acta d\u2019aquesta modificaci\u00f3 s\u2019haur\u00e0 d\u2019aprovar per ple als ajuntaments de la Bisbal i Rodony\u00e0 i, una vegada modificada la delimitaci\u00f3, el nou l\u00edmit passar\u00e0 per un cam\u00ed i, per tant, no dividir\u00e0 aquests terrenys entre dos termes municipals.<\/span><\/p>\n<p style=\"text-align: justify;\"><span style=\"color: #000000;\">A la reuni\u00f3, que s\u2019ha dut a terme a l\u2019Ajuntament de la Bisbal, hi han assistit l\u2019alcaldessa de la Bisbal, dos regidors i el secretari. Per part de Rodony\u00e0, s\u2019ha comptat amb la pres\u00e8ncia de l\u2019alcalde, un regidor i la secret\u00e0ria de l\u2019Ajuntament. Quant a la Generalitat de Catalunya s\u2019ha comptat amb la pres\u00e8ncia del t\u00e8cnic dels Serveis Territorials de Tarragona del Departament de Governaci\u00f3 i el t\u00e8cnic de l\u2019Institut Cartogr\u00e0fic i Geol\u00f2gic de Catalunya.<\/span><\/p>\n<hr \/>\n<p style=\"text-align: justify;\"><span style=\"color: #000000;\"><strong>CASTELLANO<\/strong> | Este jueves 10 de mayo ha tenido lugar la Comisi\u00f3n de Delimitaci\u00f3n de los t\u00e9rminos municipales de Rodony\u00e0 y la Bisbal del Pened\u00e8s. Desde la Generalitat se est\u00e1n llevando a cabo 65 expedientes de delimitaci\u00f3n de municipios de Catalunya, algunos de los cuales tienen que ver con la delimitaci\u00f3n de la Bisbal con otros municipios y, esta reuni\u00f3n, ha tenido lugar despu\u00e9s de qu\u00e9 se aprobase por pleno el expediente de delimitaci\u00f3n del t\u00e9rmino municipal de la Bisbal del Pened\u00e8s, se hiciese el nombramiento de la comisi\u00f3n municipal de delimitaci\u00f3n y se hiciese llegar la informaci\u00f3n solicitada por el Departament d\u2019Administraci\u00f3 Local de la Generalitat de Catalunya.<\/span><\/p>\n<p style=\"text-align: justify;\"><span style=\"color: #000000;\">En cuanto a las conclusiones que se extraen de este encuentro, la delimitaci\u00f3n del t\u00e9rmino municipal de la Bisbal con el de Rodony\u00e0 se ha tenido que replantear con la modificaci\u00f3n de dos puntos d\u00f3nde hab\u00eda parcelas que quedaban divididas entre los dos municipios. Ahora, el acta de esta modificaci\u00f3n deber\u00e1 aprobarse por pleno en los ayuntamientos de la Bisbal y Rodony\u00e0 y, una vez modificada la delimitaci\u00f3n, el nuevo l\u00edmite pasar\u00e1 por un camino y, por lo tanto, no dividir\u00e1 estos terrenos entre los dos t\u00e9rminos municipales.<\/span><\/p>\n<p style=\"text-align: justify;\"><span style=\"color: #000000;\">A la reuni\u00f3n, que se ha llevado a cabo en el Ayuntamiento de la Bisbal, han asistido la alcaldesa de la Bisbal, dos concejales y el secretario. Por parte de Rodony\u00e0, se ha contado con la presencia del alcalde, un concejal y la secretaria del Ayuntamiento. En cuanto a la Generalitat de Catalunya se ha contado con la presencia del t\u00e9cnico de los Serveis Territorials de Tarragona del Departament de Governaci\u00f3 y el t\u00e9cnico del Institut Cartogr\u00e0fic i Geol\u00f2gic de Catalunya.<\/span><\/p>\n<p>&nbsp;<\/p>\n","protected":false},"excerpt":{"rendered":"<p>CATAL\u00c0 | Aquest dijous 10 de maig ha tingut lloc la Comissi\u00f3 de Delimitaci\u00f3 dels termes municipals de Rodony\u00e0 i la Bisbal del Pened\u00e8s. Des de la Generalitat s\u2019estan duent &hellip; <a href=\"https:\/\/bisbalpenedes.com\/web\/2018\/05\/11\/aquest-dijous-ha-tingut-lloc-la-comissio-de-delimitacio-dels-termes-de-la-bisbal-i-rodonya\/\" class=\"more-link\">Read More<\/a><\/p>\n","protected":false},"author":4,"featured_media":5733,"comment_status":"closed","ping_status":"closed","sticky":false,"template":"","format":"standard","meta":[],"categories":[4],"tags":[221,1759,1795,1794,1286,1761],"_links":{"self":[{"href":"https:\/\/bisbalpenedes.com\/web\/wp-json\/wp\/v2\/posts\/5732"}],"collection":[{"href":"https:\/\/bisbalpenedes.com\/web\/wp-json\/wp\/v2\/posts"}],"about":[{"href":"https:\/\/bisbalpenedes.com\/web\/wp-json\/wp\/v2\/types\/post"}],"author":[{"embeddable":true,"href":"https:\/\/bisbalpenedes.com\/web\/wp-json\/wp\/v2\/users\/4"}],"replies":[{"embeddable":true,"href":"https:\/\/bisbalpenedes.com\/web\/wp-json\/wp\/v2\/comments?post=5732"}],"version-history":[{"count":2,"href":"https:\/\/bisbalpenedes.com\/web\/wp-json\/wp\/v2\/posts\/5732\/revisions"}],"predecessor-version":[{"id":5735,"href":"https:\/\/bisbalpenedes.com\/web\/wp-json\/wp\/v2\/posts\/5732\/revisions\/5735"}],"wp:featuredmedia":[{"embeddable":true,"href":"https:\/\/bisbalpenedes.com\/web\/wp-json\/wp\/v2\/media\/5733"}],"wp:attachment":[{"href":"https:\/\/bisbalpenedes.com\/web\/wp-json\/wp\/v2\/media?parent=5732"}],"wp:term":[{"taxonomy":"category","embeddable":true,"href":"https:\/\/bisbalpenedes.com\/web\/wp-json\/wp\/v2\/categories?post=5732"},{"taxonomy":"post_tag","embeddable":true,"href":"https:\/\/bisbalpenedes.com\/web\/wp-json\/wp\/v2\/tags?post=5732"}],"curies":[{"name":"wp","href":"https:\/\/api.w.org\/{rel}","templated":true}]}}