{"id":5725,"date":"2018-05-10T14:48:32","date_gmt":"2018-05-10T13:48:32","guid":{"rendered":"http:\/\/bisbalpenedes.com\/web\/?p=5725"},"modified":"2018-05-16T10:01:04","modified_gmt":"2018-05-16T09:01:04","slug":"aquest-dijous-10-de-maig-ha-tingut-lloc-una-sessio-extraordinaria-del-ple-de-lajuntament-de-la-bisbal","status":"publish","type":"post","link":"https:\/\/bisbalpenedes.com\/web\/2018\/05\/10\/aquest-dijous-10-de-maig-ha-tingut-lloc-una-sessio-extraordinaria-del-ple-de-lajuntament-de-la-bisbal\/","title":{"rendered":"Aquest dijous 10 de maig ha tingut lloc una sessi\u00f3 extraordin\u00e0ria del Ple de l&#8217;Ajuntament de la Bisbal"},"content":{"rendered":"<p style=\"text-align: justify;\"><a href=\"http:\/\/bisbalpenedes.com\/web\/wp-content\/uploads\/2018\/05\/PLE-EXTRAORDINARI-10-5-18.jpg\"><img loading=\"lazy\" class=\"aligncenter size-medium wp-image-5726\" src=\"http:\/\/bisbalpenedes.com\/web\/wp-content\/uploads\/2018\/05\/PLE-EXTRAORDINARI-10-5-18-300x225.jpg\" alt=\"PLE EXTRAORDINARI 10-5-18\" width=\"300\" height=\"225\" srcset=\"https:\/\/bisbalpenedes.com\/web\/wp-content\/uploads\/2018\/05\/PLE-EXTRAORDINARI-10-5-18-300x225.jpg 300w, https:\/\/bisbalpenedes.com\/web\/wp-content\/uploads\/2018\/05\/PLE-EXTRAORDINARI-10-5-18-600x450.jpg 600w, https:\/\/bisbalpenedes.com\/web\/wp-content\/uploads\/2018\/05\/PLE-EXTRAORDINARI-10-5-18-768x576.jpg 768w, https:\/\/bisbalpenedes.com\/web\/wp-content\/uploads\/2018\/05\/PLE-EXTRAORDINARI-10-5-18-1024x768.jpg 1024w\" sizes=\"(max-width: 300px) 100vw, 300px\" \/><\/a><\/p>\n<p style=\"text-align: justify;\"><span style=\"color: #000000;\"><strong>C<\/strong><strong>ATAL\u00c0<\/strong> |\u00a0Aquest dijous 10 de maig de 2017 a les 9.00h ha tingut lloc una sessi\u00f3 extraordin\u00e0ria del Ple de l\u2019Ajuntament de la Bisbal del Pened\u00e8s.<\/span><\/p>\n<p style=\"text-align: justify;\"><span style=\"color: #000000;\">Abans de comen\u00e7ar a debatre els punts de l\u2019ordre del dia s\u2019ha fet un minut de silenci en record de la regidora Margarita Barber\u00e0, que ha traspassat recentment.<\/span><\/p>\n<p style=\"text-align: justify;\"><span style=\"color: #000000;\">Tots els punts s\u2019han aprovat per unanimitat (5 vots del PDeCAT, 1 vot del PSC i 4 vots d\u2019ERC).<\/span><\/p>\n<p style=\"text-align: justify;\"><span style=\"color: #000000;\">Els punts aprovats han estat els seg\u00fcents:<\/span><\/p>\n<ol style=\"text-align: justify;\">\n<li><span style=\"color: #000000;\"><strong>Aprovaci\u00f3 de la nova addenda al contracte de data 6 de juny de 2017 de subministrament el\u00e8ctric entre els promotors i Endesa Distribuci\u00f3n El\u00e9ctrica SLU.<\/strong><\/span><\/li>\n<\/ol>\n<p style=\"text-align: justify;\"><span style=\"color: #000000;\"><u>Informaci\u00f3 sobre aquest punt:<\/u> Mitjan\u00e7ant aquest punt es revoca i deixa sense efecte l\u2019addenda al contracte 06\/06\/17 de subministrament el\u00e8ctric entre els promotors i Endesa i es proposa l\u2019aprovaci\u00f3 d\u2019una nova addenda. L\u2019objecte \u00e9s la inversi\u00f3 per incrementar la pot\u00e8ncia el\u00e8ctrica en diverses empreses i pol\u00edgons industrials, entre els quals hi ha els pol\u00edgons de la Bisbal.<\/span><\/p>\n<ol style=\"text-align: justify;\" start=\"2\">\n<li><span style=\"color: #000000;\"><strong>Aprovaci\u00f3 del conveni amb el Consell Comarcal del Baix Pened\u00e8s i altres Ajuntaments de la comarca per una col\u00b7laboraci\u00f3 interadministrativa per a l\u2019execuci\u00f3 del programa Enfeina\u2019t, convocat\u00f2ria 2017.<\/strong><\/span><\/li>\n<\/ol>\n<p style=\"text-align: justify;\"><span style=\"color: #000000;\"><u>Informaci\u00f3 sobre aquest punt:<\/u> El Consell Comarcal del Baix Pened\u00e8s ha rebut una subvenci\u00f3 del Departament de Treball, Afers Socials i Fam\u00edlies per al programa Enfeina\u2019t a escala comarcal. Amb aquest programa es contractaran 17 peons (durant 6 mesos) i 2 administratius (durant 9 mesos) en diversos municipis de la comarca. Al ple es porta l\u2019aprovaci\u00f3 del conveni per poder tirar endavant el programa Enfeina\u2019t.<\/span><\/p>\n<ol style=\"text-align: justify;\" start=\"3\">\n<li><span style=\"color: #000000;\"><strong>Aprovaci\u00f3 de la liquidaci\u00f3 de l\u2019exercici 2017.<\/strong><\/span><\/li>\n<\/ol>\n<p style=\"text-align: justify;\"><span style=\"color: #000000;\"><u>Informaci\u00f3 sobre aquest punt:<\/u> Es porta al ple l\u2019aprovaci\u00f3 de la liquidaci\u00f3 de l\u2019exercici 2017 per a la bona gesti\u00f3 i compliment de tots els requisits que fixa la Llei Org\u00e0nica 2\/2017, de 27 d\u2019abril, d\u2019Estabilitat pressupost\u00e0ria i sostenibilitat financera. L\u2019Ajuntament t\u00e9 un super\u00e0vit de 645.408,24\u20ac a distribuir. En aquest ple s\u2019ha votat l\u2019aprovaci\u00f3 de l\u2019expedient de distribuci\u00f3 del super\u00e0vit i, en un ple posterior, es proposar\u00e0 l\u2019aprovaci\u00f3 de la distribuci\u00f3 del super\u00e0vit.<\/span><\/p>\n<p style=\"text-align: center;\"><iframe loading=\"lazy\" src=\"https:\/\/www.youtube.com\/embed\/F-m4-FJpeWk\" width=\"560\" height=\"315\" frameborder=\"0\" allowfullscreen=\"allowfullscreen\"><\/iframe><\/p>\n<hr \/>\n<p style=\"text-align: justify;\"><span style=\"color: #000000;\"><strong>CASTELLANO<\/strong> |\u00a0Este lunes 10 de mayo del 2017 a las 9.00h ha tenido lugar una sesi\u00f3n extraordinaria del Pleno del Ayuntamiento de la Bisbal del Pened\u00e8s.<\/span><\/p>\n<p style=\"text-align: justify;\"><span style=\"color: #000000;\">Antes de empezar a debatir los puntos del orden del d\u00eda se ha hecho un minuto de silencio en recuerdo de la regidora Margarita Barber\u00e0, que ha fallecido recientemente.<\/span><\/p>\n<p style=\"text-align: justify;\"><span style=\"color: #000000;\">Todos los puntos se han aprobado por unanimidad (5 votos del PDeCAT, 1 voto del PSC y 4 votos de ERC).<\/span><\/p>\n<p style=\"text-align: justify;\"><span style=\"color: #000000;\">Los puntos aprobados han sido los siguientes:<\/span><\/p>\n<ol style=\"text-align: justify;\">\n<li><span style=\"color: #000000;\"><strong>Aprobaci\u00f3n de la nueva adenda al contrato de fecha 6 de junio del 2017 de suministro el\u00e9ctrico entre los promotores y Endesa Distribuci\u00f3n El\u00e9ctrica SLU.<\/strong><\/span><\/li>\n<\/ol>\n<p style=\"text-align: justify;\"><span style=\"color: #000000;\"><u>Informaci\u00f3n sobre este punto:<\/u> Mediante este punto se revoca y se deja sin efecto la adenda al contrato 06\/06\/17 de suministro el\u00e9ctrico entre los promotores y Endesa y se propone la aprobaci\u00f3n de una nueva adenda. El objeto es la inversi\u00f3n para incrementar la potencia el\u00e9ctrica en varias empresas y pol\u00edgonos industriales, entre los cuales est\u00e1n los pol\u00edgonos de la Bisbal<\/span><\/p>\n<ol style=\"text-align: justify;\" start=\"2\">\n<li><span style=\"color: #000000;\"><strong>Aprobaci\u00f3n del convenio con el Consell Comarcal del Baix Pened\u00e8s y otros Ayuntamientos de la comarca para una colaboraci\u00f3n interadministrativa para la ejecuci\u00f3n del programa Enfeina\u2019t, convocatoria 2017.<\/strong><\/span><\/li>\n<\/ol>\n<p style=\"text-align: justify;\"><span style=\"color: #000000;\"><u>Informaci\u00f3n sobre este punto:<\/u> El Consell Comarcal del Baix Pened\u00e8s ha recibido una subvenci\u00f3n del Departament de Treball, Afers Socials i Fam\u00edlies para el programa Enfeina\u2019t a nivel comarcal. Con este programa se contratar\u00e1n 17 peones (durante 6 meses) y 2 administrativos (durante 9 meses) en varios municipios de la comarca. En el pleno se lleva la aprobaci\u00f3n del convenio para poder llevar a cabo el programa Enfeina\u2019t.<\/span><\/p>\n<ol style=\"text-align: justify;\" start=\"3\">\n<li><span style=\"color: #000000;\"><strong>Aprobaci\u00f3n de la liquidaci\u00f3n del ejercicio 2017.<\/strong><\/span><\/li>\n<\/ol>\n<p style=\"text-align: justify;\"><span style=\"color: #000000;\"><u>Informaci\u00f3n sobre este punto: <\/u>Se lleva al pleno la aprobaci\u00f3n de la liquidaci\u00f3n del ejercicio 2017 para la buena gesti\u00f3n y cumplimiento de todos los requisitos que fija la Ley Org\u00e1nica 2\/2017, de 27 de abril, de Estabilidad presupuestaria y sostenibilidad financiera. El Ayuntamiento tiene un super\u00e1vit de 645.408,24\u20ac a distribuir. En este pleno se ha votado la aprobaci\u00f3n del expediente de distribuci\u00f3n del super\u00e1vit y, en un pleno posterior, se propondr\u00e1 la aprobaci\u00f3n de la distribuci\u00f3n del super\u00e1vit.<\/span><\/p>\n<p>&nbsp;<\/p>\n","protected":false},"excerpt":{"rendered":"<p>CATAL\u00c0 |\u00a0Aquest dijous 10 de maig de 2017 a les 9.00h ha tingut lloc una sessi\u00f3 extraordin\u00e0ria del Ple de l\u2019Ajuntament de la Bisbal del Pened\u00e8s. Abans de comen\u00e7ar a &hellip; <a href=\"https:\/\/bisbalpenedes.com\/web\/2018\/05\/10\/aquest-dijous-10-de-maig-ha-tingut-lloc-una-sessio-extraordinaria-del-ple-de-lajuntament-de-la-bisbal\/\" class=\"more-link\">Read More<\/a><\/p>\n","protected":false},"author":4,"featured_media":5726,"comment_status":"closed","ping_status":"closed","sticky":false,"template":"","format":"standard","meta":[],"categories":[8],"tags":[1769,1791,1727,459,396,334,1689,881,1790,1792,139,200],"_links":{"self":[{"href":"https:\/\/bisbalpenedes.com\/web\/wp-json\/wp\/v2\/posts\/5725"}],"collection":[{"href":"https:\/\/bisbalpenedes.com\/web\/wp-json\/wp\/v2\/posts"}],"about":[{"href":"https:\/\/bisbalpenedes.com\/web\/wp-json\/wp\/v2\/types\/post"}],"author":[{"embeddable":true,"href":"https:\/\/bisbalpenedes.com\/web\/wp-json\/wp\/v2\/users\/4"}],"replies":[{"embeddable":true,"href":"https:\/\/bisbalpenedes.com\/web\/wp-json\/wp\/v2\/comments?post=5725"}],"version-history":[{"count":3,"href":"https:\/\/bisbalpenedes.com\/web\/wp-json\/wp\/v2\/posts\/5725\/revisions"}],"predecessor-version":[{"id":5752,"href":"https:\/\/bisbalpenedes.com\/web\/wp-json\/wp\/v2\/posts\/5725\/revisions\/5752"}],"wp:featuredmedia":[{"embeddable":true,"href":"https:\/\/bisbalpenedes.com\/web\/wp-json\/wp\/v2\/media\/5726"}],"wp:attachment":[{"href":"https:\/\/bisbalpenedes.com\/web\/wp-json\/wp\/v2\/media?parent=5725"}],"wp:term":[{"taxonomy":"category","embeddable":true,"href":"https:\/\/bisbalpenedes.com\/web\/wp-json\/wp\/v2\/categories?post=5725"},{"taxonomy":"post_tag","embeddable":true,"href":"https:\/\/bisbalpenedes.com\/web\/wp-json\/wp\/v2\/tags?post=5725"}],"curies":[{"name":"wp","href":"https:\/\/api.w.org\/{rel}","templated":true}]}}