{"id":5719,"date":"2018-05-09T15:23:03","date_gmt":"2018-05-09T14:23:03","guid":{"rendered":"http:\/\/bisbalpenedes.com\/web\/?p=5719"},"modified":"2018-05-10T12:00:14","modified_gmt":"2018-05-10T11:00:14","slug":"tens-mes-de-4-anys-vine-a-la-biblioteca-publica-de-la-bisbal-del-penedes-a-salvar-la-nenufar-i-la-matoll","status":"publish","type":"post","link":"https:\/\/bisbalpenedes.com\/web\/2018\/05\/09\/tens-mes-de-4-anys-vine-a-la-biblioteca-publica-de-la-bisbal-del-penedes-a-salvar-la-nenufar-i-la-matoll\/","title":{"rendered":"Tens m\u00e9s de 4 anys? Vine a la Biblioteca p\u00fablica de la Bisbal del Pened\u00e8s a salvar la Nen\u00fafar i la Matoll!"},"content":{"rendered":"<p><a href=\"http:\/\/bisbalpenedes.com\/web\/wp-content\/uploads\/2018\/05\/Supernit_post.jpg\"><img loading=\"lazy\" class=\"aligncenter size-large wp-image-5720\" src=\"http:\/\/bisbalpenedes.com\/web\/wp-content\/uploads\/2018\/05\/Supernit_post-1024x536.jpg\" alt=\"Supernit_post\" width=\"630\" height=\"330\" srcset=\"https:\/\/bisbalpenedes.com\/web\/wp-content\/uploads\/2018\/05\/Supernit_post-1024x536.jpg 1024w, https:\/\/bisbalpenedes.com\/web\/wp-content\/uploads\/2018\/05\/Supernit_post-600x314.jpg 600w, https:\/\/bisbalpenedes.com\/web\/wp-content\/uploads\/2018\/05\/Supernit_post-300x157.jpg 300w, https:\/\/bisbalpenedes.com\/web\/wp-content\/uploads\/2018\/05\/Supernit_post-768x402.jpg 768w, https:\/\/bisbalpenedes.com\/web\/wp-content\/uploads\/2018\/05\/Supernit_post.jpg 1200w\" sizes=\"(max-width: 630px) 100vw, 630px\" \/><\/a><\/p>\n<p><strong>CATAL\u00c0 | Els nens i nenes de la Bisbal salvaran la Nen\u00fafar i la Matoll el proper 25 de maig<\/strong><\/p>\n<p><strong>La Biblioteca bisbalenca celebrar\u00e0 la \u201cSupernit a les biblioteques\u201d a partir de les 8 del vespre<\/strong><\/p>\n<p>La Biblioteca P\u00fablica de la Bisbal del Pened\u00e8s celebrar\u00e0 la \u201cSupernit a les biblioteques\u201d el proper divendres 25 de maig a les 20h. L\u2019activitat, organitzada pel Super3 i el Departament de Cultura de la Generalitat de Catalunya, persegueix la finalitat de promoure la lectura entre el p\u00fablic infantil i consistir\u00e0 en una \u201caventura multitudin\u00e0ria, simult\u00e0nia i transm\u00e8dia per tot el territori\u201d en qu\u00e8 els nens i les nenes participants podran salvar la Nen\u00fafar i la Matoll a sortir de la Biblioteca solucionant uns enigmes i, aix\u00ed, aconseguiran esguerrar els plans mal\u00e8fics del senyor Pla.<\/p>\n<p>L\u2019activitat t\u00e9 una durada prevista d\u2019una hora i est\u00e0 oberta a tots els nens i nenes a partir de 4 anys (acompanyats d\u2019un adult) siguin o no membres del Club Super3 o de la Biblioteca P\u00fablica de la Bisbal. Tot i que l\u2019activitat \u00e9s gratu\u00efta, l\u2019aforament \u00e9s limitat. \u00c9s per aix\u00f2 que ja podeu fer les vostres inscripcions a la Biblioteca P\u00fablica de la Bisbal per assegurar-vos que podreu participar-hi.<\/p>\n<hr \/>\n<p><strong>CASTELLANO | Los ni\u00f1os y las ni\u00f1as de la Bisbal salvar\u00e1n a Nen\u00fafar y Matoll el pr\u00f3ximo 25 de mayo<\/strong><\/p>\n<p><strong>La Biblioteca de la Bisbal celebrar\u00e1 la \u201cSupernit a les biblioteques\u201d a partir de las 8 de la tarde<\/strong><\/p>\n<p>La Biblioteca P\u00fablica de la Bisbal del Pened\u00e8s celebrar\u00e1 la \u201cSupernit de les biblioteques\u201d el pr\u00f3ximo viernes 25 de mayo a las 20h. La actividad, organizada por el Super 3 y el Departament de Cultura de la Generalitat de Catalunya, persigue la finalidad de promover la lectura entre el p\u00fablico infantil y consistir\u00e1 en una \u201caventura multitudinaria, simultanea y transmedia por todo el territorio\u201d en la qual los ni\u00f1os y las ni\u00f1as participantes\u00a0podr\u00e1n salvar a Nen\u00fafar y Matoll a salir de la Biblioteca solucionando unos enigmas y, as\u00ed, conseguir\u00e1n estropear los planes mal\u00e9ficos del se\u00f1or Pla.<\/p>\n<p>La actividad tiene una duraci\u00f3n prevista de una hora i est\u00e1 abierta a todos los ni\u00f1os y ni\u00f1as de a partir de 4 a\u00f1os (acompa\u00f1ados por un adulto) sean o no miembros del Club Super 3 o de la Biblioteca P\u00fablica de la Bisbal. Aunque se trata de una actividad gratuita, el aforo es limitado.\u00a0 Es por este motivo que ya pod\u00e9is hacer vuestras inscripciones en la Biblioteca P\u00fablica de la Bisbal para aseguraros que podr\u00e9is participar en la actividad.<\/p>\n<p>&nbsp;<\/p>\n","protected":false},"excerpt":{"rendered":"<p>CATAL\u00c0 | Els nens i nenes de la Bisbal salvaran la Nen\u00fafar i la Matoll el proper 25 de maig La Biblioteca bisbalenca celebrar\u00e0 la \u201cSupernit a les biblioteques\u201d a &hellip; <a href=\"https:\/\/bisbalpenedes.com\/web\/2018\/05\/09\/tens-mes-de-4-anys-vine-a-la-biblioteca-publica-de-la-bisbal-del-penedes-a-salvar-la-nenufar-i-la-matoll\/\" class=\"more-link\">Read More<\/a><\/p>\n","protected":false},"author":4,"featured_media":5720,"comment_status":"closed","ping_status":"closed","sticky":false,"template":"","format":"standard","meta":[],"categories":[13],"tags":[180,557,1784,1788,78,1786,1389,1787,1789,1785,1783],"_links":{"self":[{"href":"https:\/\/bisbalpenedes.com\/web\/wp-json\/wp\/v2\/posts\/5719"}],"collection":[{"href":"https:\/\/bisbalpenedes.com\/web\/wp-json\/wp\/v2\/posts"}],"about":[{"href":"https:\/\/bisbalpenedes.com\/web\/wp-json\/wp\/v2\/types\/post"}],"author":[{"embeddable":true,"href":"https:\/\/bisbalpenedes.com\/web\/wp-json\/wp\/v2\/users\/4"}],"replies":[{"embeddable":true,"href":"https:\/\/bisbalpenedes.com\/web\/wp-json\/wp\/v2\/comments?post=5719"}],"version-history":[{"count":2,"href":"https:\/\/bisbalpenedes.com\/web\/wp-json\/wp\/v2\/posts\/5719\/revisions"}],"predecessor-version":[{"id":5722,"href":"https:\/\/bisbalpenedes.com\/web\/wp-json\/wp\/v2\/posts\/5719\/revisions\/5722"}],"wp:featuredmedia":[{"embeddable":true,"href":"https:\/\/bisbalpenedes.com\/web\/wp-json\/wp\/v2\/media\/5720"}],"wp:attachment":[{"href":"https:\/\/bisbalpenedes.com\/web\/wp-json\/wp\/v2\/media?parent=5719"}],"wp:term":[{"taxonomy":"category","embeddable":true,"href":"https:\/\/bisbalpenedes.com\/web\/wp-json\/wp\/v2\/categories?post=5719"},{"taxonomy":"post_tag","embeddable":true,"href":"https:\/\/bisbalpenedes.com\/web\/wp-json\/wp\/v2\/tags?post=5719"}],"curies":[{"name":"wp","href":"https:\/\/api.w.org\/{rel}","templated":true}]}}