{"id":5714,"date":"2018-05-08T09:29:29","date_gmt":"2018-05-08T08:29:29","guid":{"rendered":"http:\/\/bisbalpenedes.com\/web\/?p=5714"},"modified":"2018-05-08T09:31:21","modified_gmt":"2018-05-08T08:31:21","slug":"dissabte-arriba-el-bp-fest-al-vendrell","status":"publish","type":"post","link":"https:\/\/bisbalpenedes.com\/web\/2018\/05\/08\/dissabte-arriba-el-bp-fest-al-vendrell\/","title":{"rendered":"Dissabte arriba el BP FEST al Vendrell"},"content":{"rendered":"<p style=\"text-align: justify;\"><span style=\"color: #000000;\"><strong>CATAL\u00c0<\/strong> | L&#8217;Associaci\u00f3 de M\u00fasics del Baix Pened\u00e8s (AMBP) amb el suport de la Regidoria de Cultura de l&#8217;Ajuntament del Vendrell han organitzat el BP Fest, que tindr\u00e0 lloc el proper dissabte 12 de maig. El BP Fest pren el relleu de la Mostra de M\u00fasics del Baix Pened\u00e8s i vol esdevenir\u00a0 la gran festa de la m\u00fasica del Baix Pened\u00e8s perqu\u00e8 els m\u00fasics de la comarca surtin al carrer a presentar els seus projectes al p\u00fablic i als programadors. La mostra ja no tindr\u00e0 car\u00e0cter itinerant i es far\u00e0 sempre a la capital de comarca, El Vendrell.\u00a0El programa previst per dissabte, \u00e9s aquest:<\/span><\/p>\n<p style=\"text-align: justify;\"><a href=\"http:\/\/bisbalpenedes.com\/web\/wp-content\/uploads\/2018\/05\/05-03_Graella-BPFest-2018.jpg\"><img loading=\"lazy\" class=\"aligncenter size-large wp-image-5715\" src=\"http:\/\/bisbalpenedes.com\/web\/wp-content\/uploads\/2018\/05\/05-03_Graella-BPFest-2018-1024x726.jpg\" alt=\"05-03_Graella-BPFest-2018\" width=\"630\" height=\"447\" srcset=\"https:\/\/bisbalpenedes.com\/web\/wp-content\/uploads\/2018\/05\/05-03_Graella-BPFest-2018-1024x726.jpg 1024w, https:\/\/bisbalpenedes.com\/web\/wp-content\/uploads\/2018\/05\/05-03_Graella-BPFest-2018-600x425.jpg 600w, https:\/\/bisbalpenedes.com\/web\/wp-content\/uploads\/2018\/05\/05-03_Graella-BPFest-2018-300x213.jpg 300w, https:\/\/bisbalpenedes.com\/web\/wp-content\/uploads\/2018\/05\/05-03_Graella-BPFest-2018-768x544.jpg 768w, https:\/\/bisbalpenedes.com\/web\/wp-content\/uploads\/2018\/05\/05-03_Graella-BPFest-2018.jpg 1782w\" sizes=\"(max-width: 630px) 100vw, 630px\" \/><\/a><\/p>\n<p style=\"text-align: justify;\"><span style=\"color: #000000;\"><strong>CASTELLANO<\/strong> | La Associaci\u00f3 de M\u00fasics del Baix Pened\u00e8s (AMBP) con el soporte de la Regidoria de Cultura del Ayuntamiento del Vendrell han organizado el BP Fest, que se celebrar\u00e1 el pr\u00f3ximo s\u00e1bado 12 de mayo. El BP Fest toma el relevo de la Mostra de M\u00fasics del Baix Pened\u00e8s y quiere convertirse en la gran fiesta de la m\u00fasica del Baix Pened\u00e8s para que los m\u00fasicos de la comarca salgan a la calle a presentar sus proyectos al p\u00fablico y a los programadores. La muestra ya no tendr\u00e1 car\u00e1cter itinerante y se har\u00e1 siempre en la capital de comarca, El programa previsto para el s\u00e1bado es este:<\/span><\/p>\n<p><a href=\"http:\/\/bisbalpenedes.com\/web\/wp-content\/uploads\/2018\/05\/05-03_Graella-BPFest-2018.jpg\"><img loading=\"lazy\" class=\"aligncenter size-large wp-image-5715\" src=\"http:\/\/bisbalpenedes.com\/web\/wp-content\/uploads\/2018\/05\/05-03_Graella-BPFest-2018-1024x726.jpg\" alt=\"05-03_Graella-BPFest-2018\" width=\"630\" height=\"447\" srcset=\"https:\/\/bisbalpenedes.com\/web\/wp-content\/uploads\/2018\/05\/05-03_Graella-BPFest-2018-1024x726.jpg 1024w, https:\/\/bisbalpenedes.com\/web\/wp-content\/uploads\/2018\/05\/05-03_Graella-BPFest-2018-600x425.jpg 600w, https:\/\/bisbalpenedes.com\/web\/wp-content\/uploads\/2018\/05\/05-03_Graella-BPFest-2018-300x213.jpg 300w, https:\/\/bisbalpenedes.com\/web\/wp-content\/uploads\/2018\/05\/05-03_Graella-BPFest-2018-768x544.jpg 768w, https:\/\/bisbalpenedes.com\/web\/wp-content\/uploads\/2018\/05\/05-03_Graella-BPFest-2018.jpg 1782w\" sizes=\"(max-width: 630px) 100vw, 630px\" \/><\/a><\/p>\n<p>&nbsp;<\/p>\n","protected":false},"excerpt":{"rendered":"<p>CATAL\u00c0 | L&#8217;Associaci\u00f3 de M\u00fasics del Baix Pened\u00e8s (AMBP) amb el suport de la Regidoria de Cultura de l&#8217;Ajuntament del Vendrell han organitzat el BP Fest, que tindr\u00e0 lloc el &hellip; <a href=\"https:\/\/bisbalpenedes.com\/web\/2018\/05\/08\/dissabte-arriba-el-bp-fest-al-vendrell\/\" class=\"more-link\">Read More<\/a><\/p>\n","protected":false},"author":4,"featured_media":5715,"comment_status":"closed","ping_status":"closed","sticky":false,"template":"","format":"standard","meta":[],"categories":[13],"tags":[459,1780,688,1782,78,1781],"_links":{"self":[{"href":"https:\/\/bisbalpenedes.com\/web\/wp-json\/wp\/v2\/posts\/5714"}],"collection":[{"href":"https:\/\/bisbalpenedes.com\/web\/wp-json\/wp\/v2\/posts"}],"about":[{"href":"https:\/\/bisbalpenedes.com\/web\/wp-json\/wp\/v2\/types\/post"}],"author":[{"embeddable":true,"href":"https:\/\/bisbalpenedes.com\/web\/wp-json\/wp\/v2\/users\/4"}],"replies":[{"embeddable":true,"href":"https:\/\/bisbalpenedes.com\/web\/wp-json\/wp\/v2\/comments?post=5714"}],"version-history":[{"count":2,"href":"https:\/\/bisbalpenedes.com\/web\/wp-json\/wp\/v2\/posts\/5714\/revisions"}],"predecessor-version":[{"id":5717,"href":"https:\/\/bisbalpenedes.com\/web\/wp-json\/wp\/v2\/posts\/5714\/revisions\/5717"}],"wp:featuredmedia":[{"embeddable":true,"href":"https:\/\/bisbalpenedes.com\/web\/wp-json\/wp\/v2\/media\/5715"}],"wp:attachment":[{"href":"https:\/\/bisbalpenedes.com\/web\/wp-json\/wp\/v2\/media?parent=5714"}],"wp:term":[{"taxonomy":"category","embeddable":true,"href":"https:\/\/bisbalpenedes.com\/web\/wp-json\/wp\/v2\/categories?post=5714"},{"taxonomy":"post_tag","embeddable":true,"href":"https:\/\/bisbalpenedes.com\/web\/wp-json\/wp\/v2\/tags?post=5714"}],"curies":[{"name":"wp","href":"https:\/\/api.w.org\/{rel}","templated":true}]}}