{"id":5711,"date":"2018-05-08T09:11:36","date_gmt":"2018-05-08T08:11:36","guid":{"rendered":"http:\/\/bisbalpenedes.com\/web\/?p=5711"},"modified":"2018-05-08T09:12:34","modified_gmt":"2018-05-08T08:12:34","slug":"la-revista-el-marge-i-ladf-clot-de-bou-han-organitzat-una-sortida-a-la-barraca-del-vilar","status":"publish","type":"post","link":"https:\/\/bisbalpenedes.com\/web\/2018\/05\/08\/la-revista-el-marge-i-ladf-clot-de-bou-han-organitzat-una-sortida-a-la-barraca-del-vilar\/","title":{"rendered":"La revista El Marge i l\u2019ADF Clot de Bou han organitzat una sortida a la barraca del Vilar"},"content":{"rendered":"<p><a href=\"http:\/\/bisbalpenedes.com\/web\/wp-content\/uploads\/2018\/05\/SORTIDA-PEDRA-SECA-VILAR.jpg\"><img loading=\"lazy\" class=\"aligncenter size-medium wp-image-5712\" src=\"http:\/\/bisbalpenedes.com\/web\/wp-content\/uploads\/2018\/05\/SORTIDA-PEDRA-SECA-VILAR-212x300.jpg\" alt=\"SORTIDA PEDRA SECA VILAR\" width=\"212\" height=\"300\" srcset=\"https:\/\/bisbalpenedes.com\/web\/wp-content\/uploads\/2018\/05\/SORTIDA-PEDRA-SECA-VILAR-212x300.jpg 212w, https:\/\/bisbalpenedes.com\/web\/wp-content\/uploads\/2018\/05\/SORTIDA-PEDRA-SECA-VILAR-600x848.jpg 600w, https:\/\/bisbalpenedes.com\/web\/wp-content\/uploads\/2018\/05\/SORTIDA-PEDRA-SECA-VILAR.jpg 679w\" sizes=\"(max-width: 212px) 100vw, 212px\" \/><\/a><\/p>\n<p style=\"text-align: justify;\"><span style=\"color: #000000;\"><strong>CATAL\u00c0 | <\/strong>El proper diumenge 13 de maig la revista El Marge i la secci\u00f3 mediambiental de l\u2019ADF Clot de Bou han organitzat una sortida per fer la descoberta de la barraca del Vilar, ubicada a la Costa i considerada la catedral de les barraques. <\/span><\/p>\n<p style=\"text-align: justify;\"><span style=\"color: #000000;\">La sortida es far\u00e0 a peu, aprofitant per fer una neteja pel cam\u00ed i un arranjament \u00a0dels marges del trajecte amb el Joan i el Ramon Rovira. Una vegada a la barraca s\u2019esmorzar\u00e0 (cadasc\u00fa portar\u00e0 el seu esmorzar) i els assistents podran descobrir la hist\u00f2ria d\u2019aquesta barraca amb les explicacions de Benjam\u00ed Catal\u00e0, i els ocells que l\u2019envolten, amb les indicacions de Jaume Marl\u00e8s (UAB). Per la seva banda, Arnau Sabat\u00e9 (UAB) parlar\u00e0 de la biodiversitat de les marjades properes. Durant la sortida tamb\u00e9 est\u00e0 previst que es visiti el pi monumental de la Costa. <\/span><\/p>\n<p style=\"text-align: justify;\"><span style=\"color: #000000;\">Segons Josep Maria Campanera Alsina de l\u2019ADF Clot de Bou \u201cl\u2019objectiu \u00e9s donar a con\u00e8ixer la pedra seca i el seu valor\u201d. Alhora, creu que seria interessant que \u201cvingui gent jove amb il\u00b7lusi\u00f3 per aquestes coses\u201d.<\/span><\/p>\n<p style=\"text-align: justify;\"><span style=\"color: #000000;\">La sortida, que est\u00e0 adre\u00e7ada a tota la fam\u00edlia, comen\u00e7ar\u00e0 a 2\/4 de 9 mat\u00ed\u00a0 la pla\u00e7a de l\u2019Esgl\u00e9sia i est\u00e0 previst que es dugui a terme durant tot el mat\u00ed.<\/span><\/p>\n<p style=\"text-align: justify;\"><span style=\"color: #000000;\"><strong>CASTELLANO |<\/strong>El pr\u00f3ximo domingo 13 de mayo la revista El Marge y la secci\u00f3n medioambiental de la ADF Clot de Bou han organizado una salida para hacer la descubierta de la barraca del Vilar, ubicada en la Costa y considerada la catedral de las barracas.<\/span><\/p>\n<p style=\"text-align: justify;\"><span style=\"color: #000000;\">La salida se har\u00e1 a pie, aprovechando para hacer una limpieza por el camino y arreglar los m\u00e1rgenes del trayecto con el Joan\u00a0 y el Ramon Rovira. Una vez en la barraca, se desayunar\u00e1 (cada uno se llevar\u00e1 su comida) y los asistentes podr\u00e1n descubrir la historia de esta barraca con las explicaciones de Benjam\u00ed Catal\u00e0, y los p\u00e1jaros que la rodean, con las indicaciones de Jaume Marl\u00e8s (UAB). Por su parte, Arnau Sabat\u00e9 (UAB) hablar\u00e1 de la biodiversidad de los m\u00e1rgenes pr\u00f3ximos. Durante la salida tambi\u00e9n est\u00e1 previsto que se visite el pino monumental de la Costa.<\/span><\/p>\n<p style=\"text-align: justify;\"><span style=\"color: #000000;\">Seg\u00fan Josep Maria Campanera Alsina de la ADF Clot de Bou \u201cel objetivo es dar a conocer la piedra seca y su valor\u201d. A la vez, cree que ser\u00eda interesante que \u201cvenga gente joven con ilusi\u00f3n por estas cosas\u201d.<\/span><\/p>\n<p style=\"text-align: justify;\"><span style=\"color: #000000;\">La salida, que est\u00e1 dirigida a toda la familia, empezar\u00e1 a las 8.30h de la ma\u00f1ana en la plaza de l\u2019Esgl\u00e9sia y est\u00e1 previsto que se lleve a cabo durante toda la ma\u00f1ana.<\/span><\/p>\n<p style=\"text-align: justify;\"><span style=\"color: #000000;\"><strong>\u00a0<\/strong><\/span><\/p>\n","protected":false},"excerpt":{"rendered":"<p>CATAL\u00c0 | El proper diumenge 13 de maig la revista El Marge i la secci\u00f3 mediambiental de l\u2019ADF Clot de Bou han organitzat una sortida per fer la descoberta de &hellip; <a href=\"https:\/\/bisbalpenedes.com\/web\/2018\/05\/08\/la-revista-el-marge-i-ladf-clot-de-bou-han-organitzat-una-sortida-a-la-barraca-del-vilar\/\" class=\"more-link\">Read More<\/a><\/p>\n","protected":false},"author":4,"featured_media":5712,"comment_status":"closed","ping_status":"closed","sticky":false,"template":"","format":"standard","meta":[],"categories":[20],"tags":[1775,1777,1776,1714,1778,1779,147,352,175],"_links":{"self":[{"href":"https:\/\/bisbalpenedes.com\/web\/wp-json\/wp\/v2\/posts\/5711"}],"collection":[{"href":"https:\/\/bisbalpenedes.com\/web\/wp-json\/wp\/v2\/posts"}],"about":[{"href":"https:\/\/bisbalpenedes.com\/web\/wp-json\/wp\/v2\/types\/post"}],"author":[{"embeddable":true,"href":"https:\/\/bisbalpenedes.com\/web\/wp-json\/wp\/v2\/users\/4"}],"replies":[{"embeddable":true,"href":"https:\/\/bisbalpenedes.com\/web\/wp-json\/wp\/v2\/comments?post=5711"}],"version-history":[{"count":1,"href":"https:\/\/bisbalpenedes.com\/web\/wp-json\/wp\/v2\/posts\/5711\/revisions"}],"predecessor-version":[{"id":5713,"href":"https:\/\/bisbalpenedes.com\/web\/wp-json\/wp\/v2\/posts\/5711\/revisions\/5713"}],"wp:featuredmedia":[{"embeddable":true,"href":"https:\/\/bisbalpenedes.com\/web\/wp-json\/wp\/v2\/media\/5712"}],"wp:attachment":[{"href":"https:\/\/bisbalpenedes.com\/web\/wp-json\/wp\/v2\/media?parent=5711"}],"wp:term":[{"taxonomy":"category","embeddable":true,"href":"https:\/\/bisbalpenedes.com\/web\/wp-json\/wp\/v2\/categories?post=5711"},{"taxonomy":"post_tag","embeddable":true,"href":"https:\/\/bisbalpenedes.com\/web\/wp-json\/wp\/v2\/tags?post=5711"}],"curies":[{"name":"wp","href":"https:\/\/api.w.org\/{rel}","templated":true}]}}