{"id":5704,"date":"2018-05-07T08:41:18","date_gmt":"2018-05-07T07:41:18","guid":{"rendered":"http:\/\/bisbalpenedes.com\/web\/?p=5704"},"modified":"2018-05-08T08:41:58","modified_gmt":"2018-05-08T07:41:58","slug":"la-bisbal-del-penedes-ha-acollit-la-celebracio-de-la-trobada-nacional-dels-tres-tombs-aquest-diumenge-6-de-maig","status":"publish","type":"post","link":"https:\/\/bisbalpenedes.com\/web\/2018\/05\/07\/la-bisbal-del-penedes-ha-acollit-la-celebracio-de-la-trobada-nacional-dels-tres-tombs-aquest-diumenge-6-de-maig\/","title":{"rendered":"La Bisbal del Pened\u00e8s ha acollit la celebraci\u00f3 de la Trobada Nacional dels Tres Tombs aquest diumenge 6 de maig"},"content":{"rendered":"<p style=\"text-align: justify;\"><a href=\"http:\/\/bisbalpenedes.com\/web\/wp-content\/uploads\/2018\/05\/Foto-6-5-18-10-34-19.jpg\"><img loading=\"lazy\" class=\"alignleft size-medium wp-image-5705\" src=\"http:\/\/bisbalpenedes.com\/web\/wp-content\/uploads\/2018\/05\/Foto-6-5-18-10-34-19-300x231.jpg\" alt=\"tres tombs 2018 carro\" width=\"300\" height=\"231\" srcset=\"https:\/\/bisbalpenedes.com\/web\/wp-content\/uploads\/2018\/05\/Foto-6-5-18-10-34-19-300x231.jpg 300w, https:\/\/bisbalpenedes.com\/web\/wp-content\/uploads\/2018\/05\/Foto-6-5-18-10-34-19-600x462.jpg 600w, https:\/\/bisbalpenedes.com\/web\/wp-content\/uploads\/2018\/05\/Foto-6-5-18-10-34-19-768x591.jpg 768w, https:\/\/bisbalpenedes.com\/web\/wp-content\/uploads\/2018\/05\/Foto-6-5-18-10-34-19-1024x788.jpg 1024w\" sizes=\"(max-width: 300px) 100vw, 300px\" \/><\/a><\/p>\n<p style=\"text-align: justify;\"><span style=\"color: #000000;\"><strong>CATAL\u00c0<\/strong> | La Bisbal del Pened\u00e8s ha acollit la Trobada Nacional dels Tres Tombs aquest diumenge. \u00a0Es tracta d\u2019un esdeveniment que va tenir lloc per primera vegada l\u2019any 1998 i que cada any es du a terme en un municipi diferent amb l\u2019objectiu de ser un punt de trobada per a les persones que estimen i participen en la tradici\u00f3 dels Tres Tombs.<\/span><\/p>\n<p style=\"text-align: justify;\"><span style=\"color: #000000;\">La celebraci\u00f3 d\u2019aquest diumenge ha comen\u00e7at amb un esmorzar popular del qual se n\u2019han servit prop de 600 racions. Mentrestant, membres del Ball de Gitanes de la Bisbal han estat venent tortells de Sant Antoni, s\u2019ha comptat amb l\u2019actuaci\u00f3 del Grup de Grallers de La Societat Cultural i Recreativa Bisbalenca i tamb\u00e9 s\u2019ha pogut gaudir d\u2019una exposici\u00f3 de maquetes de carros de l\u2019artes\u00e0 de les Borges del Camp Joan M. Vil\u00e0 P\u00e0mies. Despr\u00e9s de l\u2019esmorzar s\u2019ha iniciat la cercavila dels Tres Tombs que ha comptat amb la participaci\u00f3 de carros i cavalls de 48 municipis catalans*, la Gu\u00e0rdia Urbana de Reus i la Gu\u00e0rdia Urbana de Cubelles. En xifres aproximades han format part de la trobada uns 90 carros, 500 cavalls i 600 traginers.<\/span><\/p>\n<p style=\"text-align: justify;\"><span style=\"color: #000000;\">La pluja no ha impedit tirar endavant la celebraci\u00f3 per\u00f2 s\u00ed que ha obligat a modificar el recorregut per no haver de passar per la pujada de la Riba i, d\u2019aquesta manera, evitar relliscades o possibles accidents. Un total de 60 voluntaris, 33 dels quals bisbalencs i bisbalenques (molts d\u2019ells membres d\u2019entitats del municipi), 20 de la Federaci\u00f3 Catalana dels Tres Tombs i 6 de l\u2019ADF Clot de Bou d\u2019Albinyana i les Peces, han fet possible aquest esdeveniment a la Bisbal, prestant la seva ajuda i col\u00b7laboraci\u00f3 durant tot el mat\u00ed. En acabar la cercavila s\u2019han servit 130 racions de dinar al gimn\u00e0s de l\u2019Escola Ull de Vent.<\/span><\/p>\n<p style=\"text-align: justify;\"><span style=\"color: #000000;\"><a style=\"color: #000000;\" href=\"http:\/\/bisbalpenedes.com\/web\/wp-content\/uploads\/2018\/05\/TROBADA-TRES-TOMBS-2018-AUTORITATS-I-VOLUNTARIS.jpg\"><img loading=\"lazy\" class=\"aligncenter size-large wp-image-5707\" src=\"http:\/\/bisbalpenedes.com\/web\/wp-content\/uploads\/2018\/05\/TROBADA-TRES-TOMBS-2018-AUTORITATS-I-VOLUNTARIS-1024x683.jpg\" alt=\"TROBADA TRES TOMBS 2018-AUTORITATS I VOLUNTARIS\" width=\"630\" height=\"420\" srcset=\"https:\/\/bisbalpenedes.com\/web\/wp-content\/uploads\/2018\/05\/TROBADA-TRES-TOMBS-2018-AUTORITATS-I-VOLUNTARIS-1024x683.jpg 1024w, https:\/\/bisbalpenedes.com\/web\/wp-content\/uploads\/2018\/05\/TROBADA-TRES-TOMBS-2018-AUTORITATS-I-VOLUNTARIS-600x400.jpg 600w, https:\/\/bisbalpenedes.com\/web\/wp-content\/uploads\/2018\/05\/TROBADA-TRES-TOMBS-2018-AUTORITATS-I-VOLUNTARIS-300x200.jpg 300w, https:\/\/bisbalpenedes.com\/web\/wp-content\/uploads\/2018\/05\/TROBADA-TRES-TOMBS-2018-AUTORITATS-I-VOLUNTARIS-768x512.jpg 768w\" sizes=\"(max-width: 630px) 100vw, 630px\" \/><\/a><\/span><\/p>\n<p style=\"text-align: justify;\"><span style=\"color: #000000;\">\u00a0L\u2019Ajuntament de la Bisbal del Pened\u00e8s va recuperar la celebraci\u00f3 dels Tres Tombs l\u2019any 2017. \u00c9s per aquest motiu que l\u2019alcaldessa de la vila, Agn\u00e8s Ferr\u00e9, ha remarcat que \u201cdes de l\u2019Ajuntament vol\u00edem acollir aquesta trobada perqu\u00e8 la Bisbal ha estat uns quants anys sense celebrar els Tres Tombs i, recuperar la tradici\u00f3 i fer la Trobada, \u00e9s el millor homenatge que podem fer a les persones que van comen\u00e7ar els Tres Tombs ara fa uns vint-i-cinc anys\u201d. D\u2019altra banda tamb\u00e9 ha volgut posar en valor la feina d\u2019organitzaci\u00f3 i gesti\u00f3 que s\u2019ha fet des de la Regidoria de Cultura des de fa m\u00e9s de sis mesos amb la finalitat de poder tirar endavant aquesta celebraci\u00f3.<\/span><\/p>\n<p style=\"text-align: justify;\"><span style=\"color: #000000;\">Per la seva banda la presidenta de la Federaci\u00f3 Catalana dels Tres Tombs, T\u00e0nia Guasch, ha recordat als assistents que aquesta \u00e9s la darrera trobada que se celebra amb la junta actual de la Federaci\u00f3 al capdavant. Durant el seu parlament ha explicat que va entrar a formar part de la junta, abans de ser presidenta, perqu\u00e8 la va proposar el bisbalenc Ramon Guasch. Tot seguit ha agra\u00eft l\u2019ajuda i col\u00b7laboraci\u00f3 que ha rebut durant tots aquests anys per part de diversos membres de la Federaci\u00f3 i s\u2019ha acomiadat dels federats dient-los que \u201cha estat un plaer per\u00f2 que a la vida tot t\u00e9 un final i crec que \u00e9s hora de fer un pas al costat i seguir la nostra vida per un altre cam\u00ed, encara que relacionat amb el m\u00f3n del cavall i dels Tres Tombs\u201d.<\/span><\/p>\n<p style=\"text-align: justify;\"><span style=\"color: #000000;\">La Trobada Nacional dels Tres Tombs tamb\u00e9 ha comptat amb la pres\u00e8ncia del Director General de Cultura de la Generalitat de Catalunya a Tarragona, Jordi Agr\u00e0s, i Quim Nin, secretari de presid\u00e8ncia de la Generalitat de Catalunya.<\/span><\/p>\n<hr \/>\n<p style=\"text-align: justify;\"><span style=\"color: #000000;\"><strong><a style=\"color: #000000;\" href=\"http:\/\/bisbalpenedes.com\/web\/wp-content\/uploads\/2018\/05\/TROBADA-TRES-TOMBS-2018-3.jpg\"><img loading=\"lazy\" class=\"alignleft size-medium wp-image-5706\" src=\"http:\/\/bisbalpenedes.com\/web\/wp-content\/uploads\/2018\/05\/TROBADA-TRES-TOMBS-2018-3-300x200.jpg\" alt=\"TROBADA TRES TOMBS 2018-3\" width=\"300\" height=\"200\" srcset=\"https:\/\/bisbalpenedes.com\/web\/wp-content\/uploads\/2018\/05\/TROBADA-TRES-TOMBS-2018-3-300x200.jpg 300w, https:\/\/bisbalpenedes.com\/web\/wp-content\/uploads\/2018\/05\/TROBADA-TRES-TOMBS-2018-3-600x400.jpg 600w, https:\/\/bisbalpenedes.com\/web\/wp-content\/uploads\/2018\/05\/TROBADA-TRES-TOMBS-2018-3-768x512.jpg 768w, https:\/\/bisbalpenedes.com\/web\/wp-content\/uploads\/2018\/05\/TROBADA-TRES-TOMBS-2018-3-1024x683.jpg 1024w\" sizes=\"(max-width: 300px) 100vw, 300px\" \/><\/a>CASTELLANO |\u00a0<\/strong>La Bisbal del Pened\u00e8s ha acogido la Trobada Nacional dels Tres Tombs este domingo. Se trata de un evento que tuvo lugar por primera vez el a\u00f1o 1998 y que cada a\u00f1o se lleva a cabo en un t\u00e9rmino municipal diferente con el objetivo de ser un punto de encuentro para las personas que tienen pasi\u00f3n y participan en la tradici\u00f3n de los Tres Tombs.<\/span><\/p>\n<p style=\"text-align: justify;\"><span style=\"color: #000000;\">La celebraci\u00f3n de este domingo ha empezado con un desayuno popular del que se han servido cerca de 600 raciones. Mientras, miembros del Ball de Gitanes de la Bisbal han estado vendiendo \u2018tortells de Sant Antoni\u2019, se ha contado con la actuaci\u00f3n del Grup de Grallers de La Societat Cultural i Recreativa Bisbalenca y tambi\u00e9n se ha podido disfrutar de una exposici\u00f3n de maquetas de carros del artesano de les Borges del Camp Joan M. Vil\u00e0 P\u00e0mies. Despu\u00e9s del desayuno se ha iniciado la cercavila de los Tres tombs que ha contado con la participaci\u00f3n de carros y caballos de 48 municipios catalanes*, la Guardia Urbana de Reus i la Guardia Urbana de Cubelles. En cifras aproximadas han formado parte del encuentro unos 90 carros, 500 caballos y 600 porteadores.<\/span><\/p>\n<p style=\"text-align: justify;\"><span style=\"color: #000000;\">La lluvia no ha impedido llevar a cabo la celebraci\u00f3n pero s\u00ed que ha obligado a modificar el recorrido para no tener que pasar por la \u2018pujada de la Riba\u2019 y, de esta manera, evitar resbalones o posibles accidentes. Un total de 60 voluntarios, 33 de los cuales bisbalencs y bisbalenques (muchos de ellos\u00a0 miembros de entidades del municipio), 20 de la Federaci\u00f3 Catalana dels Tres Tombs y 6 del ADF Clot de Bou de Albinyana y les Peces, han hecho posible este evento en la Bisbal, prestando su ayuda y colaboraci\u00f3n durante toda la ma\u00f1ana. Una vez finalizada la cercavila se han servido 130 raciones de comida en el gimnasio de la Escola Ull de Vent.<\/span><\/p>\n<p style=\"text-align: justify;\"><span style=\"color: #000000;\">El Ayuntamiento de la Bisbal del Pened\u00e8s recuper\u00f3 la celebraci\u00f3n de los Tres Tombs el a\u00f1o 2017. Es por este motivo que la alcaldesa, Agn\u00e8s Ferr\u00e9, ha remarcado que \u201cdesde el Ayuntamiento quer\u00edamos acoger este encuentro porqu\u00e9 la Bisbal ha estado unos cuantos a\u00f1os sin celebrar los Tres Tombs y, recuperar la tradici\u00f3n y hacer la Trobada, es el mejor homenaje que podemos hacer a las personas que empezaron los Tres Tombs ara hace unos veinticinco a\u00f1os\u201d. Por otro lado tambi\u00e9n ha querido poner en valor el trabajo de organizaci\u00f3n y gesti\u00f3n que se ha hecho desde la Regidoria de Cultura desde hace m\u00e1s de seis meses con la finalidad de poder llevar a cabo esta celebraci\u00f3n.<\/span><\/p>\n<p style=\"text-align: justify;\"><span style=\"color: #000000;\">Por su parte, la presidenta de la Federaci\u00f3 Catalana dels Tres Tombs, T\u00e0nia Guasch, ha recordado a los asistentes que esta es la \u00faltima \u2018trobada\u2019 que se celebra con la junta actual de la Federaci\u00f3 al frente. Durante su discurso ha explicado que entr\u00f3 a formar parte de la junta, antes de ser presidenta, porqu\u00e9 la propuso el bisbalense Ramon Guasch. A continuaci\u00f3n ha agradecido la ayuda y colaboraci\u00f3n que ha recibido durante todos estos a\u00f1os por parte de varios miembros de la Federaci\u00f3 y se ha despedido de los federados dici\u00e9ndoles que \u201cha sido un placer pero en la vida todo tiene un final y creo que es hora de hacer un paso al lado y seguir nuestra vida por otro camino, aunque relacionado con el mundo del caballo y los Tres Tombs\u201d.<\/span><\/p>\n<p style=\"text-align: justify;\"><span style=\"color: #000000;\">La Trobada Nacional dels Tres Tombs tambi\u00e9n ha contado con la presencia del Director General de Cultura de la Generalitat de Catalunya en Tarragona, Jordi Agr\u00e0s, y Quim Nin, secretario de presidencia de la Generalitat de Catalunya.<\/span><\/p>\n<p><a href=\"http:\/\/bisbalpenedes.com\/web\/wp-content\/uploads\/2018\/05\/TOBADA-TRES-TOMBS-2018-DINAR.jpg\"><img loading=\"lazy\" class=\"aligncenter size-large wp-image-5708\" src=\"http:\/\/bisbalpenedes.com\/web\/wp-content\/uploads\/2018\/05\/TOBADA-TRES-TOMBS-2018-DINAR-1024x683.jpg\" alt=\"TOBADA TRES TOMBS 2018-DINAR\" width=\"630\" height=\"420\" srcset=\"https:\/\/bisbalpenedes.com\/web\/wp-content\/uploads\/2018\/05\/TOBADA-TRES-TOMBS-2018-DINAR-1024x683.jpg 1024w, https:\/\/bisbalpenedes.com\/web\/wp-content\/uploads\/2018\/05\/TOBADA-TRES-TOMBS-2018-DINAR-600x400.jpg 600w, https:\/\/bisbalpenedes.com\/web\/wp-content\/uploads\/2018\/05\/TOBADA-TRES-TOMBS-2018-DINAR-300x200.jpg 300w, https:\/\/bisbalpenedes.com\/web\/wp-content\/uploads\/2018\/05\/TOBADA-TRES-TOMBS-2018-DINAR-768x512.jpg 768w\" sizes=\"(max-width: 630px) 100vw, 630px\" \/><\/a><\/p>\n<p style=\"text-align: justify;\">\n","protected":false},"excerpt":{"rendered":"<p>CATAL\u00c0 | La Bisbal del Pened\u00e8s ha acollit la Trobada Nacional dels Tres Tombs aquest diumenge. \u00a0Es tracta d\u2019un esdeveniment que va tenir lloc per primera vegada l\u2019any 1998 i &hellip; <a href=\"https:\/\/bisbalpenedes.com\/web\/2018\/05\/07\/la-bisbal-del-penedes-ha-acollit-la-celebracio-de-la-trobada-nacional-dels-tres-tombs-aquest-diumenge-6-de-maig\/\" class=\"more-link\">Read More<\/a><\/p>\n","protected":false},"author":4,"featured_media":5706,"comment_status":"closed","ping_status":"closed","sticky":false,"template":"","format":"standard","meta":[],"categories":[13],"tags":[933,236,557,78,1774,1120,228,1116],"_links":{"self":[{"href":"https:\/\/bisbalpenedes.com\/web\/wp-json\/wp\/v2\/posts\/5704"}],"collection":[{"href":"https:\/\/bisbalpenedes.com\/web\/wp-json\/wp\/v2\/posts"}],"about":[{"href":"https:\/\/bisbalpenedes.com\/web\/wp-json\/wp\/v2\/types\/post"}],"author":[{"embeddable":true,"href":"https:\/\/bisbalpenedes.com\/web\/wp-json\/wp\/v2\/users\/4"}],"replies":[{"embeddable":true,"href":"https:\/\/bisbalpenedes.com\/web\/wp-json\/wp\/v2\/comments?post=5704"}],"version-history":[{"count":2,"href":"https:\/\/bisbalpenedes.com\/web\/wp-json\/wp\/v2\/posts\/5704\/revisions"}],"predecessor-version":[{"id":5710,"href":"https:\/\/bisbalpenedes.com\/web\/wp-json\/wp\/v2\/posts\/5704\/revisions\/5710"}],"wp:featuredmedia":[{"embeddable":true,"href":"https:\/\/bisbalpenedes.com\/web\/wp-json\/wp\/v2\/media\/5706"}],"wp:attachment":[{"href":"https:\/\/bisbalpenedes.com\/web\/wp-json\/wp\/v2\/media?parent=5704"}],"wp:term":[{"taxonomy":"category","embeddable":true,"href":"https:\/\/bisbalpenedes.com\/web\/wp-json\/wp\/v2\/categories?post=5704"},{"taxonomy":"post_tag","embeddable":true,"href":"https:\/\/bisbalpenedes.com\/web\/wp-json\/wp\/v2\/tags?post=5704"}],"curies":[{"name":"wp","href":"https:\/\/api.w.org\/{rel}","templated":true}]}}