{"id":5700,"date":"2018-05-08T08:19:06","date_gmt":"2018-05-08T07:19:06","guid":{"rendered":"http:\/\/bisbalpenedes.com\/web\/?p=5700"},"modified":"2018-05-08T08:19:46","modified_gmt":"2018-05-08T07:19:46","slug":"dissabte-12-de-maig-es-descobrira-la-placa-castellera-del-5d9f-de-la-colla-vella-dels-xiquets-de-valls-i-es-presenta-un-llibre-casteller","status":"publish","type":"post","link":"https:\/\/bisbalpenedes.com\/web\/2018\/05\/08\/dissabte-12-de-maig-es-descobrira-la-placa-castellera-del-5d9f-de-la-colla-vella-dels-xiquets-de-valls-i-es-presenta-un-llibre-casteller\/","title":{"rendered":"Dissabte 12 de maig es descobrir\u00e0 la placa castellera del 5d9f de la Colla Vella dels Xiquets de Valls i es presenta un llibre casteller"},"content":{"rendered":"<p>&nbsp;<\/p>\n<p style=\"text-align: justify;\"><span style=\"color: #000000;\"><strong>CATAL\u00c0<\/strong> | El proper dissabte 12 de maig a les 18h es descobrir\u00e0 una nova placa castellera de la Colla Vella dels Xiquets de Valls a la fa\u00e7ana de La Societat Cultural i Recreativa Bisbalenca. Es tracta de la placa que correspon al 5d9f que va ser descarregat per primera vegada a la Bisbal el 15 d\u2019agost de 2017 per la Colla Vella dels Xiquets de Valls. La pe\u00e7a ha estat confeccionada per la ceramista baixpenedesenca Roser Oter sota l\u2019enc\u00e0rrec de l\u2019Ajuntament de la Bisbal.<\/span><\/p>\n<p style=\"text-align: justify;\"><a href=\"http:\/\/bisbalpenedes.com\/web\/wp-content\/uploads\/2018\/05\/CARTELL-PLACA-5d9f-Societat.jpg\"><img loading=\"lazy\" class=\"alignleft size-medium wp-image-5702\" src=\"http:\/\/bisbalpenedes.com\/web\/wp-content\/uploads\/2018\/05\/CARTELL-PLACA-5d9f-Societat-212x300.jpg\" alt=\"CARTELL PLACA 5d9f-Societat\" width=\"212\" height=\"300\" srcset=\"https:\/\/bisbalpenedes.com\/web\/wp-content\/uploads\/2018\/05\/CARTELL-PLACA-5d9f-Societat-212x300.jpg 212w, https:\/\/bisbalpenedes.com\/web\/wp-content\/uploads\/2018\/05\/CARTELL-PLACA-5d9f-Societat-600x848.jpg 600w, https:\/\/bisbalpenedes.com\/web\/wp-content\/uploads\/2018\/05\/CARTELL-PLACA-5d9f-Societat-768x1086.jpg 768w, https:\/\/bisbalpenedes.com\/web\/wp-content\/uploads\/2018\/05\/CARTELL-PLACA-5d9f-Societat-724x1024.jpg 724w, https:\/\/bisbalpenedes.com\/web\/wp-content\/uploads\/2018\/05\/CARTELL-PLACA-5d9f-Societat.jpg 1754w\" sizes=\"(max-width: 212px) 100vw, 212px\" \/><\/a><\/p>\n<p style=\"text-align: justify;\"><span style=\"color: #000000;\">Tot seguit, a les 18.30h, l\u2019Auditori Salb\u00e0 del CMC acollir\u00e0 la presentaci\u00f3 del llibre \u201cEls or\u00edgens del fet casteller: del Ball de Valencians als Xiquets de Valls\u201d. Es tracta d\u2019un llibre fruit de la feina d\u2019investigaci\u00f3 d\u2019\u00c0lex Cervell\u00f3 que desvetlla dades interessants sobre el m\u00f3n casteller, com ara que la primera actuaci\u00f3 castellera va tenir lloc el febrer de 1791 en el marc de les Festes de la Candelera de Valls, una informaci\u00f3 que fa que l\u2019origen dels castells s\u2019avanci una d\u00e8cada, ja que els estudiosos del tema l\u2019ubicaven, fins a la sortida d\u2019aquest llibre, al 1801. El volum argumenta que els Balls de Valencians s\u00f3n considerats l\u2019antecedent directe dels castells, ja que es tractava d\u2019un ball de car\u00e0cter religi\u00f3s que finalitzava amb una petita construcci\u00f3 humana que va evolucionar fins que va donar import\u00e0ncia a la torreta final, que la gent va acabar anomenant \u201ccastells\u201d. La investigaci\u00f3 de Cervell\u00f3 tamb\u00e9 presenta el primer enxaneta documentat de la hist\u00f2ria, Jaume Fuster Foguet, conegut amb el renom d\u2019\u201dAnxaneta\u201d, que hauria format part del ball de valencians vallenc durant la d\u00e8cada de 1770.<\/span><\/p>\n<p style=\"text-align: justify;\"><span style=\"color: #000000;\">\u00c0lex Cervell\u00f3 \u00e9s investigador de la URV i ha dut a terme la seva recerca sota el paraigua de la C\u00e0tedra per l\u2019Estudi del Fet Casteller d\u2019aquesta universitat, comptant amb la col\u00b7laboraci\u00f3 de la Colla Vella dels Xiquets de Valls. La presentaci\u00f3 del llibre anir\u00e0 a c\u00e0rrec de l\u2019autor, \u00c0lex Cervell\u00f3, i del president de la Colla Vella dels Xiquets de Valls, Albert Pedret. Tamb\u00e9 es comptar\u00e0 amb la intervenci\u00f3 de \u00a0l\u2019expresident i membre de la Comissi\u00f3 d\u2019Hist\u00f2ria i Identitat de la Colla Vella, Pep Sol\u00e9 Tarrag\u00f3.<\/span><\/p>\n<hr \/>\n<p style=\"text-align: justify;\"><strong>CASTELLANO<\/strong> | El pr\u00f3ximo s\u00e1bado 12 de mayo a las 18h se descubrir\u00e1 una nueva placa castellera de la Colla Vella dels Xiquets de Valls en la fachada de La Societat Cultural i Recreativa Bisbalenca. Se trata de la placa que corresponde al 5d9f que descarg\u00f3, por primera vez en la Bisbal el 15 de agosto del 2017, la Colla Vella dels Xiquets de Valls. La pieza ha sido confeccionada por la ceramista baixpenedesenca Roser Oter y encargada por el Ayuntamiento de la Bisbal.<\/p>\n<p style=\"text-align: justify;\"><a href=\"http:\/\/bisbalpenedes.com\/web\/wp-content\/uploads\/2018\/05\/CARTELL-PLACA-5d9f-Societat.jpg\"><img loading=\"lazy\" class=\"alignleft size-medium wp-image-5702\" src=\"http:\/\/bisbalpenedes.com\/web\/wp-content\/uploads\/2018\/05\/CARTELL-PLACA-5d9f-Societat-212x300.jpg\" alt=\"CARTELL PLACA 5d9f-Societat\" width=\"212\" height=\"300\" srcset=\"https:\/\/bisbalpenedes.com\/web\/wp-content\/uploads\/2018\/05\/CARTELL-PLACA-5d9f-Societat-212x300.jpg 212w, https:\/\/bisbalpenedes.com\/web\/wp-content\/uploads\/2018\/05\/CARTELL-PLACA-5d9f-Societat-600x848.jpg 600w, https:\/\/bisbalpenedes.com\/web\/wp-content\/uploads\/2018\/05\/CARTELL-PLACA-5d9f-Societat-768x1086.jpg 768w, https:\/\/bisbalpenedes.com\/web\/wp-content\/uploads\/2018\/05\/CARTELL-PLACA-5d9f-Societat-724x1024.jpg 724w, https:\/\/bisbalpenedes.com\/web\/wp-content\/uploads\/2018\/05\/CARTELL-PLACA-5d9f-Societat.jpg 1754w\" sizes=\"(max-width: 212px) 100vw, 212px\" \/><\/a><\/p>\n<p style=\"text-align: justify;\">A continuaci\u00f3n, a las 18.30h, el Auditori Salb\u00e0 del CMC acoger\u00e1 la presentaci\u00f3n del libro \u201cEls or\u00edgens del fet casteller: del Ball de Valencians als Xiquets de Valls\u201d. Se trata de un libro fruto del trabajo de investigaci\u00f3n\u00a0 de \u00c0lex Cervell\u00f3 que desvela datos interesantes sobre el mundo casteller, como por ejemplo que la primera actuaci\u00f3n castellera tuvo lugar en febrero del 1791 en el marco de las Festes de la Candelera de Valls, una informaci\u00f3n que hace que el origen de los castells se adelante una d\u00e9cada, ya que los estudiosos del tema lo ubicaban, hasta la salida de este libro, en el 1801. El volumen argumenta que los Balls de Valencians son considerados el antecedente directo de los castillos, ya que se trataba de un baile de car\u00e1cter religioso que finalizaba con una peque\u00f1a construcci\u00f3n humana que evolucion\u00f3 hasta que se le dio importancia a la \u2018torreta\u2019 final, que la gente acab\u00f3 llamando \u2018castells\u2019. La investigaci\u00f3n de Cervell\u00f3 tambi\u00e9n presenta el primer \u2018enxaneta\u2019 documentado de la historia, Jaume Fuster Foguet, conocido con el apodo de \u201cAnxaneta\u201d, que habr\u00eda formado parte del ball de valencians vallenc durante la d\u00e9cada de 1770.<\/p>\n<p>\u00c0lex Cervell\u00f3 es investigador de la URV y ha llevado a cabo su investigaci\u00f3n bajo el paraguas de la C\u00e0tedra per l\u2019Estudi del Fet Casteller de esta universidad, contando con la colaboraci\u00f3n de la Colla Vella dels Xiquets de Valls. La presentaci\u00f3n del libro ir\u00e1 a cargo del autor, \u00c0lex Cervell\u00f3, y del presidente de la Cola Vella dels Xiquets de Valls, Albert Pedret. Tambi\u00e9n se contar\u00e1 con la intervenci\u00f3n del expresidente y miembro de la Comissi\u00f3 d\u2019Hist\u00f2ria i Identitat de la Colla Vella, Pep Sol\u00e9 Tarrag\u00f3.<\/p>\n<p>&nbsp;<\/p>\n","protected":false},"excerpt":{"rendered":"<p>&nbsp; CATAL\u00c0 | El proper dissabte 12 de maig a les 18h es descobrir\u00e0 una nova placa castellera de la Colla Vella dels Xiquets de Valls a la fa\u00e7ana de &hellip; <a href=\"https:\/\/bisbalpenedes.com\/web\/2018\/05\/08\/dissabte-12-de-maig-es-descobrira-la-placa-castellera-del-5d9f-de-la-colla-vella-dels-xiquets-de-valls-i-es-presenta-un-llibre-casteller\/\" class=\"more-link\">Read More<\/a><\/p>\n","protected":false},"author":4,"featured_media":5701,"comment_status":"closed","ping_status":"closed","sticky":false,"template":"","format":"standard","meta":[],"categories":[13],"tags":[1773,1770,1772,1220,1771,300,47,407,1214,451],"_links":{"self":[{"href":"https:\/\/bisbalpenedes.com\/web\/wp-json\/wp\/v2\/posts\/5700"}],"collection":[{"href":"https:\/\/bisbalpenedes.com\/web\/wp-json\/wp\/v2\/posts"}],"about":[{"href":"https:\/\/bisbalpenedes.com\/web\/wp-json\/wp\/v2\/types\/post"}],"author":[{"embeddable":true,"href":"https:\/\/bisbalpenedes.com\/web\/wp-json\/wp\/v2\/users\/4"}],"replies":[{"embeddable":true,"href":"https:\/\/bisbalpenedes.com\/web\/wp-json\/wp\/v2\/comments?post=5700"}],"version-history":[{"count":1,"href":"https:\/\/bisbalpenedes.com\/web\/wp-json\/wp\/v2\/posts\/5700\/revisions"}],"predecessor-version":[{"id":5703,"href":"https:\/\/bisbalpenedes.com\/web\/wp-json\/wp\/v2\/posts\/5700\/revisions\/5703"}],"wp:featuredmedia":[{"embeddable":true,"href":"https:\/\/bisbalpenedes.com\/web\/wp-json\/wp\/v2\/media\/5701"}],"wp:attachment":[{"href":"https:\/\/bisbalpenedes.com\/web\/wp-json\/wp\/v2\/media?parent=5700"}],"wp:term":[{"taxonomy":"category","embeddable":true,"href":"https:\/\/bisbalpenedes.com\/web\/wp-json\/wp\/v2\/categories?post=5700"},{"taxonomy":"post_tag","embeddable":true,"href":"https:\/\/bisbalpenedes.com\/web\/wp-json\/wp\/v2\/tags?post=5700"}],"curies":[{"name":"wp","href":"https:\/\/api.w.org\/{rel}","templated":true}]}}