{"id":5696,"date":"2018-05-08T07:56:34","date_gmt":"2018-05-08T06:56:34","guid":{"rendered":"http:\/\/bisbalpenedes.com\/web\/?p=5696"},"modified":"2018-05-08T08:12:40","modified_gmt":"2018-05-08T07:12:40","slug":"el-proper-dijous-10-de-maig-a-les-9-00h-tindra-lloc-un-ple-extraordinari","status":"publish","type":"post","link":"https:\/\/bisbalpenedes.com\/web\/2018\/05\/08\/el-proper-dijous-10-de-maig-a-les-9-00h-tindra-lloc-un-ple-extraordinari\/","title":{"rendered":"El proper dijous 10 de maig a les 9.00h tindr\u00e0 lloc un Ple Extraordinari"},"content":{"rendered":"<p style=\"text-align: justify;\"><span style=\"color: #000000;\"><strong>CATAL\u00c0 |\u00a0<\/strong>Aquest dilluns 7 de maig de 2017 s\u2019ha convocat una sessi\u00f3 extraordin\u00e0ria del Ple de l\u2019Ajuntament de la Bisbal del Pened\u00e8s que tindr\u00e0 lloc\u00a0<b>en el sal\u00f3 de sessions el dijous dia 10 de maig de 2018 a les 9.00h<\/b>\u00a0per tractar els seg\u00fcents assumptes:<\/span><\/p>\n<p style=\"text-align: justify;\"><span style=\"color: #000000;\"><strong>1.- Aprovaci\u00f3 de la nova addenda al contracte de data 6 de juny del 2017 de subministrament el\u00e8ctric entre els promotors i Endesa Distribuci\u00f3n El\u00e9ctrica SLU.<\/strong><\/span><\/p>\n<p style=\"text-align: justify; padding-left: 30px;\"><span style=\"color: #000000;\"><u>Explicaci\u00f3 del punt:<\/u>\u00a0Es revocar\u00e0 i es deixar\u00e0 sense efecte l\u2019addenda al contracte 06\/06\/17 de subministrament el\u00e8ctric entre els promotors i Endesa i es proposar\u00e0 l\u2019aprovaci\u00f3 aquesta nova addenda. L\u2019objecte \u00e9s la inversi\u00f3 per incrementar la pot\u00e8ncia el\u00e8ctrica en diversos pol\u00edgons industrials i empreses de la comarca, entre els quals hi ha els pol\u00edgons industrials de la Bisbal.<\/span><\/p>\n<p style=\"text-align: justify;\"><span style=\"color: #000000;\"><strong>2.- Aprovaci\u00f3 del conveni amb el Consell Comarcal del Baix Pened\u00e8s i altres Ajuntaments de la comarca per una col\u00b7laboraci\u00f3 interadministrativa per a l\u2019execuci\u00f3 del programa Enfeina\u2019t, convocat\u00f2ria 2017.<\/strong><\/span><\/p>\n<p style=\"text-align: justify; padding-left: 30px;\"><span style=\"color: #000000;\"><u>Explicaci\u00f3 del punt:<\/u>\u00a0El Consell Comarcal del Baix Pened\u00e8s ha rebut una subvenci\u00f3 del Departament de Treball, Afers Socials i Fam\u00edlies per al programa Enfeina\u2019t a escala comarcal. Amb aquest programa es contractaran 17 peons (durant 6 mesos) i 2 administratius (durant 9 mesos) en diversos municipis de la comarca. Al ple es porta l&#8217;aprovaci\u00f3 del conveni per poder tirar endavant el programa Enfeina&#8217;t.<\/span><\/p>\n<p style=\"text-align: justify;\"><span style=\"color: #000000;\"><strong>3.- Aprovaci\u00f3 de la distribuci\u00f3 del super\u00e0vit 2017.<\/strong><\/span><\/p>\n<p style=\"text-align: justify; padding-left: 30px;\"><span style=\"color: #000000;\"><u>Explicaci\u00f3 del punt:<\/u>\u00a0Es porta al ple l&#8217;aprovaci\u00f3 de la liquidaci\u00f3 de l\u2019exercici 2017 per a la bona gesti\u00f3 i compliment de tots els requisits de fixa la Llei Org\u00e0nica 2\/2017, de 27 d\u2019abril, d\u2019Estabilitat pressupost\u00e0ria i sostenibilitat financera. L\u2019Ajuntament t\u00e9 un super\u00e0vit de 645.408,24\u20ac a distribuir. En aquest ple es votar\u00e0 l\u2019aprovaci\u00f3 de l\u2019expedient de distribuci\u00f3 del super\u00e0vit i, en un ple posterior, es proposar\u00e0 l\u2019a aprovaci\u00f3 la distribuci\u00f3 del super\u00e0vit.<\/span><\/p>\n<p><span style=\"color: #000000;\">&#8212;&#8211;<\/span><\/p>\n<p style=\"text-align: justify;\"><span style=\"color: #000000;\"><strong>CASTELLANO |\u00a0<\/strong>Este lunes 7 de mayo del 2017 se ha convocado una sesi\u00f3n extraordinaria del Pleno del Ayuntamiento de la Bisbal del Pened\u00e8s que tendr\u00e1 lugar\u00a0<b>en el sal\u00f3n de sesiones el jueves d\u00eda 10 de mayo del 2018 a las 9.00h<\/b>\u00a0para tratar los siguientes asuntos:<\/span><\/p>\n<p style=\"text-align: justify;\"><span style=\"color: #000000;\"><strong>1.- Aprobaci\u00f3n de la nueva adenda al contrato de fecha 6 de junio del 2017 de suministro el\u00e9ctrico entre los promotores y Endesa Distribuci\u00f3n El\u00e9ctrica SLU.<\/strong><\/span><\/p>\n<p style=\"text-align: justify; padding-left: 30px;\"><span style=\"color: #000000;\"><u>Explicaci\u00f3n del punto:<\/u>\u00a0Se revocar\u00e1 y se dejar\u00e1 sin efecto la adenda al contrato 06\/06\/17 de suministro el\u00e9ctrico entre los promotores y Endesa y se propondr\u00e1 la aprobaci\u00f3n de esta nueva adenda. El objeto es la inversi\u00f3n para incrementar la potencia el\u00e9ctrica en varios pol\u00edgonos industriales y empresas de la comarca, entre los que est\u00e1n los pol\u00edgonos industriales de la Bisbal.<\/span><\/p>\n<p style=\"text-align: justify;\"><span style=\"color: #000000;\"><strong>2.- Aprobaci\u00f3n del convenio con el Consell Comarcal del Baix Pened\u00e8s y otros Ayuntamientos de la comarca para una colaboraci\u00f3n interadministrativa para la ejecuci\u00f3n del programa Enfeina\u2019t, convocatoria 2017.<\/strong><\/span><\/p>\n<p style=\"text-align: justify; padding-left: 30px;\"><span style=\"color: #000000;\"><u>Explicaci\u00f3n del punto:\u00a0<\/u>El Consell Comarcal del Baix Pened\u00e8s ha recibido una subvenci\u00f3n del Departament de Treball, Afers Socials i Fam\u00edlies para el programa Enfeina\u2019t a nivel comarcal. Con este programa se contrataran 17 peones (durante 6 meses) y 2 administrativos (durante 9 meses) en varios municipios de la comarca. Al pleno se lleva la aprobaci\u00f3n del convenio para poder llevar a cabo el programa Enfeina&#8217;t.<\/span><\/p>\n<p style=\"text-align: justify;\"><span style=\"color: #000000;\"><strong>3.- Aprobaci\u00f3n de la distribuci\u00f3n del superavit 2017.<\/strong><\/span><\/p>\n<p style=\"text-align: justify; padding-left: 30px;\"><span style=\"color: #000000;\"><u>Explicaci\u00f3n del punto:<\/u>Se lleva al pleno la aprobaci\u00f3n de la liquidaci\u00f3n del ejercicio 2017 para la buena gesti\u00f3n y cumplimiento de todos los requisitos que fija la Ley Org\u00e1nica 2\/2017, de 27 de abril, de Estabilidad Presupuestaria y Sostenibilidad Financiera. El Ayuntamiento tiene un superavit y, en un pleno posterior, se propondr\u00e1 la aprobaci\u00f3n la distribuci\u00f3n del superavit.<\/span><\/p>\n","protected":false},"excerpt":{"rendered":"<p>CATAL\u00c0 |\u00a0Aquest dilluns 7 de maig de 2017 s\u2019ha convocat una sessi\u00f3 extraordin\u00e0ria del Ple de l\u2019Ajuntament de la Bisbal del Pened\u00e8s que tindr\u00e0 lloc\u00a0en el sal\u00f3 de sessions el &hellip; <a href=\"https:\/\/bisbalpenedes.com\/web\/2018\/05\/08\/el-proper-dijous-10-de-maig-a-les-9-00h-tindra-lloc-un-ple-extraordinari\/\" class=\"more-link\">Read More<\/a><\/p>\n","protected":false},"author":4,"featured_media":3991,"comment_status":"closed","ping_status":"closed","sticky":false,"template":"","format":"standard","meta":[],"categories":[4],"tags":[1769,1689,139,423,1767,1768],"_links":{"self":[{"href":"https:\/\/bisbalpenedes.com\/web\/wp-json\/wp\/v2\/posts\/5696"}],"collection":[{"href":"https:\/\/bisbalpenedes.com\/web\/wp-json\/wp\/v2\/posts"}],"about":[{"href":"https:\/\/bisbalpenedes.com\/web\/wp-json\/wp\/v2\/types\/post"}],"author":[{"embeddable":true,"href":"https:\/\/bisbalpenedes.com\/web\/wp-json\/wp\/v2\/users\/4"}],"replies":[{"embeddable":true,"href":"https:\/\/bisbalpenedes.com\/web\/wp-json\/wp\/v2\/comments?post=5696"}],"version-history":[{"count":3,"href":"https:\/\/bisbalpenedes.com\/web\/wp-json\/wp\/v2\/posts\/5696\/revisions"}],"predecessor-version":[{"id":5699,"href":"https:\/\/bisbalpenedes.com\/web\/wp-json\/wp\/v2\/posts\/5696\/revisions\/5699"}],"wp:featuredmedia":[{"embeddable":true,"href":"https:\/\/bisbalpenedes.com\/web\/wp-json\/wp\/v2\/media\/3991"}],"wp:attachment":[{"href":"https:\/\/bisbalpenedes.com\/web\/wp-json\/wp\/v2\/media?parent=5696"}],"wp:term":[{"taxonomy":"category","embeddable":true,"href":"https:\/\/bisbalpenedes.com\/web\/wp-json\/wp\/v2\/categories?post=5696"},{"taxonomy":"post_tag","embeddable":true,"href":"https:\/\/bisbalpenedes.com\/web\/wp-json\/wp\/v2\/tags?post=5696"}],"curies":[{"name":"wp","href":"https:\/\/api.w.org\/{rel}","templated":true}]}}