{"id":5689,"date":"2018-05-04T13:27:31","date_gmt":"2018-05-04T12:27:31","guid":{"rendered":"http:\/\/bisbalpenedes.com\/web\/?p=5689"},"modified":"2018-05-04T13:27:31","modified_gmt":"2018-05-04T12:27:31","slug":"comunicat-ha-mort-la-regidora-margarita-barbera-cuesta","status":"publish","type":"post","link":"https:\/\/bisbalpenedes.com\/web\/2018\/05\/04\/comunicat-ha-mort-la-regidora-margarita-barbera-cuesta\/","title":{"rendered":"Comunicat: ha mort la regidora Margarita Barber\u00e0 Cuesta"},"content":{"rendered":"<p style=\"text-align: justify; line-height: 200%; background: white; margin: 0cm 0cm 4.5pt 0cm;\"><span style=\"font-family: 'Helvetica','sans-serif'; color: #1d2129;\">L\u2019Ajuntament de la Bisbal del Pened\u00e8s fa saber que Margarita Barber\u00e0 Cuesta, regidora d\u2019aquest ajuntament, ha mort de forma sobtada als 55 anys.<\/span><\/p>\n<p style=\"text-align: justify; line-height: 200%; background: white; margin: 0cm 0cm 4.5pt 0cm;\"><span style=\"font-family: 'Helvetica','sans-serif'; color: #1d2129;\">Des de l\u2019Ajuntament de la Bisbal del Pened\u00e8s volem expressar el nostre condol per la seva mort. Lamentem profundament aquesta p\u00e8rdua i fem arribar el nostre escalf i suport a tota la seva fam\u00edlia i amics.<\/span><\/p>\n<p style=\"text-align: justify; line-height: 200%; background: white; margin: 0cm 0cm 4.5pt 0cm;\"><span style=\"font-family: 'Helvetica','sans-serif'; color: #1d2129;\">La regidora havia format part de la llista d\u2019ERC-AM en les passades eleccions i havia pres possessi\u00f3 del seu c\u00e0rrec recentment, el 19 de mar\u00e7 de 2018.<\/span><\/p>\n","protected":false},"excerpt":{"rendered":"<p>L\u2019Ajuntament de la Bisbal del Pened\u00e8s fa saber que Margarita Barber\u00e0 Cuesta, regidora d\u2019aquest ajuntament, ha mort de forma sobtada als 55 anys. Des de l\u2019Ajuntament de la Bisbal del &hellip; <a href=\"https:\/\/bisbalpenedes.com\/web\/2018\/05\/04\/comunicat-ha-mort-la-regidora-margarita-barbera-cuesta\/\" class=\"more-link\">Read More<\/a><\/p>\n","protected":false},"author":4,"featured_media":5155,"comment_status":"closed","ping_status":"closed","sticky":false,"template":"","format":"standard","meta":[],"categories":[4],"tags":[1762,1763],"_links":{"self":[{"href":"https:\/\/bisbalpenedes.com\/web\/wp-json\/wp\/v2\/posts\/5689"}],"collection":[{"href":"https:\/\/bisbalpenedes.com\/web\/wp-json\/wp\/v2\/posts"}],"about":[{"href":"https:\/\/bisbalpenedes.com\/web\/wp-json\/wp\/v2\/types\/post"}],"author":[{"embeddable":true,"href":"https:\/\/bisbalpenedes.com\/web\/wp-json\/wp\/v2\/users\/4"}],"replies":[{"embeddable":true,"href":"https:\/\/bisbalpenedes.com\/web\/wp-json\/wp\/v2\/comments?post=5689"}],"version-history":[{"count":1,"href":"https:\/\/bisbalpenedes.com\/web\/wp-json\/wp\/v2\/posts\/5689\/revisions"}],"predecessor-version":[{"id":5690,"href":"https:\/\/bisbalpenedes.com\/web\/wp-json\/wp\/v2\/posts\/5689\/revisions\/5690"}],"wp:featuredmedia":[{"embeddable":true,"href":"https:\/\/bisbalpenedes.com\/web\/wp-json\/wp\/v2\/media\/5155"}],"wp:attachment":[{"href":"https:\/\/bisbalpenedes.com\/web\/wp-json\/wp\/v2\/media?parent=5689"}],"wp:term":[{"taxonomy":"category","embeddable":true,"href":"https:\/\/bisbalpenedes.com\/web\/wp-json\/wp\/v2\/categories?post=5689"},{"taxonomy":"post_tag","embeddable":true,"href":"https:\/\/bisbalpenedes.com\/web\/wp-json\/wp\/v2\/tags?post=5689"}],"curies":[{"name":"wp","href":"https:\/\/api.w.org\/{rel}","templated":true}]}}