{"id":5682,"date":"2018-05-04T13:02:00","date_gmt":"2018-05-04T12:02:00","guid":{"rendered":"http:\/\/bisbalpenedes.com\/web\/?p=5682"},"modified":"2018-05-04T13:25:48","modified_gmt":"2018-05-04T12:25:48","slug":"aquest-dijous-ha-tingut-lloc-la-comissio-de-delimitacio-dels-termes-de-la-bisbal-i-llorenc","status":"publish","type":"post","link":"https:\/\/bisbalpenedes.com\/web\/2018\/05\/04\/aquest-dijous-ha-tingut-lloc-la-comissio-de-delimitacio-dels-termes-de-la-bisbal-i-llorenc\/","title":{"rendered":"Aquest dijous ha tingut lloc la Comissi\u00f3 de Delimitaci\u00f3 dels termes de la Bisbal i Lloren\u00e7"},"content":{"rendered":"<p style=\"text-align: justify;\"><span style=\"font-size: 10pt; font-family: Verdana, sans-serif; color: #000000;\"><strong>CATAL\u00c0<\/strong> | Aquest dijous ha tingut lloc la Comissi\u00f3 de Delimitaci\u00f3 dels termes municipals de Lloren\u00e7 del Pened\u00e8s i la Bisbal del Pened\u00e8s. A la reuni\u00f3, que s\u2019ha fet a l\u2019Ajuntament de Lloren\u00e7 del Pened\u00e8s, hi han assistit l\u2019alcaldessa de la Bisbal, Agn\u00e8s Ferr\u00e9; la\u00a0primera tinenta d\u2019alcaldia, Maguy Antol\u00edn; el regidor Pere Saumoy i el secretari municipal. Pel que fa a Lloren\u00e7 del Pened\u00e8s, han pres part de l\u2019acte l\u2019alcalde del municipi, Jordi Marl\u00e8s; el tercer tinent d\u2019alcalde, Ignasi Saura; i la secret\u00e0ria accidental de l\u2019Ajuntament. Quant a la Generalitat de Catalunya, s\u2019ha comptat amb la pres\u00e8ncia de Francesc Gal\u00e1n, t\u00e8cnic dels Serveis Territorials de Tarragona del Departament de Governaci\u00f3 i Aleix Pros, t\u00e8cnic de l\u2019Institut Cartogr\u00e0fic i Geol\u00f2gic de Catalunya.<\/span><\/p>\n<p style=\"text-align: justify;\"><span style=\"font-size: 10pt; font-family: Verdana, sans-serif; color: #000000;\">Des de la Generalitat de Catalunya s\u2019estan duent a terme 65 expedients de delimitaci\u00f3 de municipis a Catalunya, alguns dels quals tenen a veure amb la delimitaci\u00f3 de la Bisbal amb altres municipis i, aquesta reuni\u00f3, ha tingut lloc despr\u00e9s que s\u2019aprov\u00e9s per ple l\u2019expedient de delimitaci\u00f3 del terme municipal de la Bisbal del Pened\u00e8s amb Lloren\u00e7 del Pened\u00e8s, es fes el nomenament de la comissi\u00f3 municipal de delimitaci\u00f3 i es fes arribar la informaci\u00f3 sol\u00b7licitada pel Departament d\u2019Administraci\u00f3 Local de la Generalitat de Catalunya.<\/span><\/p>\n<p style=\"text-align: justify;\"><span style=\"font-size: 10pt; font-family: Verdana, sans-serif; color: #000000;\">Quant a les conclusions que s\u2019extreuen d\u2019aquesta trobada, la delimitaci\u00f3 del terme municipal de la Bisbal amb el de Lloren\u00e7 no ha variat i continua estant situat en un tram del Torrent de Sant Marc, informaci\u00f3 que ja consta als documents de la Generalitat. Durant la Comissi\u00f3 s\u2019ha signat una acta que haur\u00e0 de ser aprovada al proper ple municipal.<\/span><\/p>\n<p style=\"text-align: justify;\"><span style=\"font-size: 10pt; font-family: Verdana, sans-serif; color: #000000;\"><strong>CASTELLANO<\/strong> | Este jueves ha tenido lugar la Comisi\u00f3n de Delimitaci\u00f3n de los t\u00e9rminos municipales de Lloren\u00e7 del Pened\u00e8s y la Bisbal del Pened\u00e8s. A la reuni\u00f3n, que se ha hecho en el Ayuntamiento de Lloren\u00e7 del Pened\u00e8s, han asistido la alcaldesa de la Bisbal, Agn\u00e8s Ferr\u00e9; la\u00a0primera teniente de alcald\u00eda, Maguy Antol\u00edn; el concejal Pere Saumoy y el secretario municipal. En cuanto a Lloren\u00e7 del Pened\u00e8s, han tomado parte del acto el alcalde del municipio, Jordi Marl\u00e8s; el tercer teniente de alcalde, Ignasi Saura; y la secretaria accidental del Ayuntamiento. En cuanto a la Generalitat de Catalunya, se ha contado con la presencia de Francesc Gal\u00e1n, t\u00e9cnico de los Serveis Territorials de Tarragona del Departament de Governaci\u00f3 y Aleix Pros, t\u00e9cnico del Institut Cartogr\u00e0fic i Geol\u00f2gic de Catalunya.<\/span><\/p>\n<p style=\"text-align: justify;\"><span style=\"font-size: 10pt; font-family: Verdana, sans-serif; color: #000000;\">Desde la Generalitat de Catalunya se est\u00e1n llevando a cabo 65 expedientes de delimitaci\u00f3n de municipios de Catalunya, algunos de los cuales tienen que ver con la delimitaci\u00f3n de la Bisbal con otros municipios y, esta reuni\u00f3n, se ha llevado a cabo despu\u00e9s de que se aprobase por pleno el expediente de delimitaci\u00f3n del t\u00e9rmino municipal de la Bisbal del Pened\u00e8s con Lloren\u00e7 del Pened\u00e8s, se hiciese el nombramiento de la comisi\u00f3n municipal de delimitaci\u00f3n y se hiciese llegar la informaci\u00f3n solicitada por el Departament d\u2019Administraci\u00f3 Local de la Generalitat de Catalunya.<\/span><\/p>\n<p style=\"text-align: justify;\"><span style=\"font-size: 10pt; font-family: Verdana, sans-serif; color: #000000;\">En cuanto a las conclusiones que se extraen de este encuentro, la delimitaci\u00f3n del t\u00e9rmino municipal de la Bisbal con el de Lloren\u00e7 no ha variado y contin\u00faa estando situado en un tramo del Torrente de Sant Marc, informaci\u00f3n que ya consta en los documentos de la Generalitat. Durante la Comisi\u00f3n se ha firmado un acta que deber\u00e1 ser aprobada en el pr\u00f3ximo pleno municipal.<\/span><\/p>\n","protected":false},"excerpt":{"rendered":"<p>CATAL\u00c0 | Aquest dijous ha tingut lloc la Comissi\u00f3 de Delimitaci\u00f3 dels termes municipals de Lloren\u00e7 del Pened\u00e8s i la Bisbal del Pened\u00e8s. A la reuni\u00f3, que s\u2019ha fet a &hellip; <a href=\"https:\/\/bisbalpenedes.com\/web\/2018\/05\/04\/aquest-dijous-ha-tingut-lloc-la-comissio-de-delimitacio-dels-termes-de-la-bisbal-i-llorenc\/\" class=\"more-link\">Read More<\/a><\/p>\n","protected":false},"author":4,"featured_media":5683,"comment_status":"closed","ping_status":"closed","sticky":false,"template":"","format":"standard","meta":[],"categories":[4],"tags":[1759,780,865,1760,393,925,1761],"_links":{"self":[{"href":"https:\/\/bisbalpenedes.com\/web\/wp-json\/wp\/v2\/posts\/5682"}],"collection":[{"href":"https:\/\/bisbalpenedes.com\/web\/wp-json\/wp\/v2\/posts"}],"about":[{"href":"https:\/\/bisbalpenedes.com\/web\/wp-json\/wp\/v2\/types\/post"}],"author":[{"embeddable":true,"href":"https:\/\/bisbalpenedes.com\/web\/wp-json\/wp\/v2\/users\/4"}],"replies":[{"embeddable":true,"href":"https:\/\/bisbalpenedes.com\/web\/wp-json\/wp\/v2\/comments?post=5682"}],"version-history":[{"count":5,"href":"https:\/\/bisbalpenedes.com\/web\/wp-json\/wp\/v2\/posts\/5682\/revisions"}],"predecessor-version":[{"id":5688,"href":"https:\/\/bisbalpenedes.com\/web\/wp-json\/wp\/v2\/posts\/5682\/revisions\/5688"}],"wp:featuredmedia":[{"embeddable":true,"href":"https:\/\/bisbalpenedes.com\/web\/wp-json\/wp\/v2\/media\/5683"}],"wp:attachment":[{"href":"https:\/\/bisbalpenedes.com\/web\/wp-json\/wp\/v2\/media?parent=5682"}],"wp:term":[{"taxonomy":"category","embeddable":true,"href":"https:\/\/bisbalpenedes.com\/web\/wp-json\/wp\/v2\/categories?post=5682"},{"taxonomy":"post_tag","embeddable":true,"href":"https:\/\/bisbalpenedes.com\/web\/wp-json\/wp\/v2\/tags?post=5682"}],"curies":[{"name":"wp","href":"https:\/\/api.w.org\/{rel}","templated":true}]}}