{"id":5676,"date":"2018-05-03T15:09:55","date_gmt":"2018-05-03T14:09:55","guid":{"rendered":"http:\/\/bisbalpenedes.com\/web\/?p=5676"},"modified":"2018-05-03T15:09:55","modified_gmt":"2018-05-03T14:09:55","slug":"lexposicio-itinerant-aqui-hi-ha-tela-i-una-mostra-de-vestits-bisbalencs-de-principis-del-segle-xx-es-podran-visitar-fins-al-dilluns-7-de-maig","status":"publish","type":"post","link":"https:\/\/bisbalpenedes.com\/web\/2018\/05\/03\/lexposicio-itinerant-aqui-hi-ha-tela-i-una-mostra-de-vestits-bisbalencs-de-principis-del-segle-xx-es-podran-visitar-fins-al-dilluns-7-de-maig\/","title":{"rendered":"L\u2019exposici\u00f3 itinerant \u2018Aqu\u00ed hi ha tela\u2019 i una mostra de vestits bisbalencs de principis del segle XX es podran visitar fins al dilluns 7 de maig"},"content":{"rendered":"<p><a href=\"http:\/\/bisbalpenedes.com\/web\/wp-content\/uploads\/2018\/05\/Foto-28-4-18-16-19-28.jpg\"><img loading=\"lazy\" class=\"size-large wp-image-5677 aligncenter\" src=\"http:\/\/bisbalpenedes.com\/web\/wp-content\/uploads\/2018\/05\/Foto-28-4-18-16-19-28-1024x683.jpg\" alt=\"FOTO EXPO AQUI HI HA TELA BISBAL\" width=\"630\" height=\"420\" srcset=\"https:\/\/bisbalpenedes.com\/web\/wp-content\/uploads\/2018\/05\/Foto-28-4-18-16-19-28-1024x683.jpg 1024w, https:\/\/bisbalpenedes.com\/web\/wp-content\/uploads\/2018\/05\/Foto-28-4-18-16-19-28-600x400.jpg 600w, https:\/\/bisbalpenedes.com\/web\/wp-content\/uploads\/2018\/05\/Foto-28-4-18-16-19-28-300x200.jpg 300w, https:\/\/bisbalpenedes.com\/web\/wp-content\/uploads\/2018\/05\/Foto-28-4-18-16-19-28-768x512.jpg 768w\" sizes=\"(max-width: 630px) 100vw, 630px\" \/><\/a><\/p>\n<p><span style=\"color: #000000;\">CATAL\u00c0 |L\u2019exposici\u00f3 \u2018Aqu\u00ed hi ha tela\u2019 \u00e9s el resultat de la col\u00b7laboraci\u00f3 de la Diputaci\u00f3 de Tarragona i el CIMIR (Centre de la Imatge Mas Iglesias de Reus).\u00a0 Es tracta d\u2019una mostra de fotografies de vestits propis del tombant del 1800 a l\u2019actualitat. Mitjan\u00e7ant la roba, podem entendre aspectes de la vida di\u00e0ria com ara l\u2019escola, el treball, la festa o la religiositat. Cada indret i cada moment hist\u00f2ric comporta l\u2019\u00fas de peces que cobreixen diverses parts del cos, des de gorres i barrets fins a espardenyes i sabates.<\/span><\/p>\n<p><span style=\"color: #000000;\">Aprofitant que l\u2019exposici\u00f3 arriba a la Bisbal, l\u2019Associaci\u00f3 de dones la Roca Foradada ha cedit diversos vestits bisbalencs de principis de segle XX perqu\u00e8 siguin exposats.<\/span><\/p>\n<p><span style=\"color: #000000;\">L\u2019exposici\u00f3 i la mostra de vestits es van inaugurar el dissabte 28 d&#8217;abril al CMC. Inicialment es va preveure que l&#8217;exposici\u00f3\u00a0estigu\u00e9s oberta fins al 4 de maig per\u00f2, com que ha tingut molt bona acollida entre el p\u00fablic, finalment es podr\u00e0 veure fins al dilluns dia 7 de maig. Es podr\u00e0 visitar el divendres 4 de maig de 16.30h a 20.00h, el dissabte 5 de maig de 10.00h a 14.00h i el diumenge i el dilluns (6 i 7 de maig) de 17.00h a 19.00h.<\/span><\/p>\n<p><span style=\"color: #000000;\">CASTELLANO |La exposici\u00f3n \u2018Aqu\u00ed hi ha tela\u2019 es el resultado de la colaboraci\u00f3n de la Diputaci\u00f3 de Tarragona y el CIMIR (Centre de la Imatge Mas Iglesias de Reus). Se trata de una muestra de fotograf\u00edas de vestidos propios de los alrededores del siglo 1800 hasta la actualidad. Mediante la ropa, podemos entender aspectos de la vida diaria como por ejemplo la escuela, el trabajo, la fiesta o la religiosidad. Cada lugar y cada momento hist\u00f3rico comporta el uso de piezas que cubren varias partes del cuerpo, desde gorras y sombreros hasta \u2018espardenyes\u2019 y zapatos.<\/span><\/p>\n<p><span style=\"color: #000000;\">Aprovechando que la exposici\u00f3n llega a la Bisbal, la Associaci\u00f3 de dones la Roca Foradada ha cedido varios vestidos bisbalenses de principios del siglo XX para que sean expuestos.<\/span><\/p>\n<p><span style=\"color: #000000;\">La exposici\u00f3n y la muestra de vestidos se\u00a0inauguraron el s\u00e1bado 28 de abril en el CMC. Inicialmente la previsi\u00f3n era que la exposici\u00f3n\u00a0estuviese abierta hasta el 4 de mayo pero, como ha tenido muy buena acogida por parte del p\u00fablico, finalmente se podr\u00e1 ver hasta el lunes d\u00eda 7 de mayo. Se podr\u00e1 visitar el viernes 4 de mayo de 16.30h a 20.00h, el s\u00e1bado 5 de mayo de 10.00h a 14.00h y el domingo y el lunes (6 y 7 de mayo) de 17.00h a 19.00h.<\/span><\/p>\n<p><a href=\"http:\/\/bisbalpenedes.com\/web\/wp-content\/uploads\/2018\/05\/Foto-28-4-18-18-36-16.jpg\"><img loading=\"lazy\" class=\"size-large wp-image-5678 aligncenter\" src=\"http:\/\/bisbalpenedes.com\/web\/wp-content\/uploads\/2018\/05\/Foto-28-4-18-18-36-16-1024x683.jpg\" alt=\"INAUGURACIO EXPO AQUI HI HA TELA\" width=\"630\" height=\"420\" srcset=\"https:\/\/bisbalpenedes.com\/web\/wp-content\/uploads\/2018\/05\/Foto-28-4-18-18-36-16-1024x683.jpg 1024w, https:\/\/bisbalpenedes.com\/web\/wp-content\/uploads\/2018\/05\/Foto-28-4-18-18-36-16-600x400.jpg 600w, https:\/\/bisbalpenedes.com\/web\/wp-content\/uploads\/2018\/05\/Foto-28-4-18-18-36-16-300x200.jpg 300w, https:\/\/bisbalpenedes.com\/web\/wp-content\/uploads\/2018\/05\/Foto-28-4-18-18-36-16-768x512.jpg 768w\" sizes=\"(max-width: 630px) 100vw, 630px\" \/><\/a><\/p>\n","protected":false},"excerpt":{"rendered":"<p>CATAL\u00c0 |L\u2019exposici\u00f3 \u2018Aqu\u00ed hi ha tela\u2019 \u00e9s el resultat de la col\u00b7laboraci\u00f3 de la Diputaci\u00f3 de Tarragona i el CIMIR (Centre de la Imatge Mas Iglesias de Reus).\u00a0 Es tracta &hellip; <a href=\"https:\/\/bisbalpenedes.com\/web\/2018\/05\/03\/lexposicio-itinerant-aqui-hi-ha-tela-i-una-mostra-de-vestits-bisbalencs-de-principis-del-segle-xx-es-podran-visitar-fins-al-dilluns-7-de-maig\/\" class=\"more-link\">Read More<\/a><\/p>\n","protected":false},"author":4,"featured_media":0,"comment_status":"closed","ping_status":"closed","sticky":false,"template":"","format":"standard","meta":[],"categories":[13],"tags":[1753,1733,1624,1758,673,1757,193,1754,1755,257,1756,1734],"_links":{"self":[{"href":"https:\/\/bisbalpenedes.com\/web\/wp-json\/wp\/v2\/posts\/5676"}],"collection":[{"href":"https:\/\/bisbalpenedes.com\/web\/wp-json\/wp\/v2\/posts"}],"about":[{"href":"https:\/\/bisbalpenedes.com\/web\/wp-json\/wp\/v2\/types\/post"}],"author":[{"embeddable":true,"href":"https:\/\/bisbalpenedes.com\/web\/wp-json\/wp\/v2\/users\/4"}],"replies":[{"embeddable":true,"href":"https:\/\/bisbalpenedes.com\/web\/wp-json\/wp\/v2\/comments?post=5676"}],"version-history":[{"count":1,"href":"https:\/\/bisbalpenedes.com\/web\/wp-json\/wp\/v2\/posts\/5676\/revisions"}],"predecessor-version":[{"id":5679,"href":"https:\/\/bisbalpenedes.com\/web\/wp-json\/wp\/v2\/posts\/5676\/revisions\/5679"}],"wp:attachment":[{"href":"https:\/\/bisbalpenedes.com\/web\/wp-json\/wp\/v2\/media?parent=5676"}],"wp:term":[{"taxonomy":"category","embeddable":true,"href":"https:\/\/bisbalpenedes.com\/web\/wp-json\/wp\/v2\/categories?post=5676"},{"taxonomy":"post_tag","embeddable":true,"href":"https:\/\/bisbalpenedes.com\/web\/wp-json\/wp\/v2\/tags?post=5676"}],"curies":[{"name":"wp","href":"https:\/\/api.w.org\/{rel}","templated":true}]}}