{"id":5667,"date":"2018-05-03T14:49:15","date_gmt":"2018-05-03T13:49:15","guid":{"rendered":"http:\/\/bisbalpenedes.com\/web\/?p=5667"},"modified":"2018-05-03T14:53:07","modified_gmt":"2018-05-03T13:53:07","slug":"la-junta-de-govern-local-aprova-dos-contractes-per-millorar-el-sistema-de-climatitzacio-de-la-llar-dinfants-municipal","status":"publish","type":"post","link":"https:\/\/bisbalpenedes.com\/web\/2018\/05\/03\/la-junta-de-govern-local-aprova-dos-contractes-per-millorar-el-sistema-de-climatitzacio-de-la-llar-dinfants-municipal\/","title":{"rendered":"La Junta de Govern Local aprova dos contractes menors per millorar el sistema de climatitzaci\u00f3 de la Llar d\u2019Infants Municipal"},"content":{"rendered":"<p style=\"text-align: center;\"><a href=\"http:\/\/bisbalpenedes.com\/web\/wp-content\/uploads\/2018\/05\/2018-05-03-PHOTO-00012308.jpg\"><img loading=\"lazy\" class=\"size-large wp-image-5668 aligncenter\" src=\"http:\/\/bisbalpenedes.com\/web\/wp-content\/uploads\/2018\/05\/2018-05-03-PHOTO-00012308-1024x768.jpg\" alt=\"LLAR D'INFANTS\" width=\"630\" height=\"473\" srcset=\"https:\/\/bisbalpenedes.com\/web\/wp-content\/uploads\/2018\/05\/2018-05-03-PHOTO-00012308-1024x768.jpg 1024w, https:\/\/bisbalpenedes.com\/web\/wp-content\/uploads\/2018\/05\/2018-05-03-PHOTO-00012308-600x450.jpg 600w, https:\/\/bisbalpenedes.com\/web\/wp-content\/uploads\/2018\/05\/2018-05-03-PHOTO-00012308-300x225.jpg 300w, https:\/\/bisbalpenedes.com\/web\/wp-content\/uploads\/2018\/05\/2018-05-03-PHOTO-00012308-768x576.jpg 768w, https:\/\/bisbalpenedes.com\/web\/wp-content\/uploads\/2018\/05\/2018-05-03-PHOTO-00012308.jpg 1600w\" sizes=\"(max-width: 630px) 100vw, 630px\" \/><\/a><\/p>\n<p style=\"text-align: justify;\"><span style=\"color: #000000;\"><strong>CATAL\u00c0<\/strong> | La Junta de Govern de l\u2019Ajuntament de la Bisbal del Pened\u00e8s d\u2019aquest dijous 3 de maig de 2018 ha aprovat un contracte menor de subministrament, instal\u00b7laci\u00f3 i posada en marxa del sistema de terra refrescant a la llar d\u2019infants.<\/span><\/p>\n<p style=\"text-align: justify;\"><span style=\"color: #000000;\">Aquest projecte es basa en l\u2019informe dels serveis t\u00e8cnics municipals que constata que, des de l\u2019inici del funcionament de l\u2019edifici de la Llar d\u2019Infants, s\u2019han observat disfuncions en el sistema de climatitzaci\u00f3, entre ells: alt consum energ\u00e8tic, poca autonomia del sistema solar fotovoltaic, incapacitat de climatitzaci\u00f3 per proporcionar confort t\u00e8rmic a l\u2019estiu i alta dificultat per controlar els par\u00e0metres de funcionament i punts de consigna del sistema de climatitzaci\u00f3 i ventilaci\u00f3. Es d\u00f3na el cas que la Llar d\u2019Infants Municipal disposa d\u2019un sistema de plaques solars i energia geot\u00e8rmica que haurien de disminuir el consum el\u00e8ctric.<\/span><\/p>\n<p style=\"text-align: justify;\"><span style=\"color: #000000;\">Per tot plegat s\u2019ha aprovat un contracte menor per un import de 4.567,27\u20ac (IVA incl\u00f2s) per instal\u00b7lar sondes de temperatura i humitat als passadissos i sondes de temperatura i ambient als climatitzadors de la coberta i implementar el sistema de control perqu\u00e8 el terra radiant tamb\u00e9 pugui ser refrescant.<\/span><\/p>\n<p style=\"text-align: justify;\"><span style=\"color: #000000;\">La Junta de Govern tamb\u00e9 ha aprovat un contracte menor de subministrament, instal\u00b7laci\u00f3 i posada en marxa del sistema de gesti\u00f3, control i supervisi\u00f3 de dades a la Llar d\u2019Infants. L\u2019anterior equip de govern havia contractat un sistema de control de temperatura de la llar d\u2019infants (aigua i terra radiant) a trav\u00e9s d\u2019una empresa que actualment no existeix. Amb l\u2019anterior sistema, cada vegada que canvi\u00e0vem d\u2019estaci\u00f3 (d\u2019estiu a hivern o d\u2019hivern a estiu) o cada vegada que s\u2019havia de modificar la temperatura de la Llar d\u2019infants, calia contactar a l\u2019empresa perqu\u00e8 ho fes, el que suposava un cost econ\u00f2mic elevat i poca autonomia. Ara l\u2019equip de govern ha aprovat un contracte menor per valor de 8.750,85\u20ac (IVA incl\u00f2s) per canviar el sistema i que aquest es pugui controlar i gestionar des de la Llar d\u2019Infants Municipal.<\/span><\/p>\n<p style=\"text-align: justify;\"><span style=\"color: #000000;\">La Regidora d\u2019Educaci\u00f3, Maguy Antol\u00edn, ha explicat que les actuacions per tirar endavant aquests canvis comen\u00e7aran en breu i que es persegueix la finalitat de \u201cgestionar de forma m\u00e9s eficient el consum energ\u00e8tic\u201d. La Regidora s\u2019ha mostrat satisfeta pel fet que \u201cdespr\u00e9s d\u2019haver treballat durant dos anys amb els enginyers per tal de tirar endavant aquestes millores, per fi seran realitat\u201d.<\/span><\/p>\n<p style=\"text-align: justify;\"><span style=\"color: #000000;\"><strong>CASATELLANO<\/strong> | La Junta de Gobierno del Ayuntamiento de la Bisbal del Pened\u00e8s de este jueves 3 de mayo del 2018 ha aprobado un contrato menor de suministro, instalaci\u00f3n y puesta en marcha del sistema de suelo refrescante en la Llar d\u2019Infants.<\/span><\/p>\n<p style=\"text-align: justify;\"><span style=\"color: #000000;\">Este proyecto se basa en el informe de servicios t\u00e9cnicos municipales que constata que, desde el inicio del funcionamiento del edificio de la llar d\u2019infants, se han observado disfunciones en el sistema de climatizaci\u00f3n, entre ellos: alto consumo energ\u00e9tico, poca autonom\u00eda del sistema solar fotovoltaico, incapacidad de climatizaci\u00f3n para proporcionar confort t\u00e9rmico en verano y alta dificultad para controlar los par\u00e1metros de funcionamiento y puntos de consigna del sistema de climatizaci\u00f3n y ventilaci\u00f3n. Se da el caso que la Llar d\u2019Infants Municipal dispone de un sistema de placas solares y energ\u00eda geot\u00e9rmica que deber\u00edan disminuir el consumo el\u00e9ctrico.<\/span><\/p>\n<p style=\"text-align: justify;\"><span style=\"color: #000000;\">Para todo ello se ha aprobado un contrato menor por un importe de 4.567,27\u20ac (IVA incluido) para instalar sondas de temperatura y humedad en los pasillos y sondas de temperatura y ambiente en los climatizadores de la cubierta e implementar el sistema de control para qu\u00e9 el suelo radial tambi\u00e9n pueda ser refrescante.<\/span><br \/>\n<span style=\"color: #000000;\"> La Junta de Gobierno tambi\u00e9n ha aprobado un contrato menor de suministro, instalaci\u00f3n y puesta en marcha del sistema de gesti\u00f3n, control y supervisi\u00f3n de los datos en la Llar d\u2019Infants. El anterior equipo de gobierno hab\u00eda contratado un sistema de control de temperatura de la Llar d\u2019Infants (agua y suelo radial) a trav\u00e9s de una empresa que actualmente no existe. Con el sistema anterior, cada vez que cambi\u00e1bamos de estaci\u00f3n (de verano a invierno o de invierno a verano) o cada vez que se ten\u00eda que modificar la temperatura de la Llar d\u2019Infants, era necesario contactar con la empresa para qu\u00e9 lo hiciese, lo que supon\u00eda un coste econ\u00f3mico elevado y poca autonom\u00eda. Ahora el equipo de gobierno ha aprobado un contrato menor por valor de 8.750,85\u20ac (IVA incluido) para cambiar el sistema y que este se pueda controlar y gestionar desde la Llar d\u2019Infants Municipal.<\/span><\/p>\n<p style=\"text-align: justify;\"><span style=\"color: #000000;\">La Regidora de Educaci\u00f3n, Maguy Antol\u00edn, ha explicado que las actuaciones para llevar a cabo estos cambios empezar\u00e1n en breve y que se persigue la finalidad de \u201cgestionar de forma m\u00e1s eficiente el consumo energ\u00e9tico\u201d. La Regidora se ha mostrado satisfecha por el hecho que \u201cdespu\u00e9s de haber trabajado durante dos a\u00f1os con los ingenieros por tal de realizar estas mejoras, por fin ser\u00e1n una realidad\u201d.<\/span><\/p>\n<p style=\"text-align: justify;\"><u>\u00a0<\/u><\/p>\n","protected":false},"excerpt":{"rendered":"<p>CATAL\u00c0 | La Junta de Govern de l\u2019Ajuntament de la Bisbal del Pened\u00e8s d\u2019aquest dijous 3 de maig de 2018 ha aprovat un contracte menor de subministrament, instal\u00b7laci\u00f3 i posada &hellip; <a href=\"https:\/\/bisbalpenedes.com\/web\/2018\/05\/03\/la-junta-de-govern-local-aprova-dos-contractes-per-millorar-el-sistema-de-climatitzacio-de-la-llar-dinfants-municipal\/\" class=\"more-link\">Read More<\/a><\/p>\n","protected":false},"author":4,"featured_media":5669,"comment_status":"closed","ping_status":"closed","sticky":false,"template":"","format":"standard","meta":[],"categories":[16],"tags":[1752,248,1264,710,120,686,272,1751],"_links":{"self":[{"href":"https:\/\/bisbalpenedes.com\/web\/wp-json\/wp\/v2\/posts\/5667"}],"collection":[{"href":"https:\/\/bisbalpenedes.com\/web\/wp-json\/wp\/v2\/posts"}],"about":[{"href":"https:\/\/bisbalpenedes.com\/web\/wp-json\/wp\/v2\/types\/post"}],"author":[{"embeddable":true,"href":"https:\/\/bisbalpenedes.com\/web\/wp-json\/wp\/v2\/users\/4"}],"replies":[{"embeddable":true,"href":"https:\/\/bisbalpenedes.com\/web\/wp-json\/wp\/v2\/comments?post=5667"}],"version-history":[{"count":6,"href":"https:\/\/bisbalpenedes.com\/web\/wp-json\/wp\/v2\/posts\/5667\/revisions"}],"predecessor-version":[{"id":5675,"href":"https:\/\/bisbalpenedes.com\/web\/wp-json\/wp\/v2\/posts\/5667\/revisions\/5675"}],"wp:featuredmedia":[{"embeddable":true,"href":"https:\/\/bisbalpenedes.com\/web\/wp-json\/wp\/v2\/media\/5669"}],"wp:attachment":[{"href":"https:\/\/bisbalpenedes.com\/web\/wp-json\/wp\/v2\/media?parent=5667"}],"wp:term":[{"taxonomy":"category","embeddable":true,"href":"https:\/\/bisbalpenedes.com\/web\/wp-json\/wp\/v2\/categories?post=5667"},{"taxonomy":"post_tag","embeddable":true,"href":"https:\/\/bisbalpenedes.com\/web\/wp-json\/wp\/v2\/tags?post=5667"}],"curies":[{"name":"wp","href":"https:\/\/api.w.org\/{rel}","templated":true}]}}