{"id":5654,"date":"2018-05-02T12:05:47","date_gmt":"2018-05-02T11:05:47","guid":{"rendered":"http:\/\/bisbalpenedes.com\/web\/?p=5654"},"modified":"2018-05-02T12:05:47","modified_gmt":"2018-05-02T11:05:47","slug":"avis-dinterrupcio-en-la-circulacio-en-alguns-carrers-del-municipi-el-proper-diumenge-6-de-maig","status":"publish","type":"post","link":"https:\/\/bisbalpenedes.com\/web\/2018\/05\/02\/avis-dinterrupcio-en-la-circulacio-en-alguns-carrers-del-municipi-el-proper-diumenge-6-de-maig\/","title":{"rendered":"Av\u00eds d&#8217;interrupci\u00f3 en la circulaci\u00f3 en alguns carrers del municipi el proper diumenge 6 de maig"},"content":{"rendered":"<p style=\"text-align: center;\"><a href=\"http:\/\/bisbalpenedes.com\/web\/wp-content\/uploads\/2018\/05\/recorregut-3-tombs-twitter.jpg\"><img loading=\"lazy\" class=\"size-large wp-image-5655 aligncenter\" src=\"http:\/\/bisbalpenedes.com\/web\/wp-content\/uploads\/2018\/05\/recorregut-3-tombs-twitter-1024x707.jpg\" alt=\"recorregut 3 tombs twitter\" width=\"630\" height=\"435\" srcset=\"https:\/\/bisbalpenedes.com\/web\/wp-content\/uploads\/2018\/05\/recorregut-3-tombs-twitter-1024x707.jpg 1024w, https:\/\/bisbalpenedes.com\/web\/wp-content\/uploads\/2018\/05\/recorregut-3-tombs-twitter-600x415.jpg 600w, https:\/\/bisbalpenedes.com\/web\/wp-content\/uploads\/2018\/05\/recorregut-3-tombs-twitter-300x207.jpg 300w, https:\/\/bisbalpenedes.com\/web\/wp-content\/uploads\/2018\/05\/recorregut-3-tombs-twitter-768x531.jpg 768w, https:\/\/bisbalpenedes.com\/web\/wp-content\/uploads\/2018\/05\/recorregut-3-tombs-twitter.jpg 1200w\" sizes=\"(max-width: 630px) 100vw, 630px\" \/><\/a><\/p>\n<p><strong>CATAL\u00c0|<\/strong> El proper diumenge 6 de maig se celebrar\u00e0 la Trobada Nacional dels Tres Tombs a la Bisbal. \u00c9s per aquest motiu que s\u2019avisa la ciutadania que, entre les 12.30h i les 13.45h, aproximadament, s\u2019efectuaran els seg\u00fcents talls de carrers:<\/p>\n<p>-Talls als carrers de la Riba (entre ells el pont de la pujada de la Riba) que afectaran l\u2019acc\u00e9s al nucli des d\u2019aquesta zona<\/p>\n<p>-Tall de la carretera T-240 d\u2019acc\u00e9s, des de Can Gordei, l\u2019Esplai, la Masieta i Santa Cristina a la Bisbal.<\/p>\n<p><strong>IMPORTANT:<\/strong> Els ve\u00efns del Priorat de la Bisbal i la Riba no os podreu despla\u00e7ar amb cap vehicle a motor entre les hores anteriorment indicades, ja que estaran tallats diversos carrers de la Riba, l\u2019acc\u00e9s al nucli i tamb\u00e9 l\u2019acc\u00e9s des de la T-240.<\/p>\n<p>Els ve\u00efns de Can Gordei, l\u2019Esplai, la Masieta i Santa Cristina haureu d\u2019optar per un canvi de ruta.<\/p>\n<p>Us\u00a0 demanem disculpes per les mol\u00e8sties que aquests talls us puguin ocasionar.<\/p>\n<hr \/>\n<p><strong>CASTELLANO|<\/strong> El pr\u00f3ximo domingo 6 de mayo se celebrar\u00e1 la Trobada Nacional dels Tres Tombs en la Bisbal. Por este motivo se avisa a la ciudadan\u00eda que, entre las 12.30h y las 13.45h, aproximadamente, se efectuaran los siguientes cortes de calles:<\/p>\n<p>-Cortes en las calles de la Riba (entre ellos el puente de la subida de la Riba) que afectaran el acceso al n\u00facleo desde esta zona.<\/p>\n<p>-Corte de la carretera T-240 de acceso, des de Can Gordei, l\u2019Esplai, la Masieta y Santa Cristina a la Bisbal.<\/p>\n<p><strong>IMPORTANTE:<\/strong> \u00a0Los vecinos del Priorat de la Bisbal y la Riba no os podr\u00e9is desplazar con ning\u00fan veh\u00edculo a motor entre las horas anteriormente indicadas, ya que estar\u00e1n cortadas varias calles de la Riba, el acceso al n\u00facleo y tambi\u00e9n el acceso desde la T-240.<\/p>\n<p>Los vecinos de Can Gordei, l\u2019Esplai, la Masieta y Santa Cristina deber\u00e9is optar por un cambio de ruta.<\/p>\n<p>Os pedimos disculpas por las molestias que estos cortes os puedan ocasionar.<\/p>\n","protected":false},"excerpt":{"rendered":"<p>CATAL\u00c0| El proper diumenge 6 de maig se celebrar\u00e0 la Trobada Nacional dels Tres Tombs a la Bisbal. \u00c9s per aquest motiu que s\u2019avisa la ciutadania que, entre les 12.30h &hellip; <a href=\"https:\/\/bisbalpenedes.com\/web\/2018\/05\/02\/avis-dinterrupcio-en-la-circulacio-en-alguns-carrers-del-municipi-el-proper-diumenge-6-de-maig\/\" class=\"more-link\">Read More<\/a><\/p>\n","protected":false},"author":4,"featured_media":5655,"comment_status":"closed","ping_status":"closed","sticky":false,"template":"","format":"standard","meta":[],"categories":[1628],"tags":[639,198,1571,34,359,276,587,1337,623,223,1749,1381,228,452],"_links":{"self":[{"href":"https:\/\/bisbalpenedes.com\/web\/wp-json\/wp\/v2\/posts\/5654"}],"collection":[{"href":"https:\/\/bisbalpenedes.com\/web\/wp-json\/wp\/v2\/posts"}],"about":[{"href":"https:\/\/bisbalpenedes.com\/web\/wp-json\/wp\/v2\/types\/post"}],"author":[{"embeddable":true,"href":"https:\/\/bisbalpenedes.com\/web\/wp-json\/wp\/v2\/users\/4"}],"replies":[{"embeddable":true,"href":"https:\/\/bisbalpenedes.com\/web\/wp-json\/wp\/v2\/comments?post=5654"}],"version-history":[{"count":1,"href":"https:\/\/bisbalpenedes.com\/web\/wp-json\/wp\/v2\/posts\/5654\/revisions"}],"predecessor-version":[{"id":5656,"href":"https:\/\/bisbalpenedes.com\/web\/wp-json\/wp\/v2\/posts\/5654\/revisions\/5656"}],"wp:featuredmedia":[{"embeddable":true,"href":"https:\/\/bisbalpenedes.com\/web\/wp-json\/wp\/v2\/media\/5655"}],"wp:attachment":[{"href":"https:\/\/bisbalpenedes.com\/web\/wp-json\/wp\/v2\/media?parent=5654"}],"wp:term":[{"taxonomy":"category","embeddable":true,"href":"https:\/\/bisbalpenedes.com\/web\/wp-json\/wp\/v2\/categories?post=5654"},{"taxonomy":"post_tag","embeddable":true,"href":"https:\/\/bisbalpenedes.com\/web\/wp-json\/wp\/v2\/tags?post=5654"}],"curies":[{"name":"wp","href":"https:\/\/api.w.org\/{rel}","templated":true}]}}