{"id":5624,"date":"2018-04-27T15:49:32","date_gmt":"2018-04-27T14:49:32","guid":{"rendered":"http:\/\/bisbalpenedes.com\/web\/?p=5624"},"modified":"2018-04-30T10:49:19","modified_gmt":"2018-04-30T09:49:19","slug":"la-bisbal-del-penedes-acollira-la-xxi-trobada-nacional-dels-tres-tombs-el-proper-diumenge-6-de-maig","status":"publish","type":"post","link":"https:\/\/bisbalpenedes.com\/web\/2018\/04\/27\/la-bisbal-del-penedes-acollira-la-xxi-trobada-nacional-dels-tres-tombs-el-proper-diumenge-6-de-maig\/","title":{"rendered":"La Bisbal del Pened\u00e8s acollir\u00e0 la XXI Trobada Nacional dels Tres Tombs el proper diumenge 6 de maig"},"content":{"rendered":"<p><a href=\"http:\/\/bisbalpenedes.com\/web\/wp-content\/uploads\/2018\/04\/3T2018b.jpg\"><img loading=\"lazy\" class=\"alignleft size-medium wp-image-5626\" src=\"http:\/\/bisbalpenedes.com\/web\/wp-content\/uploads\/2018\/04\/3T2018b-212x300.jpg\" alt=\"3T2018b\" width=\"212\" height=\"300\" srcset=\"https:\/\/bisbalpenedes.com\/web\/wp-content\/uploads\/2018\/04\/3T2018b-212x300.jpg 212w, https:\/\/bisbalpenedes.com\/web\/wp-content\/uploads\/2018\/04\/3T2018b-600x849.jpg 600w, https:\/\/bisbalpenedes.com\/web\/wp-content\/uploads\/2018\/04\/3T2018b-768x1087.jpg 768w, https:\/\/bisbalpenedes.com\/web\/wp-content\/uploads\/2018\/04\/3T2018b-724x1024.jpg 724w, https:\/\/bisbalpenedes.com\/web\/wp-content\/uploads\/2018\/04\/3T2018b.jpg 1169w\" sizes=\"(max-width: 212px) 100vw, 212px\" \/><\/a><\/p>\n<p style=\"text-align: justify;\"><span style=\"color: #000000;\">El diumenge 6 de maig la Bisbal del Pened\u00e8s acollir\u00e0 la <strong>XXI Trobada Nacional dels Tres Tombs<\/strong> en la qual participen m\u00e9s de 50 entitats, 90 carros, 500 cavalls i 600 traginers. La Trobada, m\u00e9s enll\u00e0 de posar fi a la temporada dels Tres Tombs d\u2019enguany, servir\u00e0 per presentar el <strong>R\u00e8gim Normatiu dels Tres Tombs<\/strong>, un document que ha impulsat la Federaci\u00f3 Catalana dels Tres Tombs i que pret\u00e9n ser un dec\u00e0leg que servir\u00e0 per unificar els criteris de participaci\u00f3 de totes les colles que formen part de les festes. Alguns dels objectius del document s\u00f3n garantir que les recreacions compleixin els criteris de rigor hist\u00f2ric i que se segueixi assegurant el benestar animal durant i despr\u00e9s de les trobades.<\/span><\/p>\n<p style=\"text-align: justify;\"><span style=\"color: #000000;\">La primera Trobada Nacional va tenir lloc el 1998 i ha esdevingut una cita anual perqu\u00e8 totes les persones que estimen i participen d\u2019aquesta tradici\u00f3 facin amistats i comparteixin experi\u00e8ncies amb participants de tot el territori. \u00c9s per aix\u00f2 que, m\u00e9s enll\u00e0 del recorregut dels tres tombs, tamb\u00e9 s\u2019organitzen <a style=\"color: #000000;\" href=\"http:\/\/bisbalpenedes.com\/web\/2018\/04\/27\/ja-podeu-comprar-els-tiquets-per-esmorzar-i-dinar-el-dia-de-la-trobada-nacional-dels-tres-tombs-6-de-maig\/\" target=\"_blank\">un esmorzar i un dinar de germanor.<\/a><\/span><\/p>\n<p style=\"text-align: justify;\"><span style=\"color: #000000;\"><strong>CONCURS DE FOTOGRAFIA DELS TRES TOMBS<\/strong><\/span><\/p>\n<p style=\"text-align: justify;\"><span style=\"color: #000000;\">La Federaci\u00f3 Catalana dels Tres tombs tira endavant el IV Concurs de Fotografia amb l\u2019objectiu d\u2019omplir les xarxes de fotografies de la celebraci\u00f3 dels Tres Tombs a diversos municipis de Catalunya. Per participar-hi nom\u00e9s cal penjar fotografies al perfil d\u2019Instagram de la Federaci\u00f3 amb les etiquetes <strong>#3Tombs<\/strong> o <strong>#TresTombs <\/strong>o b\u00e9 enviar-les al correu corporatiu de la federaci\u00f3. Els concursants poden presentar totes les fotografies que desitgin amb el requisit indispensable que hagin estat fetes a partir del 12 de gener de 2018. Es pot participar en el concurs fins al 30 de juny de 2018 i hi ha diversos premis disponibles. Les bases completes es poden descarregar en aquest enlla\u00e7: <a style=\"color: #000000;\" href=\"https:\/\/trestombs.cat\/wp-content\/uploads\/2017\/12\/bases_insta_2018.pdf\">https:\/\/trestombs.cat\/wp-content\/uploads\/2017\/12\/bases_insta_2018.pdf<\/a><\/span><\/p>\n<p style=\"text-align: justify;\"><span style=\"color: #000000;\">M\u00e9s enll\u00e0 del concurs, des de l\u2019Ajuntament de la Bisbal del Pened\u00e8s tamb\u00e9 us animem a fer les vostres publicacions a les xarxes socials Instagram, Twitter i Facebook (en el cas d\u2019aquesta xarxa social, nom\u00e9s si es tracta \u00a0publicacions configurades com a \u2018p\u00fabliques\u2019) amb l\u2019etiqueta <strong>#TresTombsBisbal<\/strong>.<\/span><\/p>\n<p style=\"text-align: justify;\"><span style=\"color: #000000;\"><strong>ELS TRES TOMBS A LA BISBAL ES VAN RECUPERAR L\u2019ANY 2017<\/strong><\/span><\/p>\n<p style=\"text-align: justify;\"><span style=\"color: #000000;\">La tradici\u00f3 dels Tres Tombs a la Bisbal va comen\u00e7ar als anys noranta sota l\u2019organitzaci\u00f3 de l\u2019Associaci\u00f3 dels Tres Tombs de la Bisbal, que s\u2019encarregava de tirar endavant tot l\u2019acte i de buscar patrocinadors per cobrir despeses, entre els quals hi havia l\u2019Ajuntament de la Bisbal del Pened\u00e8s. Va ser l\u2019any 1992 quan l\u2019alcalde Joan Poch va proposar a dos bisbalencs, Rafel Vidal i Josep Rovira, l\u2019organitzaci\u00f3 dels Tres Tombs, ja que ells tenien cavalls i carros. Ambd\u00f3s van crear una junta amb diverses persones que va organitzar la festa entre els anys 1992 i 2009, planificant el recorregut, l\u2019esmorzar popular i la resta d\u2019activitats que s\u2019hi duien a terme. Durant molts anys aquest grup de persones, que va fer-se un nom dins dels Tres Tombs de Catalunya per la bona organitzaci\u00f3 i per la famosa pujada de la Riba, va comptar amb la col\u00b7laboraci\u00f3 de la Cooperativa, un gran nombre de ve\u00efns i ve\u00efnes de la vila i l\u2019Ajuntament. No obstant aix\u00f2, l\u2019any 2010 l\u2019equip que governava a l\u2019Ajuntament de la Bisbal no va autoritzar la celebraci\u00f3 dins dels carrers principals del nucli i aix\u00f2 va fer que la festa es deix\u00e9s de celebrar.<\/span><\/p>\n<p style=\"text-align: justify;\"><span style=\"color: #000000;\">L\u2019actual equip de govern ha recuperat la festa i l\u2019any 2017 va tornar a celebrar els Tres Tombs. Ara l\u2019organitzaci\u00f3 va a c\u00e0rrec de l\u2019Ajuntament de la Bisbal del Pened\u00e8s, que compta amb el suport i l\u2019ajuda constant de l\u2019anterior junta dels Tres Tombs.<\/span><\/p>\n<hr \/>\n<p style=\"text-align: justify;\"><span style=\"color: #000000;\"><strong><a style=\"color: #000000;\" href=\"http:\/\/bisbalpenedes.com\/web\/wp-content\/uploads\/2018\/04\/logo_trestombs_bisbal_def2.jpg\"><img loading=\"lazy\" class=\"alignleft size-medium wp-image-5628\" src=\"http:\/\/bisbalpenedes.com\/web\/wp-content\/uploads\/2018\/04\/logo_trestombs_bisbal_def2-300x237.jpg\" alt=\"logo_trestombs_bisbal_def2\" width=\"300\" height=\"237\" srcset=\"https:\/\/bisbalpenedes.com\/web\/wp-content\/uploads\/2018\/04\/logo_trestombs_bisbal_def2-300x237.jpg 300w, https:\/\/bisbalpenedes.com\/web\/wp-content\/uploads\/2018\/04\/logo_trestombs_bisbal_def2-600x474.jpg 600w, https:\/\/bisbalpenedes.com\/web\/wp-content\/uploads\/2018\/04\/logo_trestombs_bisbal_def2-768x607.jpg 768w, https:\/\/bisbalpenedes.com\/web\/wp-content\/uploads\/2018\/04\/logo_trestombs_bisbal_def2-1024x809.jpg 1024w\" sizes=\"(max-width: 300px) 100vw, 300px\" \/><\/a><\/strong><strong>HORARI DE LA TROBADA NACIONAL DELS TRES TOMBS<\/strong><\/span><\/p>\n<p style=\"text-align: justify;\"><span style=\"color: #000000;\"><strong>08.30h<\/strong> &#8211; Esmorzar de germanor<\/span><\/p>\n<p style=\"text-align: justify;\"><span style=\"color: #000000;\"><strong>A continuaci\u00f3<\/strong>, preparatius dels participants (vestuari, preparaci\u00f3 de carros, material exposat)<\/span><\/p>\n<p style=\"text-align: justify;\"><span style=\"color: #000000;\"><strong>11.30h<\/strong> \u2013 Inici del recorregut pels carrers i places de la Bisbal.<\/span><\/p>\n<p style=\"text-align: justify;\"><span style=\"color: #000000;\"><strong>14.00h<\/strong> \u2013 A la pla\u00e7a 11 de setembre, fotografia institucional amb els est\u00e0ndards i les banderes dels participants i presentaci\u00f3 del R\u00e8gim Normatiu<\/span><\/p>\n<p style=\"text-align: justify;\"><span style=\"color: #000000;\"><strong>15.00h<\/strong> \u2013 Dinar de germanor<\/span><\/p>\n<p style=\"text-align: justify;\"><span style=\"color: #000000;\">Informaci\u00f3 sobre els tiquets de l&#8217;esmorzar i el dinar:\u00a0<a style=\"color: #000000;\" href=\"http:\/\/bisbalpenedes.com\/web\/2018\/04\/27\/ja-podeu-comprar-els-tiquets-per-esmorzar-i-dinar-el-dia-de-la-trobada-nacional-dels-tres-tombs-6-de-maig\/\" target=\"_blank\">http:\/\/bisbalpenedes.com\/web\/2018\/04\/27\/ja-podeu-comprar-els-tiquets-per-esmorzar-i-dinar-el-dia-de-la-trobada-nacional-dels-tres-tombs-6-de-maig\/<\/a><\/span><\/p>\n<hr \/>\n<p style=\"text-align: justify;\"><a href=\"http:\/\/bisbalpenedes.com\/web\/wp-content\/uploads\/2018\/04\/3T2018b.jpg\"><img loading=\"lazy\" class=\"alignleft size-medium wp-image-5626\" src=\"http:\/\/bisbalpenedes.com\/web\/wp-content\/uploads\/2018\/04\/3T2018b-212x300.jpg\" alt=\"3T2018b\" width=\"212\" height=\"300\" srcset=\"https:\/\/bisbalpenedes.com\/web\/wp-content\/uploads\/2018\/04\/3T2018b-212x300.jpg 212w, https:\/\/bisbalpenedes.com\/web\/wp-content\/uploads\/2018\/04\/3T2018b-600x849.jpg 600w, https:\/\/bisbalpenedes.com\/web\/wp-content\/uploads\/2018\/04\/3T2018b-768x1087.jpg 768w, https:\/\/bisbalpenedes.com\/web\/wp-content\/uploads\/2018\/04\/3T2018b-724x1024.jpg 724w, https:\/\/bisbalpenedes.com\/web\/wp-content\/uploads\/2018\/04\/3T2018b.jpg 1169w\" sizes=\"(max-width: 212px) 100vw, 212px\" \/><\/a><\/p>\n<p style=\"text-align: justify;\">CASTELLANO | El domingo 6 de mayo la Bisbal del Pend\u00e8s acoger\u00e1 la <strong>XXI Trobada Nacional dels Tres Tombs<\/strong> en la cual participan m\u00e1s de 50 entidades, 90 carros, 500 caballos y 600 porteadores. La Trobada, m\u00e1s all\u00e1 de poner el punto y final a la temporada de los Tres Tombs de este a\u00f1o, servir\u00e1 para presentar el R\u00e8gim Normatiu dels Tres Tombs, un documento que ha impulsado la Federaci\u00f3 Catalana dels Tres Tombs y que pretende ser un dec\u00e1logo que servir\u00e1 para unificar los criterios de participaci\u00f3n de todas las &#8216;collas&#8217; que forman parte de las fiestas. Algunos de los objetivos del documento son garantizar que las recreaciones cumplan los criterios de rigor hist\u00f3rico y que se siga asegurando el bienestar animal durante y despu\u00e9s de los encuentros.<\/p>\n<p style=\"text-align: justify;\">La primera Trobada Nacional tuvo lugar el 1998 y se ha convertido en una cita anual para que todas las personas que aman y participan en esta tradici\u00f3n hagan amistades y compartan experiencias con participantes de todo el territorio. Es por esto que, m\u00e1s all\u00e1 del recorrido de los tres tombs, tambi\u00e9n se organizan un <a href=\"http:\/\/bisbalpenedes.com\/web\/2018\/04\/27\/ja-podeu-comprar-els-tiquets-per-esmorzar-i-dinar-el-dia-de-la-trobada-nacional-dels-tres-tombs-6-de-maig\/\" target=\"_blank\">desayuno y una comida de &#8216;germanor&#8217;.<\/a><\/p>\n<hr \/>\n<p style=\"text-align: justify;\"><strong>CONCURSO DE FOTOGRAF\u00cdA DE LOS TRES TOMBS<\/strong><\/p>\n<p style=\"text-align: justify;\">La Federaci\u00f3n Catalana de los Tres Tombs promueve el IV Concurso de Fotograf\u00eda con el objetivo de llenar las redes de fotograf\u00edas de la celebraci\u00f3n de los Tres Tombs en varios municipios de Catalunya. Para participar solo hay que colgar fotos en el perfil de <strong>Instagram<\/strong> de la Federaci\u00f3n con las etiquetas <strong>#3Tombs<\/strong> o <strong>#TresTombs<\/strong> o bien mandarlas al correo corporativo de la federaci\u00f3n. Los concursantes pueden presentar todas las fotograf\u00edas que quieran con el requisito indispensable que hayan sido tomadas a partir del 12 de enero del 2018. Se puede participar en el concurso hasta el 30 de junio del 2018 y hay varios premios disponibles. Las bases completas se pueden descargar en este enlace:\u00a0<a href=\"https:\/\/trestombs.cat\/wp-content\/uploads\/2017\/12\/bases_insta_2018.pdf\" target=\"_blank\">https:\/\/trestombs.cat\/wp-content\/uploads\/2017\/12\/bases_insta_2018.pdf<\/a><\/p>\n<p style=\"text-align: justify;\">M\u00e1s all\u00e1 del concurso, desde el Ayuntamiento de la Bisbal del Pened\u00e8s tambi\u00e9n os animamos a hacer vuestras publicaciones en las redes sociales Instagram, Twitter y Facebook (en el caso de esta red social, solo si se trata de publicaciones configuradas como &#8216;p\u00fablicas&#8217;) con la etiqueta #TresTombsBisbal.<\/p>\n<p style=\"text-align: justify;\"><strong>LOS TRES TOMBS EN LA BISBAL SE RECUPERARON EN EL A\u00d1O 2017<\/strong><\/p>\n<p style=\"text-align: justify;\">La tradici\u00f3n de los Tres Tombs en la Bisbal empez\u00f3 en los a\u00f1os noventa con la organizaci\u00f3n de la Asociaci\u00f3n de los Tres Tombs de la Bisbal, que se encargaba de llevar a cabo todo el acto y de\u00a0 buscar patrocinadores para cubrir gastos, entre los cuales estaba el Ayuntamiento de la Bisbal del Pened\u00e8s. Fue el a\u00f1o 1992 cuando el alcalde Joan Poch propuso a dos bisbalencs, Rafel Vidal y Josep Rovira, la organizaci\u00f3n de los Tres Tombs, ya que ellos ten\u00edan caballos y carros. Ambos crearon una junta con varias personas que organizaron la fiesta entre los a\u00f1os 1992 y 2009, planificando el recorrido, el desayuno popular y el resto de actividades que se llevaban a cabo. Durante muchos a\u00f1os este grupo de personas, que se hizo un nombre dentro de los Tres Tombs de Catalunya por la buena organizaci\u00f3n y por la famosa subida de la Riba, cont\u00f3 con la colaboraci\u00f3n de la Cooperativa, un gran n\u00famero de vecinos y vecinas del pueblo y el Ayuntamiento. No obstante, el equipo que governaba en el Ayuntamiento de la Bisbal no autoriz\u00f3 la celebraci\u00f3n en las calles principales del n\u00facleo del municipio y esto hizo que la fiesta se dejase de celebrar.<\/p>\n<p style=\"text-align: justify;\">El actual equipo de gobierno ha recuperado la fiesta y el a\u00f1o 2017 volvi\u00f3 a celebrar los Tres Tombs. Ahora la organizaci\u00f3n va a cargo del Ayuntamiento de la Bisbal del Pened\u00e8s, que cuenta con el soporte y la ayuda constante de la anterior junta de los Tres Tombs.<\/p>\n<hr \/>\n<p style=\"text-align: justify;\"><strong><a href=\"http:\/\/bisbalpenedes.com\/web\/wp-content\/uploads\/2018\/04\/logo_trestombs_bisbal_def2.jpg\"><img loading=\"lazy\" class=\"alignleft size-medium wp-image-5628\" src=\"http:\/\/bisbalpenedes.com\/web\/wp-content\/uploads\/2018\/04\/logo_trestombs_bisbal_def2-300x237.jpg\" alt=\"logo_trestombs_bisbal_def2\" width=\"300\" height=\"237\" srcset=\"https:\/\/bisbalpenedes.com\/web\/wp-content\/uploads\/2018\/04\/logo_trestombs_bisbal_def2-300x237.jpg 300w, https:\/\/bisbalpenedes.com\/web\/wp-content\/uploads\/2018\/04\/logo_trestombs_bisbal_def2-600x474.jpg 600w, https:\/\/bisbalpenedes.com\/web\/wp-content\/uploads\/2018\/04\/logo_trestombs_bisbal_def2-768x607.jpg 768w, https:\/\/bisbalpenedes.com\/web\/wp-content\/uploads\/2018\/04\/logo_trestombs_bisbal_def2-1024x809.jpg 1024w\" sizes=\"(max-width: 300px) 100vw, 300px\" \/><\/a><\/strong><strong>HORARIO DE LA TROBADA NACIONAL DE LOS TRES TOMBS<\/strong><\/p>\n<p style=\"text-align: justify;\"><strong>08.30h<\/strong>\u00a0&#8211; Desayuno<\/p>\n<p style=\"text-align: justify;\"><strong>A continuaci\u00f3n<\/strong>, preparativos de los participantes (vestuario, preparaci\u00f3n de carros, material expuesto)<\/p>\n<p style=\"text-align: justify;\"><strong>11.30h<\/strong>\u00a0\u2013\u00a0Inicio del recorrido por las calles y plazas de la Bisbal<\/p>\n<p style=\"text-align: justify;\"><strong>14.00h<\/strong>\u00a0\u2013\u00a0En la plaza 11 de setembre, fotograf\u00eda institucional con los estandares\u00a0y las banderas de los participantes y presentaci\u00f3n del R\u00e9gimen Normativo.<\/p>\n<p style=\"text-align: justify;\"><strong>15.00h<\/strong>\u00a0\u2013\u00a0Comida<\/p>\n<p style=\"text-align: justify;\">Informaci\u00f3n sobre los tiques del desanyuno y la comida:\u00a0<a href=\"http:\/\/bisbalpenedes.com\/web\/2018\/04\/27\/ja-podeu-comprar-els-tiquets-per-esmorzar-i-dinar-el-dia-de-la-trobada-nacional-dels-tres-tombs-6-de-maig\/\" target=\"_blank\">http:\/\/bisbalpenedes.com\/web\/2018\/04\/27\/ja-podeu-comprar-els-tiquets-per-esmorzar-i-dinar-el-dia-de-la-trobada-nacional-dels-tres-tombs-6-de-maig\/<\/a><\/p>\n<hr \/>\n<p style=\"text-align: justify;\"><strong>RECORREGUT DE LA TROBADA NACIONAL 2018 &#8211; RECORRIDO DE LA TROBADA NACIONAL 2018<\/strong><\/p>\n<p style=\"text-align: justify;\"><strong>PRIMER TOMB:<\/strong> avda. Baix Pened\u00e8s, avda. Generalitat, avda. Colom, carrer Major, carrer Jacint Verdaguer, carrer Santa Cristina, Carrer General Manso, carrer Safaretjos<\/p>\n<p style=\"text-align: justify;\"><strong>SEGON TOMB:<\/strong> avda. Colom, carrer Major, carrer Jacint Verdaguer, carrer Santa Cristina, carretera T240, avda. Generalitat, avinguda Baix Pened\u00e8s.<\/p>\n<p style=\"text-align: justify;\"><a href=\"http:\/\/bisbalpenedes.com\/web\/wp-content\/uploads\/2018\/04\/carta_poble_3ta-darrera.jpg\"><img loading=\"lazy\" class=\"alignleft size-full wp-image-5625\" src=\"http:\/\/bisbalpenedes.com\/web\/wp-content\/uploads\/2018\/04\/carta_poble_3ta-darrera.jpg\" alt=\"carta_poble_3ta-darrera\" width=\"1133\" height=\"782\" srcset=\"https:\/\/bisbalpenedes.com\/web\/wp-content\/uploads\/2018\/04\/carta_poble_3ta-darrera.jpg 1133w, https:\/\/bisbalpenedes.com\/web\/wp-content\/uploads\/2018\/04\/carta_poble_3ta-darrera-600x414.jpg 600w, https:\/\/bisbalpenedes.com\/web\/wp-content\/uploads\/2018\/04\/carta_poble_3ta-darrera-300x207.jpg 300w, https:\/\/bisbalpenedes.com\/web\/wp-content\/uploads\/2018\/04\/carta_poble_3ta-darrera-768x530.jpg 768w, https:\/\/bisbalpenedes.com\/web\/wp-content\/uploads\/2018\/04\/carta_poble_3ta-darrera-1024x707.jpg 1024w\" sizes=\"(max-width: 1133px) 100vw, 1133px\" \/><\/a><\/p>\n","protected":false},"excerpt":{"rendered":"<p>El diumenge 6 de maig la Bisbal del Pened\u00e8s acollir\u00e0 la XXI Trobada Nacional dels Tres Tombs en la qual participen m\u00e9s de 50 entitats, 90 carros, 500 cavalls i &hellip; <a href=\"https:\/\/bisbalpenedes.com\/web\/2018\/04\/27\/la-bisbal-del-penedes-acollira-la-xxi-trobada-nacional-dels-tres-tombs-el-proper-diumenge-6-de-maig\/\" class=\"more-link\">Read More<\/a><\/p>\n","protected":false},"author":4,"featured_media":5626,"comment_status":"closed","ping_status":"closed","sticky":false,"template":"","format":"standard","meta":[],"categories":[13,1042],"tags":[1742,935,933,154,934,1741,141,393,1740,228,1116],"_links":{"self":[{"href":"https:\/\/bisbalpenedes.com\/web\/wp-json\/wp\/v2\/posts\/5624"}],"collection":[{"href":"https:\/\/bisbalpenedes.com\/web\/wp-json\/wp\/v2\/posts"}],"about":[{"href":"https:\/\/bisbalpenedes.com\/web\/wp-json\/wp\/v2\/types\/post"}],"author":[{"embeddable":true,"href":"https:\/\/bisbalpenedes.com\/web\/wp-json\/wp\/v2\/users\/4"}],"replies":[{"embeddable":true,"href":"https:\/\/bisbalpenedes.com\/web\/wp-json\/wp\/v2\/comments?post=5624"}],"version-history":[{"count":8,"href":"https:\/\/bisbalpenedes.com\/web\/wp-json\/wp\/v2\/posts\/5624\/revisions"}],"predecessor-version":[{"id":5640,"href":"https:\/\/bisbalpenedes.com\/web\/wp-json\/wp\/v2\/posts\/5624\/revisions\/5640"}],"wp:featuredmedia":[{"embeddable":true,"href":"https:\/\/bisbalpenedes.com\/web\/wp-json\/wp\/v2\/media\/5626"}],"wp:attachment":[{"href":"https:\/\/bisbalpenedes.com\/web\/wp-json\/wp\/v2\/media?parent=5624"}],"wp:term":[{"taxonomy":"category","embeddable":true,"href":"https:\/\/bisbalpenedes.com\/web\/wp-json\/wp\/v2\/categories?post=5624"},{"taxonomy":"post_tag","embeddable":true,"href":"https:\/\/bisbalpenedes.com\/web\/wp-json\/wp\/v2\/tags?post=5624"}],"curies":[{"name":"wp","href":"https:\/\/api.w.org\/{rel}","templated":true}]}}