{"id":5620,"date":"2018-04-27T10:22:11","date_gmt":"2018-04-27T09:22:11","guid":{"rendered":"http:\/\/bisbalpenedes.com\/web\/?p=5620"},"modified":"2018-04-27T10:22:11","modified_gmt":"2018-04-27T09:22:11","slug":"model-de-la-convocatoria-de-la-placa-darquitecte-superior","status":"publish","type":"post","link":"https:\/\/bisbalpenedes.com\/web\/2018\/04\/27\/model-de-la-convocatoria-de-la-placa-darquitecte-superior\/","title":{"rendered":"Model de la convocatoria de la pla\u00e7a d&#8217;Arquitecte superior"},"content":{"rendered":"<p>Podeu descarregar aqu\u00ed el model en format PDF de la sol.licitud de la convocatoria del proc\u00e8s selectiu mitjan\u00e7ant concurs-oposici\u00f3 lliure, per a la cobertura d&#8217;una pla\u00e7a d&#8217;arquitecte superior a l&#8217;Ajuntament de la Bisbal<\/p>\n<p>Descarrega model:<a href=\"http:\/\/bisbalpenedes.com\/web\/wp-content\/uploads\/2018\/04\/model_arquitecte_sup.pdf\">model_arquitecte_sup<\/a><\/p>\n","protected":false},"excerpt":{"rendered":"<p>Podeu descarregar aqu\u00ed el model en format PDF de la sol.licitud de la convocatoria del proc\u00e8s selectiu mitjan\u00e7ant concurs-oposici\u00f3 lliure, per a la cobertura d&#8217;una pla\u00e7a d&#8217;arquitecte superior a l&#8217;Ajuntament &hellip; <a href=\"https:\/\/bisbalpenedes.com\/web\/2018\/04\/27\/model-de-la-convocatoria-de-la-placa-darquitecte-superior\/\" class=\"more-link\">Read More<\/a><\/p>\n","protected":false},"author":1,"featured_media":4174,"comment_status":"closed","ping_status":"closed","sticky":false,"template":"","format":"standard","meta":[],"categories":[9],"tags":[911,1739,407],"_links":{"self":[{"href":"https:\/\/bisbalpenedes.com\/web\/wp-json\/wp\/v2\/posts\/5620"}],"collection":[{"href":"https:\/\/bisbalpenedes.com\/web\/wp-json\/wp\/v2\/posts"}],"about":[{"href":"https:\/\/bisbalpenedes.com\/web\/wp-json\/wp\/v2\/types\/post"}],"author":[{"embeddable":true,"href":"https:\/\/bisbalpenedes.com\/web\/wp-json\/wp\/v2\/users\/1"}],"replies":[{"embeddable":true,"href":"https:\/\/bisbalpenedes.com\/web\/wp-json\/wp\/v2\/comments?post=5620"}],"version-history":[{"count":1,"href":"https:\/\/bisbalpenedes.com\/web\/wp-json\/wp\/v2\/posts\/5620\/revisions"}],"predecessor-version":[{"id":5622,"href":"https:\/\/bisbalpenedes.com\/web\/wp-json\/wp\/v2\/posts\/5620\/revisions\/5622"}],"wp:featuredmedia":[{"embeddable":true,"href":"https:\/\/bisbalpenedes.com\/web\/wp-json\/wp\/v2\/media\/4174"}],"wp:attachment":[{"href":"https:\/\/bisbalpenedes.com\/web\/wp-json\/wp\/v2\/media?parent=5620"}],"wp:term":[{"taxonomy":"category","embeddable":true,"href":"https:\/\/bisbalpenedes.com\/web\/wp-json\/wp\/v2\/categories?post=5620"},{"taxonomy":"post_tag","embeddable":true,"href":"https:\/\/bisbalpenedes.com\/web\/wp-json\/wp\/v2\/tags?post=5620"}],"curies":[{"name":"wp","href":"https:\/\/api.w.org\/{rel}","templated":true}]}}