{"id":5597,"date":"2018-04-26T13:49:23","date_gmt":"2018-04-26T12:49:23","guid":{"rendered":"http:\/\/bisbalpenedes.com\/web\/?p=5597"},"modified":"2018-04-26T14:00:29","modified_gmt":"2018-04-26T13:00:29","slug":"dissabte-sinaugura-lexposicio-itinerant-aqui-hi-ha-tela-i-una-mostra-de-vestits-bisbalencs-de-principis-del-segle-xx-cedits-per-lassociacio-de-dones-la-roc","status":"publish","type":"post","link":"https:\/\/bisbalpenedes.com\/web\/2018\/04\/26\/dissabte-sinaugura-lexposicio-itinerant-aqui-hi-ha-tela-i-una-mostra-de-vestits-bisbalencs-de-principis-del-segle-xx-cedits-per-lassociacio-de-dones-la-roc\/","title":{"rendered":"Dissabte s\u2019inaugura l\u2019exposici\u00f3 itinerant \u2018Aqu\u00ed hi ha tela\u2019 i una mostra de vestits bisbalencs de principis del segle XX cedits per l\u2019Associaci\u00f3 de dones la Roca Foradada"},"content":{"rendered":"<p><strong>Dissabte s\u2019inaugura l\u2019exposici\u00f3 itinerant \u2018Aqu\u00ed hi ha tela\u2019 i una mostra de vestits bisbalencs de principis del segle XX cedits per l\u2019Associaci\u00f3 de dones la Roca Foradada.<\/strong><\/p>\n<p><a href=\"http:\/\/bisbalpenedes.com\/web\/wp-content\/uploads\/2018\/04\/aqui-hi-ha-tela.jpg\"><img loading=\"lazy\" class=\"aligncenter size-medium wp-image-5601\" src=\"http:\/\/bisbalpenedes.com\/web\/wp-content\/uploads\/2018\/04\/aqui-hi-ha-tela-300x200.jpg\" alt=\"aqui hi ha tela\" width=\"300\" height=\"200\" srcset=\"https:\/\/bisbalpenedes.com\/web\/wp-content\/uploads\/2018\/04\/aqui-hi-ha-tela-300x200.jpg 300w, https:\/\/bisbalpenedes.com\/web\/wp-content\/uploads\/2018\/04\/aqui-hi-ha-tela-600x401.jpg 600w, https:\/\/bisbalpenedes.com\/web\/wp-content\/uploads\/2018\/04\/aqui-hi-ha-tela.jpg 750w\" sizes=\"(max-width: 300px) 100vw, 300px\" \/><\/a><\/p>\n<p>CATAL\u00c0 |L\u2019exposici\u00f3 \u2018Aqu\u00ed hi ha tela\u2019 \u00e9s el resultat de la col\u00b7laboraci\u00f3 de la Diputaci\u00f3 de Tarragona i el CIMIR (Centre de la Imatge Mas Iglesias de Reus).\u00a0 Es tracta d\u2019una mostra de fotografies de vestits propis del tombant del 1800 a l\u2019actualitat. Mitjan\u00e7ant la roba, podem entendre aspectes de la vida di\u00e0ria com ara l\u2019escola, el treball, la festa o la religiositat. Cada indret i cada moment hist\u00f2ric comporta l\u2019\u00fas de peces que cobreixen diverses parts del cos, des de gorres i barrets fins a espardenyes i sabates.<\/p>\n<p>Aprofitant que l\u2019exposici\u00f3 arriba a la Bisbal, l\u2019Associaci\u00f3 de dones la Roca Foradada ha cedit diversos vestits bisbalencs de principis de segle XX perqu\u00e8 siguin exposats.<\/p>\n<p>L\u2019exposici\u00f3 i la mostra de vestits s\u2019inauguren el dissabte 28 d\u2019abril a les 19.30h i es podran veure al CMC fins al 4 de maig. L\u2019horari de visites ser\u00e0 de 16.30h a 20.00h.<\/p>\n<p>&nbsp;<\/p>\n<p>CASTELLANO |La exposici\u00f3n \u2018Aqu\u00ed hi ha tela\u2019 es el resultado de la colaboraci\u00f3n de la Diputaci\u00f3 de Tarragona y el CIMIR (Centre de la Imatge Mas Iglesias de Reus). Se trata de una muestra de fotograf\u00edas de vestidos propios de los alrededores del siglo 1800 hasta la actualidad. Mediante la ropa, podemos entender aspectos de la vida diaria como por ejemplo la escuela, el trabajo, la fiesta o la religiosidad. Cada lugar y cada momento hist\u00f3rico comporta el uso de piezas que cubren varias partes del cuerpo, desde gorras y sombreros hasta \u2018espardenyes\u2019 y zapatos.<\/p>\n<p>Aprovechando que la exposici\u00f3n llega a la Bisbal, la Associaci\u00f3 de dones la Roca Foradada ha cedido varios vestidos bisbalenses de principios del siglo XX para que sean expuestos.<\/p>\n<p>La exposici\u00f3n y la muestra de vestidos se inauguran el s\u00e1bado 28 de abril a las 19.30h y se podr\u00e1n ver en el CMC hasta el 4 de mayo. El horario de visitas ser\u00e1 de 16.30h a 20.00h.<\/p>\n","protected":false},"excerpt":{"rendered":"<p>Dissabte s\u2019inaugura l\u2019exposici\u00f3 itinerant \u2018Aqu\u00ed hi ha tela\u2019 i una mostra de vestits bisbalencs de principis del segle XX cedits per l\u2019Associaci\u00f3 de dones la Roca Foradada. CATAL\u00c0 |L\u2019exposici\u00f3 \u2018Aqu\u00ed &hellip; <a href=\"https:\/\/bisbalpenedes.com\/web\/2018\/04\/26\/dissabte-sinaugura-lexposicio-itinerant-aqui-hi-ha-tela-i-una-mostra-de-vestits-bisbalencs-de-principis-del-segle-xx-cedits-per-lassociacio-de-dones-la-roc\/\" class=\"more-link\">Read More<\/a><\/p>\n","protected":false},"author":4,"featured_media":5598,"comment_status":"closed","ping_status":"closed","sticky":false,"template":"","format":"standard","meta":[],"categories":[13],"tags":[1733,673,842,86,257,843,1734],"_links":{"self":[{"href":"https:\/\/bisbalpenedes.com\/web\/wp-json\/wp\/v2\/posts\/5597"}],"collection":[{"href":"https:\/\/bisbalpenedes.com\/web\/wp-json\/wp\/v2\/posts"}],"about":[{"href":"https:\/\/bisbalpenedes.com\/web\/wp-json\/wp\/v2\/types\/post"}],"author":[{"embeddable":true,"href":"https:\/\/bisbalpenedes.com\/web\/wp-json\/wp\/v2\/users\/4"}],"replies":[{"embeddable":true,"href":"https:\/\/bisbalpenedes.com\/web\/wp-json\/wp\/v2\/comments?post=5597"}],"version-history":[{"count":3,"href":"https:\/\/bisbalpenedes.com\/web\/wp-json\/wp\/v2\/posts\/5597\/revisions"}],"predecessor-version":[{"id":5602,"href":"https:\/\/bisbalpenedes.com\/web\/wp-json\/wp\/v2\/posts\/5597\/revisions\/5602"}],"wp:featuredmedia":[{"embeddable":true,"href":"https:\/\/bisbalpenedes.com\/web\/wp-json\/wp\/v2\/media\/5598"}],"wp:attachment":[{"href":"https:\/\/bisbalpenedes.com\/web\/wp-json\/wp\/v2\/media?parent=5597"}],"wp:term":[{"taxonomy":"category","embeddable":true,"href":"https:\/\/bisbalpenedes.com\/web\/wp-json\/wp\/v2\/categories?post=5597"},{"taxonomy":"post_tag","embeddable":true,"href":"https:\/\/bisbalpenedes.com\/web\/wp-json\/wp\/v2\/tags?post=5597"}],"curies":[{"name":"wp","href":"https:\/\/api.w.org\/{rel}","templated":true}]}}