{"id":5588,"date":"2018-04-26T11:52:50","date_gmt":"2018-04-26T10:52:50","guid":{"rendered":"http:\/\/bisbalpenedes.com\/web\/?p=5588"},"modified":"2018-04-26T11:52:50","modified_gmt":"2018-04-26T10:52:50","slug":"aquest-dissabte-28-dabril-a-les-17h-hi-ha-contacontes-a-la-biblioteca","status":"publish","type":"post","link":"https:\/\/bisbalpenedes.com\/web\/2018\/04\/26\/aquest-dissabte-28-dabril-a-les-17h-hi-ha-contacontes-a-la-biblioteca\/","title":{"rendered":"Aquest dissabte 28 d&#8217;abril a les 17h hi ha contacontes a la Biblioteca"},"content":{"rendered":"<p><a href=\"http:\/\/bisbalpenedes.com\/web\/wp-content\/uploads\/2018\/04\/Contacontes-Abril.jpg\"><img loading=\"lazy\" class=\"aligncenter size-medium wp-image-5589\" src=\"http:\/\/bisbalpenedes.com\/web\/wp-content\/uploads\/2018\/04\/Contacontes-Abril-214x300.jpg\" alt=\"Contacontes-Abril\" width=\"214\" height=\"300\" srcset=\"https:\/\/bisbalpenedes.com\/web\/wp-content\/uploads\/2018\/04\/Contacontes-Abril-214x300.jpg 214w, https:\/\/bisbalpenedes.com\/web\/wp-content\/uploads\/2018\/04\/Contacontes-Abril-600x840.jpg 600w, https:\/\/bisbalpenedes.com\/web\/wp-content\/uploads\/2018\/04\/Contacontes-Abril-768x1075.jpg 768w, https:\/\/bisbalpenedes.com\/web\/wp-content\/uploads\/2018\/04\/Contacontes-Abril-732x1024.jpg 732w, https:\/\/bisbalpenedes.com\/web\/wp-content\/uploads\/2018\/04\/Contacontes-Abril.jpg 1198w\" sizes=\"(max-width: 214px) 100vw, 214px\" \/><\/a><\/p>\n<p>CATAL\u00c0 | Aquest dissabte a les 17h, com cada darrer dissabte de mes, hi haur\u00e0 contacontes a la Biblioteca P\u00fablica de la Bisbal. Tot seguit hi haur\u00e0 un berenar sense gluten per a tothom. No hi falteu!<\/p>\n<p>&nbsp;<\/p>\n<p>CASTELLANO | Este s\u00e1bado a las 17h, como cada \u00faltimo s\u00e1bado de mes, habr\u00e1 cuenta cuentos en la Biblioteca P\u00fablica de la Bisbal. A continuaci\u00f3n habr\u00e1 una merienda sin gluten para todos. \u00a1No falt\u00e9is!<\/p>\n","protected":false},"excerpt":{"rendered":"<p>CATAL\u00c0 | Aquest dissabte a les 17h, com cada darrer dissabte de mes, hi haur\u00e0 contacontes a la Biblioteca P\u00fablica de la Bisbal. Tot seguit hi haur\u00e0 un berenar sense &hellip; <a href=\"https:\/\/bisbalpenedes.com\/web\/2018\/04\/26\/aquest-dissabte-28-dabril-a-les-17h-hi-ha-contacontes-a-la-biblioteca\/\" class=\"more-link\">Read More<\/a><\/p>\n","protected":false},"author":4,"featured_media":5589,"comment_status":"closed","ping_status":"closed","sticky":false,"template":"","format":"standard","meta":[],"categories":[13],"tags":[955,180,421,302,181,318],"_links":{"self":[{"href":"https:\/\/bisbalpenedes.com\/web\/wp-json\/wp\/v2\/posts\/5588"}],"collection":[{"href":"https:\/\/bisbalpenedes.com\/web\/wp-json\/wp\/v2\/posts"}],"about":[{"href":"https:\/\/bisbalpenedes.com\/web\/wp-json\/wp\/v2\/types\/post"}],"author":[{"embeddable":true,"href":"https:\/\/bisbalpenedes.com\/web\/wp-json\/wp\/v2\/users\/4"}],"replies":[{"embeddable":true,"href":"https:\/\/bisbalpenedes.com\/web\/wp-json\/wp\/v2\/comments?post=5588"}],"version-history":[{"count":1,"href":"https:\/\/bisbalpenedes.com\/web\/wp-json\/wp\/v2\/posts\/5588\/revisions"}],"predecessor-version":[{"id":5590,"href":"https:\/\/bisbalpenedes.com\/web\/wp-json\/wp\/v2\/posts\/5588\/revisions\/5590"}],"wp:featuredmedia":[{"embeddable":true,"href":"https:\/\/bisbalpenedes.com\/web\/wp-json\/wp\/v2\/media\/5589"}],"wp:attachment":[{"href":"https:\/\/bisbalpenedes.com\/web\/wp-json\/wp\/v2\/media?parent=5588"}],"wp:term":[{"taxonomy":"category","embeddable":true,"href":"https:\/\/bisbalpenedes.com\/web\/wp-json\/wp\/v2\/categories?post=5588"},{"taxonomy":"post_tag","embeddable":true,"href":"https:\/\/bisbalpenedes.com\/web\/wp-json\/wp\/v2\/tags?post=5588"}],"curies":[{"name":"wp","href":"https:\/\/api.w.org\/{rel}","templated":true}]}}