{"id":5577,"date":"2018-04-26T10:18:05","date_gmt":"2018-04-26T09:18:05","guid":{"rendered":"http:\/\/bisbalpenedes.com\/web\/?p=5577"},"modified":"2018-04-26T10:47:08","modified_gmt":"2018-04-26T09:47:08","slug":"els-residus-portals-al-punt-verd-sigues-civic","status":"publish","type":"post","link":"https:\/\/bisbalpenedes.com\/web\/2018\/04\/26\/els-residus-portals-al-punt-verd-sigues-civic\/","title":{"rendered":"Els residus, porta&#8217;ls al Punt Verd. Sigues c\u00edvic!"},"content":{"rendered":"<p style=\"line-height: 14.25pt; background: white;\"><a href=\"http:\/\/bisbalpenedes.com\/web\/wp-content\/uploads\/2018\/04\/BROSSA-URBANITZACIONS3.jpg\"><img loading=\"lazy\" class=\"size-thumbnail wp-image-5581 alignleft\" src=\"http:\/\/bisbalpenedes.com\/web\/wp-content\/uploads\/2018\/04\/BROSSA-URBANITZACIONS3-150x150.jpg\" alt=\"BROSSA URBANITZACIONS3\" width=\"150\" height=\"150\" srcset=\"https:\/\/bisbalpenedes.com\/web\/wp-content\/uploads\/2018\/04\/BROSSA-URBANITZACIONS3-150x150.jpg 150w, https:\/\/bisbalpenedes.com\/web\/wp-content\/uploads\/2018\/04\/BROSSA-URBANITZACIONS3-300x300.jpg 300w, https:\/\/bisbalpenedes.com\/web\/wp-content\/uploads\/2018\/04\/BROSSA-URBANITZACIONS3-100x100.jpg 100w\" sizes=\"(max-width: 150px) 100vw, 150px\" \/><\/a><a href=\"http:\/\/bisbalpenedes.com\/web\/wp-content\/uploads\/2018\/04\/BROSSA-URBANITZACIONS1.jpg\"><img loading=\"lazy\" class=\"size-thumbnail wp-image-5578 alignleft\" src=\"http:\/\/bisbalpenedes.com\/web\/wp-content\/uploads\/2018\/04\/BROSSA-URBANITZACIONS1-150x150.jpg\" alt=\"BROSSA URBANITZACIONS1\" width=\"150\" height=\"150\" srcset=\"https:\/\/bisbalpenedes.com\/web\/wp-content\/uploads\/2018\/04\/BROSSA-URBANITZACIONS1-150x150.jpg 150w, https:\/\/bisbalpenedes.com\/web\/wp-content\/uploads\/2018\/04\/BROSSA-URBANITZACIONS1-300x300.jpg 300w, https:\/\/bisbalpenedes.com\/web\/wp-content\/uploads\/2018\/04\/BROSSA-URBANITZACIONS1-100x100.jpg 100w\" sizes=\"(max-width: 150px) 100vw, 150px\" \/><\/a><a href=\"http:\/\/bisbalpenedes.com\/web\/wp-content\/uploads\/2018\/04\/BROSSA-URBANITZACIONS2.jpg\"><img loading=\"lazy\" class=\"size-thumbnail wp-image-5583 alignleft\" src=\"http:\/\/bisbalpenedes.com\/web\/wp-content\/uploads\/2018\/04\/BROSSA-URBANITZACIONS2-150x150.jpg\" alt=\"BROSSA URBANITZACIONS2\" width=\"150\" height=\"150\" srcset=\"https:\/\/bisbalpenedes.com\/web\/wp-content\/uploads\/2018\/04\/BROSSA-URBANITZACIONS2-150x150.jpg 150w, https:\/\/bisbalpenedes.com\/web\/wp-content\/uploads\/2018\/04\/BROSSA-URBANITZACIONS2-300x300.jpg 300w, https:\/\/bisbalpenedes.com\/web\/wp-content\/uploads\/2018\/04\/BROSSA-URBANITZACIONS2-100x100.jpg 100w\" sizes=\"(max-width: 150px) 100vw, 150px\" \/><\/a><\/p>\n<p style=\"line-height: 14.25pt; background: white; text-align: justify;\"><span style=\"color: #000000;\"><strong>CATAL\u00c0<\/strong> | Aquestes fotografies s\u2019han fet en diverses urbanitzacions del municipi.<\/span><\/p>\n<p style=\"line-height: 14.25pt; background: white; text-align: justify;\"><span style=\"font-size: 10pt; font-family: Arial, sans-serif; color: #000000;\">La Regidoria de Medi Ambient informa que deixar residus i \u2018trastos\u2019 a la via p\u00fablica sense previ av\u00eds pot ser motiu de sanci\u00f3. Recordem que l\u2019Ajuntament de la Bisbal del Pened\u00e8s compta amb el Punt Verd, un espai on es poden dipositar tot tipus de deixalles i voluminosos. A m\u00e9s, l\u2019Ajuntament ofereix un servei gratu\u00eft de recollida de residus voluminosos a aquelles persones que no poden portar-los al Punt Verd. La recollida es fa porta a porta, exclusivament per a particulars, el primer dilluns (no festiu) de cada mes. Per sol\u00b7licitar el servei cal avisar, amb un m\u00ednim de 5 dies d\u2019antelaci\u00f3, a les oficines municipals, en persona o per tel\u00e8fon al 977688438. Els residus voluminosos s\u2019hauran de dipositar, el dia abans de la recollida, al costat de la porta de casa. <\/span><\/p>\n<p style=\"line-height: 14.25pt; background: white; text-align: justify;\"><span style=\"font-size: 10pt; font-family: Arial, sans-serif; color: #000000;\">Sigues c\u00edvic! No embrutis la via p\u00fablica, tots ho agrairem.<\/span><\/p>\n<p style=\"line-height: 14.25pt; background: white; text-align: justify;\"><span style=\"font-size: 10pt; font-family: Arial, sans-serif; color: #000000;\">\u00a0Vols saber com funciona el Punt Verd? Entra a l&#8217;enlla\u00e7:\u00a0<a href=\"http:\/\/bisbalpenedes.com\/web\/2018\/01\/19\/com-funciona-el-punt-verd\" target=\"_blank\">http:\/\/bisbalpenedes.com\/web\/2018\/01\/19\/com-funciona-el-punt-verd<\/a>\/\u00a0<\/span><\/p>\n<hr \/>\n<p style=\"line-height: 14.25pt; background: white; text-align: justify;\"><span style=\"font-size: 10pt; font-family: Arial, sans-serif; color: #000000;\"><strong>CASTELLANO<\/strong> | Estas fotograf\u00edas se han tomado en varias urbanizaciones del municipio.<\/span><\/p>\n<p style=\"line-height: 14.25pt; background: white; text-align: justify;\"><span style=\"font-size: 10pt; font-family: Arial, sans-serif; color: #000000;\">La Concejal\u00eda de Medio Ambiente informa que dejar residuos y trastos en la v\u00eda p\u00fablica sin previo aviso puede ser motivo de sanci\u00f3n. Recordamos que el Ayuntamiento de la Bisbal del Pened\u00e8s cuenta con el Punt Verd, un espacio donde se pueden depositar todo tipo de desechos y voluminosos. Adem\u00e1s, el Ayuntamiento ofrece un servicio gratuito de recogida de residuos voluminosos a aquellas personas que no pueden llevarlos al Punt Verd. La recogida se hace puerta a puerta, exclusivamente para los particulares, el primer lunes (no festivo) de cada mes. Para solicitar el servicio hay que avisar, con un m\u00ednimo de 5 d\u00edas de antelaci\u00f3n, a las oficinas municipales, en persona o por tel\u00e9fono al 977688438. Los residuos voluminosos deber\u00e1n depositarse, el d\u00eda antes de la recogida, al lado de la puerta de casa.<\/span><\/p>\n<p style=\"line-height: 14.25pt; background: white; text-align: justify;\"><span style=\"font-size: 10pt; font-family: Arial, sans-serif; color: #000000;\">\u00a1S\u00e9 c\u00edvico! No ensucies la v\u00eda p\u00fablica, todos lo agradeceremos. <\/span><\/p>\n<p style=\"line-height: 14.25pt; background: white; text-align: justify;\"><span style=\"font-size: 10pt; font-family: Arial, sans-serif; color: #000000;\">\u00bfQuieres saber c\u00f3mo funciona el Punt Verd? Entra en el enlace:\u00a0<a href=\"http:\/\/bisbalpenedes.com\/web\/2018\/01\/19\/com-funciona-el-punt-verd\/\" target=\"_blank\">http:\/\/bisbalpenedes.com\/web\/2018\/01\/19\/com-funciona-el-punt-verd\/\u00a0<\/a><\/span><\/p>\n","protected":false},"excerpt":{"rendered":"<p>CATAL\u00c0 | Aquestes fotografies s\u2019han fet en diverses urbanitzacions del municipi. La Regidoria de Medi Ambient informa que deixar residus i \u2018trastos\u2019 a la via p\u00fablica sense previ av\u00eds pot &hellip; <a href=\"https:\/\/bisbalpenedes.com\/web\/2018\/04\/26\/els-residus-portals-al-punt-verd-sigues-civic\/\" class=\"more-link\">Read More<\/a><\/p>\n","protected":false},"author":4,"featured_media":5578,"comment_status":"closed","ping_status":"closed","sticky":false,"template":"","format":"standard","meta":[],"categories":[32],"tags":[832,220,1730,92,627,1182,1729,1183],"_links":{"self":[{"href":"https:\/\/bisbalpenedes.com\/web\/wp-json\/wp\/v2\/posts\/5577"}],"collection":[{"href":"https:\/\/bisbalpenedes.com\/web\/wp-json\/wp\/v2\/posts"}],"about":[{"href":"https:\/\/bisbalpenedes.com\/web\/wp-json\/wp\/v2\/types\/post"}],"author":[{"embeddable":true,"href":"https:\/\/bisbalpenedes.com\/web\/wp-json\/wp\/v2\/users\/4"}],"replies":[{"embeddable":true,"href":"https:\/\/bisbalpenedes.com\/web\/wp-json\/wp\/v2\/comments?post=5577"}],"version-history":[{"count":6,"href":"https:\/\/bisbalpenedes.com\/web\/wp-json\/wp\/v2\/posts\/5577\/revisions"}],"predecessor-version":[{"id":5587,"href":"https:\/\/bisbalpenedes.com\/web\/wp-json\/wp\/v2\/posts\/5577\/revisions\/5587"}],"wp:featuredmedia":[{"embeddable":true,"href":"https:\/\/bisbalpenedes.com\/web\/wp-json\/wp\/v2\/media\/5578"}],"wp:attachment":[{"href":"https:\/\/bisbalpenedes.com\/web\/wp-json\/wp\/v2\/media?parent=5577"}],"wp:term":[{"taxonomy":"category","embeddable":true,"href":"https:\/\/bisbalpenedes.com\/web\/wp-json\/wp\/v2\/categories?post=5577"},{"taxonomy":"post_tag","embeddable":true,"href":"https:\/\/bisbalpenedes.com\/web\/wp-json\/wp\/v2\/tags?post=5577"}],"curies":[{"name":"wp","href":"https:\/\/api.w.org\/{rel}","templated":true}]}}