{"id":5575,"date":"2018-04-24T23:00:17","date_gmt":"2018-04-24T22:00:17","guid":{"rendered":"http:\/\/bisbalpenedes.com\/web\/?p=5575"},"modified":"2018-04-26T09:30:55","modified_gmt":"2018-04-26T08:30:55","slug":"proces-selectiu-per-cobrir-una-placa-darquitecte-superior-en-regim-de-funcionari-interi","status":"publish","type":"post","link":"https:\/\/bisbalpenedes.com\/web\/2018\/04\/24\/proces-selectiu-per-cobrir-una-placa-darquitecte-superior-en-regim-de-funcionari-interi\/","title":{"rendered":"Proc\u00e9s selectiu per cobrir una pla\u00e7a d&#8217;arquitecte superior en r\u00e8gim de funcionari inter\u00ed"},"content":{"rendered":"<p>Fins al 14 de maig del 2018 es poden presentar sol\u00b7licituds per a la convocat\u00f2ria del proc\u00e9s selectiu, mitjan\u00e7ant concurs-oposici\u00f3 lliure, per a la cobertura d&#8217;una pla\u00e7a d&#8217;arquitecte superior en r\u00e8gim de funcionari inter\u00ed a l&#8217;Ajuntament de la Bisbal del Pened\u00e8s.<\/p>\n<hr \/>\n<p>Hasta el 14 de mayo del 2018 se pueden presentar solicitudes para la convocatoria del proceso selectivo, mediante concurso-oposici\u00f3n libre, para la cobertura de una plaza de arquitecto superior en r\u00e9gimen de funcionario interino en el Ayuntamiento de la Bisbal del Pened\u00e8s.<\/p>\n<hr \/>\n<ul>\n<li>Enlla\u00e7 a les bases publicades al BOPT\/Enlace a las bases publicadas en el BOPT:\u00a0<a href=\"https:\/\/www.diputaciodetarragona.cat\/ebop\/index.php?op=anunci&amp;id=3607&amp;ebop_any=2018\" target=\"_blank\">https:\/\/www.diputaciodetarragona.cat\/ebop\/index.php?op=anunci&amp;id=3607&amp;ebop_any=2018<\/a><\/li>\n<li>Enlla\u00e7 a l&#8217;anunci del DOGC\/Enlace al anuncio del DOGC:\u00a0<a href=\"http:\/\/portaldogc.gencat.cat\/utilsEADOP\/PDF\/7605\/1671525.pdf\" target=\"_blank\">http:\/\/portaldogc.gencat.cat\/utilsEADOP\/PDF\/7605\/1671525.pdf\u00a0<\/a><\/li>\n<\/ul>\n<p>&nbsp;<\/p>\n","protected":false},"excerpt":{"rendered":"<p>Fins al 14 de maig del 2018 es poden presentar sol\u00b7licituds per a la convocat\u00f2ria del proc\u00e9s selectiu, mitjan\u00e7ant concurs-oposici\u00f3 lliure, per a la cobertura d&#8217;una pla\u00e7a d&#8217;arquitecte superior en &hellip; <a href=\"https:\/\/bisbalpenedes.com\/web\/2018\/04\/24\/proces-selectiu-per-cobrir-una-placa-darquitecte-superior-en-regim-de-funcionari-interi\/\" class=\"more-link\">Read More<\/a><\/p>\n","protected":false},"author":4,"featured_media":4174,"comment_status":"closed","ping_status":"closed","sticky":false,"template":"","format":"standard","meta":[],"categories":[1628],"tags":[911,1727,176,567,154,1726,1725,1728,798,407],"_links":{"self":[{"href":"https:\/\/bisbalpenedes.com\/web\/wp-json\/wp\/v2\/posts\/5575"}],"collection":[{"href":"https:\/\/bisbalpenedes.com\/web\/wp-json\/wp\/v2\/posts"}],"about":[{"href":"https:\/\/bisbalpenedes.com\/web\/wp-json\/wp\/v2\/types\/post"}],"author":[{"embeddable":true,"href":"https:\/\/bisbalpenedes.com\/web\/wp-json\/wp\/v2\/users\/4"}],"replies":[{"embeddable":true,"href":"https:\/\/bisbalpenedes.com\/web\/wp-json\/wp\/v2\/comments?post=5575"}],"version-history":[{"count":1,"href":"https:\/\/bisbalpenedes.com\/web\/wp-json\/wp\/v2\/posts\/5575\/revisions"}],"predecessor-version":[{"id":5576,"href":"https:\/\/bisbalpenedes.com\/web\/wp-json\/wp\/v2\/posts\/5575\/revisions\/5576"}],"wp:featuredmedia":[{"embeddable":true,"href":"https:\/\/bisbalpenedes.com\/web\/wp-json\/wp\/v2\/media\/4174"}],"wp:attachment":[{"href":"https:\/\/bisbalpenedes.com\/web\/wp-json\/wp\/v2\/media?parent=5575"}],"wp:term":[{"taxonomy":"category","embeddable":true,"href":"https:\/\/bisbalpenedes.com\/web\/wp-json\/wp\/v2\/categories?post=5575"},{"taxonomy":"post_tag","embeddable":true,"href":"https:\/\/bisbalpenedes.com\/web\/wp-json\/wp\/v2\/tags?post=5575"}],"curies":[{"name":"wp","href":"https:\/\/api.w.org\/{rel}","templated":true}]}}