{"id":5572,"date":"2018-04-25T13:57:46","date_gmt":"2018-04-25T12:57:46","guid":{"rendered":"http:\/\/bisbalpenedes.com\/web\/?p=5572"},"modified":"2018-04-25T13:57:46","modified_gmt":"2018-04-25T12:57:46","slug":"la-colla-joves-xiquets-de-valls-visitara-la-bisbal-el-proper-1-de-maig","status":"publish","type":"post","link":"https:\/\/bisbalpenedes.com\/web\/2018\/04\/25\/la-colla-joves-xiquets-de-valls-visitara-la-bisbal-el-proper-1-de-maig\/","title":{"rendered":"La Colla Joves Xiquets de Valls visitar\u00e0 la Bisbal el proper 1 de maig"},"content":{"rendered":"<h6 style=\"text-align: center;\"><a href=\"http:\/\/bisbalpenedes.com\/web\/wp-content\/uploads\/2018\/04\/la-bisbal-collage-colla-joves.jpg\"><img loading=\"lazy\" class=\"aligncenter size-full wp-image-5573\" src=\"http:\/\/bisbalpenedes.com\/web\/wp-content\/uploads\/2018\/04\/la-bisbal-collage-colla-joves.jpg\" alt=\"la bisbal collage colla joves\" width=\"835\" height=\"292\" srcset=\"https:\/\/bisbalpenedes.com\/web\/wp-content\/uploads\/2018\/04\/la-bisbal-collage-colla-joves.jpg 835w, https:\/\/bisbalpenedes.com\/web\/wp-content\/uploads\/2018\/04\/la-bisbal-collage-colla-joves-600x210.jpg 600w, https:\/\/bisbalpenedes.com\/web\/wp-content\/uploads\/2018\/04\/la-bisbal-collage-colla-joves-300x105.jpg 300w, https:\/\/bisbalpenedes.com\/web\/wp-content\/uploads\/2018\/04\/la-bisbal-collage-colla-joves-768x269.jpg 768w\" sizes=\"(max-width: 835px) 100vw, 835px\" \/><\/a><span style=\"color: #000000;\">Fotografies extretes de la p\u00e0gina web de la <a href=\"http:\/\/collajoves.com\" target=\"_blank\">Colla Joves Xiquets de Valls<\/a><\/span><\/h6>\n<p style=\"text-align: justify;\"><span style=\"color: #000000;\"><strong>CATAL\u00c0<\/strong> | La Colla Joves Xiquets de Valls du a terme, per tercer any consecutiu, la caminada de Valls a Vilafranca del Pened\u00e8s el dia 1 de maig i, enguany, la colla far\u00e0 una aturada a la Bisbal per saludar formalment l\u2019Ajuntament i els ve\u00efns del municipi. \u00c9s per aix\u00f2 que s\u2019ha organitzat un acte de benvinguda al despatx d\u2019alcaldia on la colla signar\u00e0 el llibre d\u2019honor i, posteriorment, es far\u00e0 un esmorzar popular al davant de l\u2019Ajuntament \u00a0perqu\u00e8 els ve\u00efns de la Bisbal puguin saludar els membres de la colla. Tot plegat es calcula que tindr\u00e0 lloc a partir de les 11.30h del mat\u00ed.<\/span><\/p>\n<p style=\"text-align: justify;\"><span style=\"color: #000000;\">Segons expliquen fonts de la Colla Joves, aquesta caminada pret\u00e9n ser \u201cun homenatge als avantpassats castellers del segle XIX que anaven a peu i amb carro a Vilafranca a fer castells, no nom\u00e9s per Sant F\u00e8lix sin\u00f3 que tamb\u00e9 per les festes que organitzava la confraria de la Mare de D\u00e9u del Roser el primer diumenge de maig\u201d. Tamb\u00e9 expliquen que l\u2019homenatge \u201cva dedicat a la mem\u00f2ria de l\u2019antiga Confraria del Roser i a tots aquells aficionats vilafranquins que van donar suport, i encara ho fan, a la colla, al llarg de la hist\u00f2ria\u201d.<\/span><\/p>\n<p style=\"text-align: justify;\"><span style=\"color: #000000;\">Quant al fet d\u2019aturar-se a la Bisbal expliquen que \u201chi ha un motiu sentimental, ja que la Colla Joves sempre ha considerat la pla\u00e7a de la Bisbal com a casa seva\u201d. A la Bisbal la colla va descarregar el primer 4 de 8 despr\u00e9s de la represa amb el nom de Colla Joves, van portar per primer cop fora de Valls el 5 de 8 i van descarregar el primer castell de 9 que veia la Bisbal al segle XX i el, fins ara, \u00fanic 4 de 9 carregat que ha vist aquesta pla\u00e7a. Des de la colla tamb\u00e9 expliquen que \u201ctampoc podem oblidar que a la Bisbal vam rebre el cop m\u00e9s dur de la nostra hist\u00f2ria i aquest fet, malgrat que negatiu, fa que els lligams encara siguin m\u00e9s estrets\u201d. Des de la Colla Joves destaquen que a la Bisbal hi ha \u201cun grup d\u2019aficionats fidels a la nostra colla que sempre tenim al costat donant-nos suport a totes les sortides de comprom\u00eds i a la majoria dels assajos\u201d.<\/span><\/p>\n<p style=\"text-align: justify;\">\n<p style=\"text-align: justify;\"><span style=\"color: #000000;\"><strong>CASTELLANO<\/strong> | La Colla Joves Xiquets de Valls realiza, por tercer a\u00f1o consecutivo, la caminata de Valls a Vilafranca del Pened\u00e8s el d\u00eda 1 de mayo. Este a\u00f1o, la colla har\u00e1 una parada en la Bisbal para saludar formalmente al Ayuntamiento de la Bisbal del Pened\u00e8s y a los vecinos del pueblo. Es por este\u00a0 motivo que se ha organizado un acto de bienvenida en el despacho de alcald\u00eda d\u00f3nde la colla firmar\u00e1 el libro de honor y, posteriormente, se har\u00e1 un desayuno popular delante del Ayuntamiento para que los vecinos de la Bisbal puedan saludar a los miembros de la colla. Se calcula que la recepci\u00f3n tenga lugar a partir de las 11.30h de la ma\u00f1ana.<\/span><\/p>\n<p style=\"text-align: justify;\"><span style=\"color: #000000;\">Seg\u00fan explican fuentes de la Colla Joves, esta caminata pretende ser \u201cun homenaje a los antepasados castellers del siglo XIX que iban a pie y con el carro a Vilafranca a hacer castillos, no solo por San F\u00e9lix sino que tambi\u00e9n para las fiestas que organizaba la cofrad\u00eda de la Mare de D\u00e9u del Roser el primer domingo de mayo\u201d. Tambi\u00e9n explican que el homenaje \u201cva dedicado a la memoria de la antigua Cofrad\u00eda del Roser y a todos aquellos aficionados de Vilafranca que dieron su apoyo, y a\u00fan lo hacen, a la colla, a lo largo de la historia\u201d.<\/span><\/p>\n<p style=\"text-align: justify;\"><span style=\"color: #000000;\">En cuanto al hecho de hacer una parada en la Bisbal, explican que \u201chay un motivo sentimental, ya que la Colla Joves siempre ha considerado la plaza de la Bisbal como su casa\u201d. En la Bisbal la colla descarg\u00f3 el primer 4 de 8 despu\u00e9s de la reanudaci\u00f3n con el nombre de Colla Joves, llevaron por primera vez fuera de Valls el 5 de 8 y descargaron el primer castillo de 9 que ve\u00eda la Bisbal en el siglo XX y el, hasta ahora, \u00fanico 4 de 9 \u2018carregat\u2019 que ha visto esta plaza\u201d. Desde la colla tambi\u00e9n explican que \u201ctampoco podemos olvidar que en la Bisbal recibimos el golpe m\u00e1s duro de nuestra historia y este hecho, aunque negativo, hace que los v\u00ednculos a\u00fan sean m\u00e1s fuertes\u201d. Desde la Colla Joves destacan que en la Bisbal hay un \u201cgrupo de aficionados fieles a nuestra colla que siempre tenemos al lado d\u00e1ndonos su apoyo en todas las salidas de compromiso y en la mayor\u00eda de los ensayos.<\/span><\/p>\n","protected":false},"excerpt":{"rendered":"<p>Fotografies extretes de la p\u00e0gina web de la Colla Joves Xiquets de Valls CATAL\u00c0 | La Colla Joves Xiquets de Valls du a terme, per tercer any consecutiu, la caminada &hellip; <a href=\"https:\/\/bisbalpenedes.com\/web\/2018\/04\/25\/la-colla-joves-xiquets-de-valls-visitara-la-bisbal-el-proper-1-de-maig\/\" class=\"more-link\">Read More<\/a><\/p>\n","protected":false},"author":4,"featured_media":5573,"comment_status":"closed","ping_status":"closed","sticky":false,"template":"","format":"standard","meta":[],"categories":[13],"tags":[1723,377,1719,1720,318,1722,1724,381,1721],"_links":{"self":[{"href":"https:\/\/bisbalpenedes.com\/web\/wp-json\/wp\/v2\/posts\/5572"}],"collection":[{"href":"https:\/\/bisbalpenedes.com\/web\/wp-json\/wp\/v2\/posts"}],"about":[{"href":"https:\/\/bisbalpenedes.com\/web\/wp-json\/wp\/v2\/types\/post"}],"author":[{"embeddable":true,"href":"https:\/\/bisbalpenedes.com\/web\/wp-json\/wp\/v2\/users\/4"}],"replies":[{"embeddable":true,"href":"https:\/\/bisbalpenedes.com\/web\/wp-json\/wp\/v2\/comments?post=5572"}],"version-history":[{"count":1,"href":"https:\/\/bisbalpenedes.com\/web\/wp-json\/wp\/v2\/posts\/5572\/revisions"}],"predecessor-version":[{"id":5574,"href":"https:\/\/bisbalpenedes.com\/web\/wp-json\/wp\/v2\/posts\/5572\/revisions\/5574"}],"wp:featuredmedia":[{"embeddable":true,"href":"https:\/\/bisbalpenedes.com\/web\/wp-json\/wp\/v2\/media\/5573"}],"wp:attachment":[{"href":"https:\/\/bisbalpenedes.com\/web\/wp-json\/wp\/v2\/media?parent=5572"}],"wp:term":[{"taxonomy":"category","embeddable":true,"href":"https:\/\/bisbalpenedes.com\/web\/wp-json\/wp\/v2\/categories?post=5572"},{"taxonomy":"post_tag","embeddable":true,"href":"https:\/\/bisbalpenedes.com\/web\/wp-json\/wp\/v2\/tags?post=5572"}],"curies":[{"name":"wp","href":"https:\/\/api.w.org\/{rel}","templated":true}]}}