{"id":5555,"date":"2018-04-25T12:58:38","date_gmt":"2018-04-25T11:58:38","guid":{"rendered":"http:\/\/bisbalpenedes.com\/web\/?p=5555"},"modified":"2018-04-25T13:07:46","modified_gmt":"2018-04-25T12:07:46","slug":"oriol-sola-guanya-el-primer-premi-del-concurs-literari-i-marc-casellas-laccessit-especial-adb","status":"publish","type":"post","link":"https:\/\/bisbalpenedes.com\/web\/2018\/04\/25\/oriol-sola-guanya-el-primer-premi-del-concurs-literari-i-marc-casellas-laccessit-especial-adb\/","title":{"rendered":"Oriol Sol\u00e0 Guanya el primer premi del Concurs Literari i Marc Casellas l&#8217;Acc\u00e9ssit Especial ADB"},"content":{"rendered":"<p style=\"text-align: justify;\"><strong>CATAL\u00c0<\/strong> | Aquest dilluns 23 d\u2019abril ha tingut lloc l\u2019entrega de premis del Concurs Literari de Sant Jordi de la Bisbal, un certament que enguany ha arribat a la seva desena edici\u00f3. Al concurs, s\u2019hi han presentat un total de 18 obres: 10 de prosa i 8 de poesia. Entre els autors hi havia 5 penedesencs, 3 bisbalencs i 10 d\u2019altres punts de Catalunya, com ara Sant Carles de la R\u00e0pita, Malgrat de Mar, Sant Joan de les Abadesses, Santa Margarida de Montbui o Arb\u00facies.<\/p>\n<p style=\"text-align: justify;\"><a href=\"http:\/\/bisbalpenedes.com\/web\/wp-content\/uploads\/2018\/04\/Foto-23-4-18-17-39-24.jpg\"><img loading=\"lazy\" class=\"aligncenter size-medium wp-image-5563\" src=\"http:\/\/bisbalpenedes.com\/web\/wp-content\/uploads\/2018\/04\/Foto-23-4-18-17-39-24-300x200.jpg\" alt=\"Foto 23-4-18 17 39 24\" width=\"300\" height=\"200\" srcset=\"https:\/\/bisbalpenedes.com\/web\/wp-content\/uploads\/2018\/04\/Foto-23-4-18-17-39-24-300x200.jpg 300w, https:\/\/bisbalpenedes.com\/web\/wp-content\/uploads\/2018\/04\/Foto-23-4-18-17-39-24-600x400.jpg 600w, https:\/\/bisbalpenedes.com\/web\/wp-content\/uploads\/2018\/04\/Foto-23-4-18-17-39-24-768x512.jpg 768w, https:\/\/bisbalpenedes.com\/web\/wp-content\/uploads\/2018\/04\/Foto-23-4-18-17-39-24-1024x683.jpg 1024w\" sizes=\"(max-width: 300px) 100vw, 300px\" \/><\/a><\/p>\n<p style=\"text-align: justify;\">Els guanyadors del concurs d\u2019enguany han estat:<\/p>\n<ul style=\"text-align: justify;\">\n<li><strong>1r premi: Oriol Sol\u00e0 i Prat (Santa Margarida de Montbui) amb \u2018Hi veig, encara\u2019 <\/strong><\/li>\n<\/ul>\n<p style=\"text-align: justify;\">El premi consistia en 200 euros, un lot de llibres i un diploma commemoratiu.<\/p>\n<p style=\"text-align: justify;\"><a href=\"http:\/\/bisbalpenedes.com\/web\/wp-content\/uploads\/2018\/04\/ORIOL-SOLA-1R-PREMI.jpg\"><img loading=\"lazy\" class=\"size-thumbnail wp-image-5557 aligncenter\" src=\"http:\/\/bisbalpenedes.com\/web\/wp-content\/uploads\/2018\/04\/ORIOL-SOLA-1R-PREMI-150x150.jpg\" alt=\"ORIOL SOLA - 1R PREMI\" width=\"150\" height=\"150\" srcset=\"https:\/\/bisbalpenedes.com\/web\/wp-content\/uploads\/2018\/04\/ORIOL-SOLA-1R-PREMI-150x150.jpg 150w, https:\/\/bisbalpenedes.com\/web\/wp-content\/uploads\/2018\/04\/ORIOL-SOLA-1R-PREMI-300x300.jpg 300w, https:\/\/bisbalpenedes.com\/web\/wp-content\/uploads\/2018\/04\/ORIOL-SOLA-1R-PREMI-100x100.jpg 100w\" sizes=\"(max-width: 150px) 100vw, 150px\" \/><\/a><\/p>\n<p style=\"text-align: justify;\"><a href=\"http:\/\/bisbalpenedes.com\/web\/wp-content\/uploads\/2018\/04\/1_hi_veig_encara_fragment_pre.jpg\"><img loading=\"lazy\" class=\"aligncenter size-large wp-image-5567\" src=\"http:\/\/bisbalpenedes.com\/web\/wp-content\/uploads\/2018\/04\/1_hi_veig_encara_fragment_pre-1024x751.jpg\" alt=\"1_hi_veig_encara_fragment_pre\" width=\"630\" height=\"462\" srcset=\"https:\/\/bisbalpenedes.com\/web\/wp-content\/uploads\/2018\/04\/1_hi_veig_encara_fragment_pre-1024x751.jpg 1024w, https:\/\/bisbalpenedes.com\/web\/wp-content\/uploads\/2018\/04\/1_hi_veig_encara_fragment_pre-600x440.jpg 600w, https:\/\/bisbalpenedes.com\/web\/wp-content\/uploads\/2018\/04\/1_hi_veig_encara_fragment_pre-300x220.jpg 300w, https:\/\/bisbalpenedes.com\/web\/wp-content\/uploads\/2018\/04\/1_hi_veig_encara_fragment_pre-768x563.jpg 768w\" sizes=\"(max-width: 630px) 100vw, 630px\" \/><\/a><\/p>\n<ul style=\"text-align: justify;\">\n<li><strong>2n premi: Guifr\u00e9 Miguel i Fageda (Sant Joan de les Abadesses) amb \u2018Terra a la vista\u2019 <\/strong><\/li>\n<\/ul>\n<p style=\"text-align: justify;\">El premi consistia en 150 euros, un lot de llibres i un diploma commemoratiu.<\/p>\n<p style=\"text-align: justify;\"><a href=\"http:\/\/bisbalpenedes.com\/web\/wp-content\/uploads\/2018\/04\/GUIFRE-MIGUEL-2N-PREMI.jpg\"><img loading=\"lazy\" class=\"aligncenter size-thumbnail wp-image-5558\" src=\"http:\/\/bisbalpenedes.com\/web\/wp-content\/uploads\/2018\/04\/GUIFRE-MIGUEL-2N-PREMI-150x150.jpg\" alt=\"GUIFRE MIGUEL - 2N PREMI\" width=\"150\" height=\"150\" srcset=\"https:\/\/bisbalpenedes.com\/web\/wp-content\/uploads\/2018\/04\/GUIFRE-MIGUEL-2N-PREMI-150x150.jpg 150w, https:\/\/bisbalpenedes.com\/web\/wp-content\/uploads\/2018\/04\/GUIFRE-MIGUEL-2N-PREMI-300x300.jpg 300w, https:\/\/bisbalpenedes.com\/web\/wp-content\/uploads\/2018\/04\/GUIFRE-MIGUEL-2N-PREMI-100x100.jpg 100w\" sizes=\"(max-width: 150px) 100vw, 150px\" \/><\/a><\/p>\n<p style=\"text-align: justify;\"><a href=\"http:\/\/bisbalpenedes.com\/web\/wp-content\/uploads\/2018\/04\/2_terra_vista_fragment_pre.jpg\"><img loading=\"lazy\" class=\"aligncenter size-large wp-image-5568\" src=\"http:\/\/bisbalpenedes.com\/web\/wp-content\/uploads\/2018\/04\/2_terra_vista_fragment_pre-1024x751.jpg\" alt=\"2_terra_vista_fragment_pre\" width=\"630\" height=\"462\" srcset=\"https:\/\/bisbalpenedes.com\/web\/wp-content\/uploads\/2018\/04\/2_terra_vista_fragment_pre-1024x751.jpg 1024w, https:\/\/bisbalpenedes.com\/web\/wp-content\/uploads\/2018\/04\/2_terra_vista_fragment_pre-600x440.jpg 600w, https:\/\/bisbalpenedes.com\/web\/wp-content\/uploads\/2018\/04\/2_terra_vista_fragment_pre-300x220.jpg 300w, https:\/\/bisbalpenedes.com\/web\/wp-content\/uploads\/2018\/04\/2_terra_vista_fragment_pre-768x563.jpg 768w\" sizes=\"(max-width: 630px) 100vw, 630px\" \/><\/a><\/p>\n<ul style=\"text-align: justify;\">\n<li><strong>3r premi: \u00c0ngels Gimeno (Barcelona) amb \u2018L\u2019abric vermell\u2019 <\/strong><\/li>\n<\/ul>\n<p style=\"text-align: justify;\">El premi consistia en 100 euros, un lot de llibres i un diploma commemoratiu.<\/p>\n<p style=\"text-align: justify;\"><a href=\"http:\/\/bisbalpenedes.com\/web\/wp-content\/uploads\/2018\/04\/ANGELS-GIMENO-3R-PREMI.jpg\"><img loading=\"lazy\" class=\"aligncenter size-thumbnail wp-image-5559\" src=\"http:\/\/bisbalpenedes.com\/web\/wp-content\/uploads\/2018\/04\/ANGELS-GIMENO-3R-PREMI-150x150.jpg\" alt=\"ANGELS GIMENO - 3R PREMI\" width=\"150\" height=\"150\" srcset=\"https:\/\/bisbalpenedes.com\/web\/wp-content\/uploads\/2018\/04\/ANGELS-GIMENO-3R-PREMI-150x150.jpg 150w, https:\/\/bisbalpenedes.com\/web\/wp-content\/uploads\/2018\/04\/ANGELS-GIMENO-3R-PREMI-300x300.jpg 300w, https:\/\/bisbalpenedes.com\/web\/wp-content\/uploads\/2018\/04\/ANGELS-GIMENO-3R-PREMI-100x100.jpg 100w\" sizes=\"(max-width: 150px) 100vw, 150px\" \/><\/a><\/p>\n<p style=\"text-align: justify;\"><a href=\"http:\/\/bisbalpenedes.com\/web\/wp-content\/uploads\/2018\/04\/3_abric_vermell_fragment_pre.jpg\"><img loading=\"lazy\" class=\"aligncenter size-large wp-image-5569\" src=\"http:\/\/bisbalpenedes.com\/web\/wp-content\/uploads\/2018\/04\/3_abric_vermell_fragment_pre-1024x751.jpg\" alt=\"3_abric_vermell_fragment_pre\" width=\"630\" height=\"462\" srcset=\"https:\/\/bisbalpenedes.com\/web\/wp-content\/uploads\/2018\/04\/3_abric_vermell_fragment_pre-1024x751.jpg 1024w, https:\/\/bisbalpenedes.com\/web\/wp-content\/uploads\/2018\/04\/3_abric_vermell_fragment_pre-600x440.jpg 600w, https:\/\/bisbalpenedes.com\/web\/wp-content\/uploads\/2018\/04\/3_abric_vermell_fragment_pre-300x220.jpg 300w, https:\/\/bisbalpenedes.com\/web\/wp-content\/uploads\/2018\/04\/3_abric_vermell_fragment_pre-768x563.jpg 768w\" sizes=\"(max-width: 630px) 100vw, 630px\" \/><\/a><\/p>\n<ul style=\"text-align: justify;\">\n<li><strong>4t premi Acc\u00e8ssit Premi Especial ADB<\/strong> (per a obres de tem\u00e0tica bisbalenca): <strong>Marc Casellas Sequera (Les Peces-Albinyana)<\/strong> <strong>amb \u2018Pau Ma\u00f1\u00e9: terra i sang. Una hist\u00f2ria de la Bisbal\u2019.<\/strong><\/li>\n<\/ul>\n<p style=\"text-align: justify;\"><a href=\"http:\/\/bisbalpenedes.com\/web\/wp-content\/uploads\/2018\/04\/MARC-CASELLAS-PREMI-ADB.jpg\"><img loading=\"lazy\" class=\"aligncenter size-thumbnail wp-image-5560\" src=\"http:\/\/bisbalpenedes.com\/web\/wp-content\/uploads\/2018\/04\/MARC-CASELLAS-PREMI-ADB-150x150.jpg\" alt=\"MARC CASELLAS- PREMI ADB\" width=\"150\" height=\"150\" srcset=\"https:\/\/bisbalpenedes.com\/web\/wp-content\/uploads\/2018\/04\/MARC-CASELLAS-PREMI-ADB-150x150.jpg 150w, https:\/\/bisbalpenedes.com\/web\/wp-content\/uploads\/2018\/04\/MARC-CASELLAS-PREMI-ADB-300x300.jpg 300w, https:\/\/bisbalpenedes.com\/web\/wp-content\/uploads\/2018\/04\/MARC-CASELLAS-PREMI-ADB-100x100.jpg 100w\" sizes=\"(max-width: 150px) 100vw, 150px\" \/><\/a><\/p>\n<p style=\"text-align: justify;\"><a href=\"http:\/\/bisbalpenedes.com\/web\/wp-content\/uploads\/2018\/04\/adb_terra_sang_fragment_pre.jpg\"><img loading=\"lazy\" class=\"aligncenter size-large wp-image-5570\" src=\"http:\/\/bisbalpenedes.com\/web\/wp-content\/uploads\/2018\/04\/adb_terra_sang_fragment_pre-1024x751.jpg\" alt=\"adb_terra_sang_fragment_pre\" width=\"630\" height=\"462\" srcset=\"https:\/\/bisbalpenedes.com\/web\/wp-content\/uploads\/2018\/04\/adb_terra_sang_fragment_pre-1024x751.jpg 1024w, https:\/\/bisbalpenedes.com\/web\/wp-content\/uploads\/2018\/04\/adb_terra_sang_fragment_pre-600x440.jpg 600w, https:\/\/bisbalpenedes.com\/web\/wp-content\/uploads\/2018\/04\/adb_terra_sang_fragment_pre-300x220.jpg 300w, https:\/\/bisbalpenedes.com\/web\/wp-content\/uploads\/2018\/04\/adb_terra_sang_fragment_pre-768x563.jpg 768w\" sizes=\"(max-width: 630px) 100vw, 630px\" \/><\/a><\/p>\n<p style=\"text-align: justify;\">El premi estava dotat amb 300 euros.<\/p>\n<p style=\"text-align: justify;\">L\u2019Acc\u00e8ssit Premi Especial ADB porta el nom de l\u2019associaci\u00f3 que va crear el concurs i el va organitzar durant vuit anys. Des de l\u2019any passat el certamen s\u2019organitza des de la Regidoria de Cultura per\u00f2 l\u2019Ajuntament ha volgut retre un homenatge a la feina que va fer l\u2019entitat creant l\u2019acc\u00e8ssit especial. A m\u00e9s, durant l\u2019entrega de premis l\u2019Ajuntament va projectar diverses fotografies dels concursos anteriors i va obsequiar amb rams de flors els membres de l\u2019ADB que van assistir a l\u2019acte.<a href=\"http:\/\/bisbalpenedes.com\/web\/wp-content\/uploads\/2018\/04\/FOTO-AMB-PREMIATS-JURAT-ALCALDESA-REGIDORA-I-MEMBRES-DE-LADB.jpg\"><img loading=\"lazy\" class=\"aligncenter size-large wp-image-5561\" src=\"http:\/\/bisbalpenedes.com\/web\/wp-content\/uploads\/2018\/04\/FOTO-AMB-PREMIATS-JURAT-ALCALDESA-REGIDORA-I-MEMBRES-DE-LADB-1024x683.jpg\" alt=\"FOTO AMB PREMIATS, JURAT ALCALDESA REGIDORA I MEMBRES DE L'ADB\" width=\"630\" height=\"420\" srcset=\"https:\/\/bisbalpenedes.com\/web\/wp-content\/uploads\/2018\/04\/FOTO-AMB-PREMIATS-JURAT-ALCALDESA-REGIDORA-I-MEMBRES-DE-LADB-1024x683.jpg 1024w, https:\/\/bisbalpenedes.com\/web\/wp-content\/uploads\/2018\/04\/FOTO-AMB-PREMIATS-JURAT-ALCALDESA-REGIDORA-I-MEMBRES-DE-LADB-600x400.jpg 600w, https:\/\/bisbalpenedes.com\/web\/wp-content\/uploads\/2018\/04\/FOTO-AMB-PREMIATS-JURAT-ALCALDESA-REGIDORA-I-MEMBRES-DE-LADB-300x200.jpg 300w, https:\/\/bisbalpenedes.com\/web\/wp-content\/uploads\/2018\/04\/FOTO-AMB-PREMIATS-JURAT-ALCALDESA-REGIDORA-I-MEMBRES-DE-LADB-768x512.jpg 768w\" sizes=\"(max-width: 630px) 100vw, 630px\" \/><\/a><a href=\"http:\/\/bisbalpenedes.com\/web\/wp-content\/uploads\/2018\/04\/FOTO-AMB-PREMIATS-JURAT-ALCALDESA-REGIDORA-I-MEMBRES-DE-LADB.jpg\"><br \/>\n<\/a><\/p>\n<p style=\"text-align: justify;\">En acabar l\u2019entrega de premis, el p\u00fablic va poder gaudir de l\u2019espectacle poeticomusical \u2018Mai no \u00e9s de nit\u2019 a c\u00e0rrec de Jaume Calatayud i Vicente Monera dedicat a Manuel de Pedrolo, amb motiu dels 100 anys del seu naixement.<a href=\"http:\/\/bisbalpenedes.com\/web\/wp-content\/uploads\/2018\/04\/FOTO-ESPECTACLE-MANUEL-DE-PEDROLO.jpg\"><br \/>\n<\/a><\/p>\n<p style=\"text-align: justify;\"><a href=\"http:\/\/bisbalpenedes.com\/web\/wp-content\/uploads\/2018\/04\/FOTO-ESPECTACLE-MANUEL-DE-PEDROLO.jpg\"><img loading=\"lazy\" class=\"aligncenter size-large wp-image-5562\" src=\"http:\/\/bisbalpenedes.com\/web\/wp-content\/uploads\/2018\/04\/FOTO-ESPECTACLE-MANUEL-DE-PEDROLO-1024x683.jpg\" alt=\"FOTO ESPECTACLE MANUEL DE PEDROLO\" width=\"630\" height=\"420\" srcset=\"https:\/\/bisbalpenedes.com\/web\/wp-content\/uploads\/2018\/04\/FOTO-ESPECTACLE-MANUEL-DE-PEDROLO-1024x683.jpg 1024w, https:\/\/bisbalpenedes.com\/web\/wp-content\/uploads\/2018\/04\/FOTO-ESPECTACLE-MANUEL-DE-PEDROLO-600x400.jpg 600w, https:\/\/bisbalpenedes.com\/web\/wp-content\/uploads\/2018\/04\/FOTO-ESPECTACLE-MANUEL-DE-PEDROLO-300x200.jpg 300w, https:\/\/bisbalpenedes.com\/web\/wp-content\/uploads\/2018\/04\/FOTO-ESPECTACLE-MANUEL-DE-PEDROLO-768x512.jpg 768w\" sizes=\"(max-width: 630px) 100vw, 630px\" \/><\/a><\/p>\n<p style=\"text-align: justify;\"><strong>CASTELLANO |\u00a0<\/strong>Este lunes 23 de abril ha tenido lugar la entrega de premios del Concurso Literario de Sant Jordi de la Bisbal, un certamen que este a\u00f1o ha llegado a su decima edici\u00f3n. Al concurso, se han presentado un total de 18 obras: 10 de prosa y 8 de poes\u00eda. Entre los autores hab\u00eda 5 penedesencs, 3 bisbalencs y 10 de otros puntos de Catalunya, como por ejemplo Sant Carles de la R\u00e0pita, Malgrat de Mar, Sant Joan de les Abadesses, Santa Margarida de Montbui o Arb\u00facies.<\/p>\n<p style=\"text-align: justify;\"><a href=\"http:\/\/bisbalpenedes.com\/web\/wp-content\/uploads\/2018\/04\/Foto-23-4-18-17-39-24.jpg\"><img loading=\"lazy\" class=\"aligncenter size-medium wp-image-5563\" src=\"http:\/\/bisbalpenedes.com\/web\/wp-content\/uploads\/2018\/04\/Foto-23-4-18-17-39-24-300x200.jpg\" alt=\"agnes i judit concurs literari\" width=\"300\" height=\"200\" srcset=\"https:\/\/bisbalpenedes.com\/web\/wp-content\/uploads\/2018\/04\/Foto-23-4-18-17-39-24-300x200.jpg 300w, https:\/\/bisbalpenedes.com\/web\/wp-content\/uploads\/2018\/04\/Foto-23-4-18-17-39-24-600x400.jpg 600w, https:\/\/bisbalpenedes.com\/web\/wp-content\/uploads\/2018\/04\/Foto-23-4-18-17-39-24-768x512.jpg 768w, https:\/\/bisbalpenedes.com\/web\/wp-content\/uploads\/2018\/04\/Foto-23-4-18-17-39-24-1024x683.jpg 1024w\" sizes=\"(max-width: 300px) 100vw, 300px\" \/><\/a><\/p>\n<p style=\"text-align: justify;\">Los ganadores del concurso de este a\u00f1o han sido:<\/p>\n<ul style=\"text-align: justify;\">\n<li><strong>1\u00ba premio: Oriol Sol\u00e0 i Prat (Santa Margarida de Montbui) con \u2018Hi veig, encara\u2019 <\/strong><\/li>\n<\/ul>\n<p style=\"text-align: justify;\">El premio consist\u00eda en 200 euros, un lote de libros y un diploma conmemorativo<\/p>\n<p style=\"text-align: justify;\"><a href=\"http:\/\/bisbalpenedes.com\/web\/wp-content\/uploads\/2018\/04\/ORIOL-SOLA-1R-PREMI.jpg\"><img loading=\"lazy\" class=\"aligncenter size-thumbnail wp-image-5557\" src=\"http:\/\/bisbalpenedes.com\/web\/wp-content\/uploads\/2018\/04\/ORIOL-SOLA-1R-PREMI-150x150.jpg\" alt=\"ORIOL SOLA - 1R PREMI\" width=\"150\" height=\"150\" srcset=\"https:\/\/bisbalpenedes.com\/web\/wp-content\/uploads\/2018\/04\/ORIOL-SOLA-1R-PREMI-150x150.jpg 150w, https:\/\/bisbalpenedes.com\/web\/wp-content\/uploads\/2018\/04\/ORIOL-SOLA-1R-PREMI-300x300.jpg 300w, https:\/\/bisbalpenedes.com\/web\/wp-content\/uploads\/2018\/04\/ORIOL-SOLA-1R-PREMI-100x100.jpg 100w\" sizes=\"(max-width: 150px) 100vw, 150px\" \/><\/a><\/p>\n<p style=\"text-align: justify;\"><a href=\"http:\/\/bisbalpenedes.com\/web\/wp-content\/uploads\/2018\/04\/1_hi_veig_encara_fragment_pre.jpg\"><img loading=\"lazy\" class=\"aligncenter size-large wp-image-5567\" src=\"http:\/\/bisbalpenedes.com\/web\/wp-content\/uploads\/2018\/04\/1_hi_veig_encara_fragment_pre-1024x751.jpg\" alt=\"1_hi_veig_encara_fragment_pre\" width=\"630\" height=\"462\" srcset=\"https:\/\/bisbalpenedes.com\/web\/wp-content\/uploads\/2018\/04\/1_hi_veig_encara_fragment_pre-1024x751.jpg 1024w, https:\/\/bisbalpenedes.com\/web\/wp-content\/uploads\/2018\/04\/1_hi_veig_encara_fragment_pre-600x440.jpg 600w, https:\/\/bisbalpenedes.com\/web\/wp-content\/uploads\/2018\/04\/1_hi_veig_encara_fragment_pre-300x220.jpg 300w, https:\/\/bisbalpenedes.com\/web\/wp-content\/uploads\/2018\/04\/1_hi_veig_encara_fragment_pre-768x563.jpg 768w\" sizes=\"(max-width: 630px) 100vw, 630px\" \/><\/a><\/p>\n<ul style=\"text-align: justify;\">\n<li><strong>2\u00ba premio: Guifr\u00e9 Miguel i Fageda (Sant Joan de les Abadesses) con \u2018Terra a la vista\u2019 <\/strong><\/li>\n<\/ul>\n<p style=\"text-align: justify;\">El premio consist\u00eda en 150 euros, un lote de libros y un diploma conmemorativo.<\/p>\n<p style=\"text-align: justify;\"><a href=\"http:\/\/bisbalpenedes.com\/web\/wp-content\/uploads\/2018\/04\/GUIFRE-MIGUEL-2N-PREMI.jpg\"><img loading=\"lazy\" class=\"aligncenter size-thumbnail wp-image-5558\" src=\"http:\/\/bisbalpenedes.com\/web\/wp-content\/uploads\/2018\/04\/GUIFRE-MIGUEL-2N-PREMI-150x150.jpg\" alt=\"GUIFRE MIGUEL - 2N PREMI\" width=\"150\" height=\"150\" srcset=\"https:\/\/bisbalpenedes.com\/web\/wp-content\/uploads\/2018\/04\/GUIFRE-MIGUEL-2N-PREMI-150x150.jpg 150w, https:\/\/bisbalpenedes.com\/web\/wp-content\/uploads\/2018\/04\/GUIFRE-MIGUEL-2N-PREMI-300x300.jpg 300w, https:\/\/bisbalpenedes.com\/web\/wp-content\/uploads\/2018\/04\/GUIFRE-MIGUEL-2N-PREMI-100x100.jpg 100w\" sizes=\"(max-width: 150px) 100vw, 150px\" \/><\/a><\/p>\n<p style=\"text-align: justify;\"><a href=\"http:\/\/bisbalpenedes.com\/web\/wp-content\/uploads\/2018\/04\/2_terra_vista_fragment_pre.jpg\"><img loading=\"lazy\" class=\"aligncenter size-large wp-image-5568\" src=\"http:\/\/bisbalpenedes.com\/web\/wp-content\/uploads\/2018\/04\/2_terra_vista_fragment_pre-1024x751.jpg\" alt=\"2_terra_vista_fragment_pre\" width=\"630\" height=\"462\" srcset=\"https:\/\/bisbalpenedes.com\/web\/wp-content\/uploads\/2018\/04\/2_terra_vista_fragment_pre-1024x751.jpg 1024w, https:\/\/bisbalpenedes.com\/web\/wp-content\/uploads\/2018\/04\/2_terra_vista_fragment_pre-600x440.jpg 600w, https:\/\/bisbalpenedes.com\/web\/wp-content\/uploads\/2018\/04\/2_terra_vista_fragment_pre-300x220.jpg 300w, https:\/\/bisbalpenedes.com\/web\/wp-content\/uploads\/2018\/04\/2_terra_vista_fragment_pre-768x563.jpg 768w\" sizes=\"(max-width: 630px) 100vw, 630px\" \/><\/a><\/p>\n<ul style=\"text-align: justify;\">\n<li><strong>3\u00ba premio: \u00c0ngels Gimeno (Barcelona) con \u2018L\u2019abric vermell\u2019 <\/strong><\/li>\n<\/ul>\n<p style=\"text-align: justify;\">El premio consist\u00eda en 100 euros, un lote de libros y un diploma conmemorativo.<\/p>\n<p style=\"text-align: justify;\"><a href=\"http:\/\/bisbalpenedes.com\/web\/wp-content\/uploads\/2018\/04\/ANGELS-GIMENO-3R-PREMI.jpg\"><img loading=\"lazy\" class=\"aligncenter size-thumbnail wp-image-5559\" src=\"http:\/\/bisbalpenedes.com\/web\/wp-content\/uploads\/2018\/04\/ANGELS-GIMENO-3R-PREMI-150x150.jpg\" alt=\"ANGELS GIMENO - 3R PREMI\" width=\"150\" height=\"150\" srcset=\"https:\/\/bisbalpenedes.com\/web\/wp-content\/uploads\/2018\/04\/ANGELS-GIMENO-3R-PREMI-150x150.jpg 150w, https:\/\/bisbalpenedes.com\/web\/wp-content\/uploads\/2018\/04\/ANGELS-GIMENO-3R-PREMI-300x300.jpg 300w, https:\/\/bisbalpenedes.com\/web\/wp-content\/uploads\/2018\/04\/ANGELS-GIMENO-3R-PREMI-100x100.jpg 100w\" sizes=\"(max-width: 150px) 100vw, 150px\" \/><\/a><\/p>\n<p style=\"text-align: justify;\"><a href=\"http:\/\/bisbalpenedes.com\/web\/wp-content\/uploads\/2018\/04\/3_abric_vermell_fragment_pre.jpg\"><img loading=\"lazy\" class=\"aligncenter size-large wp-image-5569\" src=\"http:\/\/bisbalpenedes.com\/web\/wp-content\/uploads\/2018\/04\/3_abric_vermell_fragment_pre-1024x751.jpg\" alt=\"3_abric_vermell_fragment_pre\" width=\"630\" height=\"462\" srcset=\"https:\/\/bisbalpenedes.com\/web\/wp-content\/uploads\/2018\/04\/3_abric_vermell_fragment_pre-1024x751.jpg 1024w, https:\/\/bisbalpenedes.com\/web\/wp-content\/uploads\/2018\/04\/3_abric_vermell_fragment_pre-600x440.jpg 600w, https:\/\/bisbalpenedes.com\/web\/wp-content\/uploads\/2018\/04\/3_abric_vermell_fragment_pre-300x220.jpg 300w, https:\/\/bisbalpenedes.com\/web\/wp-content\/uploads\/2018\/04\/3_abric_vermell_fragment_pre-768x563.jpg 768w\" sizes=\"(max-width: 630px) 100vw, 630px\" \/><\/a><\/p>\n<ul style=\"text-align: justify;\">\n<li><strong>4\u00ba premio Acc\u00e9sit Premio Especial ADB<\/strong> (para obras de tem\u00e1tica bisbalense): <strong>Marc Casellas Sequera (Les Peces-Albinyana)<\/strong> <strong>con \u2018Pau Ma\u00f1\u00e9: terra i sang. Una hist\u00f2ria de la Bisbal\u2019. <\/strong><\/li>\n<\/ul>\n<p style=\"text-align: justify;\">El premio estaba dotado con 300 euros.<\/p>\n<p style=\"text-align: justify;\"><a href=\"http:\/\/bisbalpenedes.com\/web\/wp-content\/uploads\/2018\/04\/MARC-CASELLAS-PREMI-ADB.jpg\"><img loading=\"lazy\" class=\"aligncenter size-thumbnail wp-image-5560\" src=\"http:\/\/bisbalpenedes.com\/web\/wp-content\/uploads\/2018\/04\/MARC-CASELLAS-PREMI-ADB-150x150.jpg\" alt=\"MARC CASELLAS- PREMI ADB\" width=\"150\" height=\"150\" srcset=\"https:\/\/bisbalpenedes.com\/web\/wp-content\/uploads\/2018\/04\/MARC-CASELLAS-PREMI-ADB-150x150.jpg 150w, https:\/\/bisbalpenedes.com\/web\/wp-content\/uploads\/2018\/04\/MARC-CASELLAS-PREMI-ADB-300x300.jpg 300w, https:\/\/bisbalpenedes.com\/web\/wp-content\/uploads\/2018\/04\/MARC-CASELLAS-PREMI-ADB-100x100.jpg 100w\" sizes=\"(max-width: 150px) 100vw, 150px\" \/><\/a><\/p>\n<p style=\"text-align: justify;\"><a href=\"http:\/\/bisbalpenedes.com\/web\/wp-content\/uploads\/2018\/04\/adb_terra_sang_fragment_pre.jpg\"><img loading=\"lazy\" class=\"aligncenter size-large wp-image-5570\" src=\"http:\/\/bisbalpenedes.com\/web\/wp-content\/uploads\/2018\/04\/adb_terra_sang_fragment_pre-1024x751.jpg\" alt=\"adb_terra_sang_fragment_pre\" width=\"630\" height=\"462\" srcset=\"https:\/\/bisbalpenedes.com\/web\/wp-content\/uploads\/2018\/04\/adb_terra_sang_fragment_pre-1024x751.jpg 1024w, https:\/\/bisbalpenedes.com\/web\/wp-content\/uploads\/2018\/04\/adb_terra_sang_fragment_pre-600x440.jpg 600w, https:\/\/bisbalpenedes.com\/web\/wp-content\/uploads\/2018\/04\/adb_terra_sang_fragment_pre-300x220.jpg 300w, https:\/\/bisbalpenedes.com\/web\/wp-content\/uploads\/2018\/04\/adb_terra_sang_fragment_pre-768x563.jpg 768w\" sizes=\"(max-width: 630px) 100vw, 630px\" \/><\/a><\/p>\n<p style=\"text-align: justify;\">El Acc\u00e9sit Premio Especial ADB lleva el nombre de la asociaci\u00f3n que cre\u00f3 el concurso y lo organiz\u00f3 durante ocho a\u00f1os. Desde el a\u00f1o pasado el certamen se organiza desde la Concejal\u00eda de Cultura pero el Ayuntamiento ha querido rendir un homenaje al trabajo que se hizo desde la entidad creando el acc\u00e9sit especial. Adem\u00e1s, durante la entrega de premios el Ayuntamiento proyect\u00f3 varias fotograf\u00edas de los concursos anteriores y obsequi\u00f3 con ramos de flores a los miembros de la ADB que asistieron al acto.<\/p>\n<p style=\"text-align: justify;\"><a href=\"http:\/\/bisbalpenedes.com\/web\/wp-content\/uploads\/2018\/04\/FOTO-AMB-PREMIATS-JURAT-ALCALDESA-REGIDORA-I-MEMBRES-DE-LADB.jpg\"><img loading=\"lazy\" class=\"aligncenter size-large wp-image-5561\" src=\"http:\/\/bisbalpenedes.com\/web\/wp-content\/uploads\/2018\/04\/FOTO-AMB-PREMIATS-JURAT-ALCALDESA-REGIDORA-I-MEMBRES-DE-LADB-1024x683.jpg\" alt=\"FOTO AMB PREMIATS, JURAT ALCALDESA REGIDORA I MEMBRES DE L'ADB\" width=\"630\" height=\"420\" srcset=\"https:\/\/bisbalpenedes.com\/web\/wp-content\/uploads\/2018\/04\/FOTO-AMB-PREMIATS-JURAT-ALCALDESA-REGIDORA-I-MEMBRES-DE-LADB-1024x683.jpg 1024w, https:\/\/bisbalpenedes.com\/web\/wp-content\/uploads\/2018\/04\/FOTO-AMB-PREMIATS-JURAT-ALCALDESA-REGIDORA-I-MEMBRES-DE-LADB-600x400.jpg 600w, https:\/\/bisbalpenedes.com\/web\/wp-content\/uploads\/2018\/04\/FOTO-AMB-PREMIATS-JURAT-ALCALDESA-REGIDORA-I-MEMBRES-DE-LADB-300x200.jpg 300w, https:\/\/bisbalpenedes.com\/web\/wp-content\/uploads\/2018\/04\/FOTO-AMB-PREMIATS-JURAT-ALCALDESA-REGIDORA-I-MEMBRES-DE-LADB-768x512.jpg 768w\" sizes=\"(max-width: 630px) 100vw, 630px\" \/><\/a><\/p>\n<p style=\"text-align: justify;\">En finalizar la entrega de premios, el p\u00fablico pudo disfrutar del espect\u00e1culo po\u00e9tico-musical \u2018Mai no \u00e9s de nit\u2019 a cargo de Jaume Calatayud y Vicente Monera, dedicado a Manuel de Pedrolo con motivo de los 100 a\u00f1os de su nacimiento.<a href=\"http:\/\/bisbalpenedes.com\/web\/wp-content\/uploads\/2018\/04\/FOTO-ESPECTACLE-MANUEL-DE-PEDROLO.jpg\"><br \/>\n<\/a><\/p>\n<p style=\"text-align: justify;\"><a href=\"http:\/\/bisbalpenedes.com\/web\/wp-content\/uploads\/2018\/04\/FOTO-ESPECTACLE-MANUEL-DE-PEDROLO.jpg\"><img loading=\"lazy\" class=\"aligncenter size-large wp-image-5562\" src=\"http:\/\/bisbalpenedes.com\/web\/wp-content\/uploads\/2018\/04\/FOTO-ESPECTACLE-MANUEL-DE-PEDROLO-1024x683.jpg\" alt=\"FOTO ESPECTACLE MANUEL DE PEDROLO\" width=\"630\" height=\"420\" srcset=\"https:\/\/bisbalpenedes.com\/web\/wp-content\/uploads\/2018\/04\/FOTO-ESPECTACLE-MANUEL-DE-PEDROLO-1024x683.jpg 1024w, https:\/\/bisbalpenedes.com\/web\/wp-content\/uploads\/2018\/04\/FOTO-ESPECTACLE-MANUEL-DE-PEDROLO-600x400.jpg 600w, https:\/\/bisbalpenedes.com\/web\/wp-content\/uploads\/2018\/04\/FOTO-ESPECTACLE-MANUEL-DE-PEDROLO-300x200.jpg 300w, https:\/\/bisbalpenedes.com\/web\/wp-content\/uploads\/2018\/04\/FOTO-ESPECTACLE-MANUEL-DE-PEDROLO-768x512.jpg 768w\" sizes=\"(max-width: 630px) 100vw, 630px\" \/><\/a><\/p>\n","protected":false},"excerpt":{"rendered":"<p>CATAL\u00c0 | Aquest dilluns 23 d\u2019abril ha tingut lloc l\u2019entrega de premis del Concurs Literari de Sant Jordi de la Bisbal, un certament que enguany ha arribat a la seva &hellip; <a href=\"https:\/\/bisbalpenedes.com\/web\/2018\/04\/25\/oriol-sola-guanya-el-primer-premi-del-concurs-literari-i-marc-casellas-laccessit-especial-adb\/\" class=\"more-link\">Read More<\/a><\/p>\n","protected":false},"author":4,"featured_media":5564,"comment_status":"closed","ping_status":"closed","sticky":false,"template":"","format":"standard","meta":[],"categories":[13],"tags":[1717,344,1633,338,1718,340,1682,1641,1716,342,178,341,1686],"_links":{"self":[{"href":"https:\/\/bisbalpenedes.com\/web\/wp-json\/wp\/v2\/posts\/5555"}],"collection":[{"href":"https:\/\/bisbalpenedes.com\/web\/wp-json\/wp\/v2\/posts"}],"about":[{"href":"https:\/\/bisbalpenedes.com\/web\/wp-json\/wp\/v2\/types\/post"}],"author":[{"embeddable":true,"href":"https:\/\/bisbalpenedes.com\/web\/wp-json\/wp\/v2\/users\/4"}],"replies":[{"embeddable":true,"href":"https:\/\/bisbalpenedes.com\/web\/wp-json\/wp\/v2\/comments?post=5555"}],"version-history":[{"count":3,"href":"https:\/\/bisbalpenedes.com\/web\/wp-json\/wp\/v2\/posts\/5555\/revisions"}],"predecessor-version":[{"id":5571,"href":"https:\/\/bisbalpenedes.com\/web\/wp-json\/wp\/v2\/posts\/5555\/revisions\/5571"}],"wp:featuredmedia":[{"embeddable":true,"href":"https:\/\/bisbalpenedes.com\/web\/wp-json\/wp\/v2\/media\/5564"}],"wp:attachment":[{"href":"https:\/\/bisbalpenedes.com\/web\/wp-json\/wp\/v2\/media?parent=5555"}],"wp:term":[{"taxonomy":"category","embeddable":true,"href":"https:\/\/bisbalpenedes.com\/web\/wp-json\/wp\/v2\/categories?post=5555"},{"taxonomy":"post_tag","embeddable":true,"href":"https:\/\/bisbalpenedes.com\/web\/wp-json\/wp\/v2\/tags?post=5555"}],"curies":[{"name":"wp","href":"https:\/\/api.w.org\/{rel}","templated":true}]}}