{"id":5550,"date":"2018-04-25T11:36:36","date_gmt":"2018-04-25T10:36:36","guid":{"rendered":"http:\/\/bisbalpenedes.com\/web\/?p=5550"},"modified":"2018-04-25T12:30:50","modified_gmt":"2018-04-25T11:30:50","slug":"el-dia-12-de-maig-celebrarem-leuropean-clean-up-day-tapuntes","status":"publish","type":"post","link":"https:\/\/bisbalpenedes.com\/web\/2018\/04\/25\/el-dia-12-de-maig-celebrarem-leuropean-clean-up-day-tapuntes\/","title":{"rendered":"El dia 12 de maig celebrarem l&#8217;European Clean Up Day"},"content":{"rendered":"<p style=\"line-height: 14.25pt; background: white; text-align: justify;\"><a href=\"http:\/\/bisbalpenedes.com\/web\/wp-content\/uploads\/2018\/02\/18486016_1841305436087314_5616939869053968244_n.jpg\"><img loading=\"lazy\" class=\"aligncenter size-medium wp-image-4767\" src=\"http:\/\/bisbalpenedes.com\/web\/wp-content\/uploads\/2018\/02\/18486016_1841305436087314_5616939869053968244_n-300x225.jpg\" alt=\"18486016_1841305436087314_5616939869053968244_n\" width=\"300\" height=\"225\" srcset=\"https:\/\/bisbalpenedes.com\/web\/wp-content\/uploads\/2018\/02\/18486016_1841305436087314_5616939869053968244_n-300x225.jpg 300w, https:\/\/bisbalpenedes.com\/web\/wp-content\/uploads\/2018\/02\/18486016_1841305436087314_5616939869053968244_n-600x450.jpg 600w, https:\/\/bisbalpenedes.com\/web\/wp-content\/uploads\/2018\/02\/18486016_1841305436087314_5616939869053968244_n-768x576.jpg 768w, https:\/\/bisbalpenedes.com\/web\/wp-content\/uploads\/2018\/02\/18486016_1841305436087314_5616939869053968244_n.jpg 960w\" sizes=\"(max-width: 300px) 100vw, 300px\" \/><\/a><\/p>\n<p style=\"line-height: 14.25pt; background: white; text-align: justify;\"><span style=\"font-size: 10pt; font-family: Arial, sans-serif; color: #000000;\"><strong>CATAL\u00c0<\/strong> | La Bisbal del Pened\u00e8s s\u2019adhereix per tercer any consecutiu a l\u2019European Clean Up Day, una operaci\u00f3 de neteja que es du a terme a tota Europa amb la finalitat de sensibilitzar en termes de protecci\u00f3 de medi ambient, crear consci\u00e8ncia sobre la quantitat de residus que llencem de forma incontrolada a la natura i combatre els comportaments inc\u00edvics amb el nostre entorn.<\/span><\/p>\n<p style=\"line-height: 14.25pt; background: white; text-align: justify;\"><span style=\"font-size: 10pt; font-family: Arial, sans-serif; color: #000000;\">L\u2019acci\u00f3, organitzada des de la Regidoria de Medi Ambient, consisteix en netejar un espai natural. El primer any es va netejar una franja forestal que es va fer en una part del torrent que passa pel Priorat de la Bisbal, l\u2019any passat es va netejar el cam\u00ed del Priorat i enguany, com a novetat, es va proposar a la ciutadania que tri\u00e9s el lloc on es faria la neteja i el lloc triat ha estat el torrent, \u00e9s a dir, la riera de la Bisbal al seu pas pel nucli del municipi.<\/span><\/p>\n<p style=\"line-height: 14.25pt; background: white; text-align: justify;\"><span style=\"font-size: 10pt; font-family: Arial, sans-serif; color: #000000;\"><strong>L\u2019activitat es dur\u00e0 a terme el dissabte 12 de maig a les 11 del mat\u00ed<\/strong> i est\u00e0 inclosa dins de la Setmana Europea de la Prevenci\u00f3 de Residus, que persegueix els objectius de conscienciar sobre la import\u00e0ncia de la prevenci\u00f3 i la bona gesti\u00f3 dels residus i fer pedagogia sobre tot all\u00f2 que es pot fer per reduir la quantitat de residus generats, potenciant la reutilitzaci\u00f3 i el reciclatge entre la ciutadania. <\/span><\/p>\n<p style=\"line-height: 14.25pt; background: white; text-align: justify;\"><span style=\"font-size: 10pt; font-family: Arial, sans-serif; color: #000000;\">Us animem a participar en aquesta jornada volunt\u00e0ria el dissabte 12 de maig. <strong>Ens trobarem a les 11h del mat\u00ed a la pista d\u2019skate i us facilitarem el material per poder dur a terme la neteja. La durada aproximada \u00e9s de dues hores i no cal inscripci\u00f3 pr\u00e8via.<\/strong> Us hi esperem!<\/span><\/p>\n<p style=\"line-height: 14.25pt; background: white; text-align: justify;\"><span style=\"font-size: 10pt; font-family: Arial, sans-serif; color: #000000;\">&#8211;<\/span><\/p>\n<p style=\"line-height: 14.25pt; background: white; text-align: justify;\"><span style=\"font-size: 10pt; font-family: Arial, sans-serif; color: #000000;\"><strong>CASTELLANO<\/strong> | La Bisbal del Pened\u00e8s se adhiere por tercer a\u00f1o consecutivo al European Clean Up Day, una operaci\u00f3n de limpieza que se lleva a cabo en toda Europa con la finalidad de sensibilizar en t\u00e9rminos de protecci\u00f3n del medio ambiente, crear consciencia sobre la cantidad de residuos que vertemos de forma incontrolada en la naturaleza y combatir los comportamientos inc\u00edvicos en nuestro entorno.<\/span><\/p>\n<p style=\"line-height: 14.25pt; background: white; text-align: justify;\"><span style=\"font-size: 10pt; font-family: Arial, sans-serif; color: #000000;\">La acci\u00f3n, organizada desde la Concejal\u00eda de Medio Ambiente, consiste en limpiar un espacio natural. El primer a\u00f1o se limpi\u00f3 la franja forestal que se hizo en una parte del torrente que pasa por el Priorato de la Bisbal, el a\u00f1o pasado se limpi\u00f3 el camino del Priorat y este a\u00f1o, como novedad, se propuso a la ciudadan\u00eda que escogiese el sitio donde se har\u00eda la limpieza y el sitio elegido ha sido el torrente, es decir, la riera de la Bisbal a su paso por el n\u00facleo del municipio.<\/span><\/p>\n<p style=\"line-height: 14.25pt; background: white; text-align: justify;\"><span style=\"font-size: 10pt; font-family: Arial, sans-serif; color: #000000;\"><strong>La actividad se llevar\u00e1 a cabo el s\u00e1bado 12 de mayo a las 11 de la ma\u00f1ana<\/strong> y est\u00e1 incluida dentro de la Semana Europea de la Prevenci\u00f3n de Residuos, que persigue los objetivos de concienciar sobre la importancia de la prevenci\u00f3n y la buena gesti\u00f3n de los residuos y hacer pedagog\u00eda sobre todo aquello que se puede hacer para reducir la cantidad de residuos generados, potenciando la reutilizaci\u00f3n y el reciclaje entre la ciudadan\u00eda.<\/span><\/p>\n<p style=\"line-height: 14.25pt; background: white; text-align: justify;\"><span style=\"font-size: 10pt; font-family: Arial, sans-serif; color: #000000;\">Os animamos a participar en esta jornada voluntaria el s\u00e1bado 12 de mayo. <strong>Nos encontraremos a las 11h de la ma\u00f1ana en la pista de skate y os facilitaremos el material para poder llevar a cabo la limpieza. La duraci\u00f3n aproximada de la actividad son dos horas y no hace falta inscripci\u00f3n previa.<\/strong> Os esperamos!<\/span><\/p>\n","protected":false},"excerpt":{"rendered":"<p>CATAL\u00c0 | La Bisbal del Pened\u00e8s s\u2019adhereix per tercer any consecutiu a l\u2019European Clean Up Day, una operaci\u00f3 de neteja que es du a terme a tota Europa amb la &hellip; <a href=\"https:\/\/bisbalpenedes.com\/web\/2018\/04\/25\/el-dia-12-de-maig-celebrarem-leuropean-clean-up-day-tapuntes\/\" class=\"more-link\">Read More<\/a><\/p>\n","protected":false},"author":4,"featured_media":4767,"comment_status":"closed","ping_status":"closed","sticky":false,"template":"","format":"standard","meta":[],"categories":[32],"tags":[1713,1714,220,361,1182,1715,1679],"_links":{"self":[{"href":"https:\/\/bisbalpenedes.com\/web\/wp-json\/wp\/v2\/posts\/5550"}],"collection":[{"href":"https:\/\/bisbalpenedes.com\/web\/wp-json\/wp\/v2\/posts"}],"about":[{"href":"https:\/\/bisbalpenedes.com\/web\/wp-json\/wp\/v2\/types\/post"}],"author":[{"embeddable":true,"href":"https:\/\/bisbalpenedes.com\/web\/wp-json\/wp\/v2\/users\/4"}],"replies":[{"embeddable":true,"href":"https:\/\/bisbalpenedes.com\/web\/wp-json\/wp\/v2\/comments?post=5550"}],"version-history":[{"count":4,"href":"https:\/\/bisbalpenedes.com\/web\/wp-json\/wp\/v2\/posts\/5550\/revisions"}],"predecessor-version":[{"id":5554,"href":"https:\/\/bisbalpenedes.com\/web\/wp-json\/wp\/v2\/posts\/5550\/revisions\/5554"}],"wp:featuredmedia":[{"embeddable":true,"href":"https:\/\/bisbalpenedes.com\/web\/wp-json\/wp\/v2\/media\/4767"}],"wp:attachment":[{"href":"https:\/\/bisbalpenedes.com\/web\/wp-json\/wp\/v2\/media?parent=5550"}],"wp:term":[{"taxonomy":"category","embeddable":true,"href":"https:\/\/bisbalpenedes.com\/web\/wp-json\/wp\/v2\/categories?post=5550"},{"taxonomy":"post_tag","embeddable":true,"href":"https:\/\/bisbalpenedes.com\/web\/wp-json\/wp\/v2\/tags?post=5550"}],"curies":[{"name":"wp","href":"https:\/\/api.w.org\/{rel}","templated":true}]}}