{"id":5523,"date":"2018-04-22T20:54:22","date_gmt":"2018-04-22T19:54:22","guid":{"rendered":"http:\/\/bisbalpenedes.com\/web\/?p=5523"},"modified":"2018-04-24T14:53:48","modified_gmt":"2018-04-24T13:53:48","slug":"aquest-diumenge-shan-entregat-els-premis-del-concurs-literari-infantil-de-sant-jordi","status":"publish","type":"post","link":"https:\/\/bisbalpenedes.com\/web\/2018\/04\/22\/aquest-diumenge-shan-entregat-els-premis-del-concurs-literari-infantil-de-sant-jordi\/","title":{"rendered":"Aquest diumenge s&#8217;han entregat els premis del Concurs Literari Infantil de Sant Jordi"},"content":{"rendered":"<p>Aquest diumenge 22 d&#8217;abril, al mat\u00ed, ha tingut lloc l&#8217;entrega dels premis del Concurs Literari Infantil de Sant Jordi, en el qual hi han participat els i les alumnes de l&#8217;Escola Ull de Vent. Els premiats i les premiades han estat:<\/p>\n<p>Este domingo 22 de abril, por la ma\u00f1ana, ha tenido lugar la entrega de los premios del Concurso Literario Infantil de Sant Jordi, en el cual han participado los alumnos y las alumnas de la Escola Ull de Vent. Los premiados y las premiadas han sido:<\/p>\n<p style=\"text-align: center;\">p3A: Alexandre Zorin i Chlo\u00e9 Ferret<\/p>\n<p><a href=\"http:\/\/bisbalpenedes.com\/web\/wp-content\/uploads\/2018\/04\/P3A-ALEXANDRE-ZORIN-I-CHLOE-FERRET.jpg\"><img loading=\"lazy\" class=\"aligncenter size-large wp-image-5524\" src=\"http:\/\/bisbalpenedes.com\/web\/wp-content\/uploads\/2018\/04\/P3A-ALEXANDRE-ZORIN-I-CHLOE-FERRET-1024x683.jpg\" alt=\"P3A - ALEXANDRE ZORIN I CHLOE FERRET\" width=\"630\" height=\"420\" srcset=\"https:\/\/bisbalpenedes.com\/web\/wp-content\/uploads\/2018\/04\/P3A-ALEXANDRE-ZORIN-I-CHLOE-FERRET-1024x683.jpg 1024w, https:\/\/bisbalpenedes.com\/web\/wp-content\/uploads\/2018\/04\/P3A-ALEXANDRE-ZORIN-I-CHLOE-FERRET-600x400.jpg 600w, https:\/\/bisbalpenedes.com\/web\/wp-content\/uploads\/2018\/04\/P3A-ALEXANDRE-ZORIN-I-CHLOE-FERRET-300x200.jpg 300w, https:\/\/bisbalpenedes.com\/web\/wp-content\/uploads\/2018\/04\/P3A-ALEXANDRE-ZORIN-I-CHLOE-FERRET-768x512.jpg 768w\" sizes=\"(max-width: 630px) 100vw, 630px\" \/><\/a><\/p>\n<p style=\"text-align: center;\">P4: Marc Portals i Claudia Rold\u00e1n<\/p>\n<p style=\"text-align: center;\"><a href=\"http:\/\/bisbalpenedes.com\/web\/wp-content\/uploads\/2018\/04\/P4-MARC-PORTALS-I-CLAUDIA-ROLDAN.jpg\"><img loading=\"lazy\" class=\"aligncenter size-large wp-image-5525\" src=\"http:\/\/bisbalpenedes.com\/web\/wp-content\/uploads\/2018\/04\/P4-MARC-PORTALS-I-CLAUDIA-ROLDAN-1024x683.jpg\" alt=\"P4 MARC PORTALS I CLAUDIA ROLDAN\" width=\"630\" height=\"420\" srcset=\"https:\/\/bisbalpenedes.com\/web\/wp-content\/uploads\/2018\/04\/P4-MARC-PORTALS-I-CLAUDIA-ROLDAN-1024x683.jpg 1024w, https:\/\/bisbalpenedes.com\/web\/wp-content\/uploads\/2018\/04\/P4-MARC-PORTALS-I-CLAUDIA-ROLDAN-600x400.jpg 600w, https:\/\/bisbalpenedes.com\/web\/wp-content\/uploads\/2018\/04\/P4-MARC-PORTALS-I-CLAUDIA-ROLDAN-300x200.jpg 300w, https:\/\/bisbalpenedes.com\/web\/wp-content\/uploads\/2018\/04\/P4-MARC-PORTALS-I-CLAUDIA-ROLDAN-768x512.jpg 768w\" sizes=\"(max-width: 630px) 100vw, 630px\" \/><\/a><\/p>\n<p style=\"text-align: center;\">P5A: Natalia L\u00f3pez i Emma Amaro<\/p>\n<p style=\"text-align: center;\"><a href=\"http:\/\/bisbalpenedes.com\/web\/wp-content\/uploads\/2018\/04\/P5A-NATALIA-LOPEZ-I-EMMA-AMARO.jpg\"><img loading=\"lazy\" class=\"aligncenter size-large wp-image-5526\" src=\"http:\/\/bisbalpenedes.com\/web\/wp-content\/uploads\/2018\/04\/P5A-NATALIA-LOPEZ-I-EMMA-AMARO-1024x683.jpg\" alt=\"P5A NATALIA LOPEZ I EMMA AMARO\" width=\"630\" height=\"420\" srcset=\"https:\/\/bisbalpenedes.com\/web\/wp-content\/uploads\/2018\/04\/P5A-NATALIA-LOPEZ-I-EMMA-AMARO-1024x683.jpg 1024w, https:\/\/bisbalpenedes.com\/web\/wp-content\/uploads\/2018\/04\/P5A-NATALIA-LOPEZ-I-EMMA-AMARO-600x400.jpg 600w, https:\/\/bisbalpenedes.com\/web\/wp-content\/uploads\/2018\/04\/P5A-NATALIA-LOPEZ-I-EMMA-AMARO-300x200.jpg 300w, https:\/\/bisbalpenedes.com\/web\/wp-content\/uploads\/2018\/04\/P5A-NATALIA-LOPEZ-I-EMMA-AMARO-768x512.jpg 768w\" sizes=\"(max-width: 630px) 100vw, 630px\" \/><\/a><\/p>\n<p style=\"text-align: center;\">P5B: Rafael P\u00e9rez i Josep Marc Pardo<\/p>\n<p style=\"text-align: center;\"><a href=\"http:\/\/bisbalpenedes.com\/web\/wp-content\/uploads\/2018\/04\/P5B-RAFAEL-PEREZ-I-JOSEP-MARC-PARDO.jpg\"><img loading=\"lazy\" class=\"aligncenter size-large wp-image-5527\" src=\"http:\/\/bisbalpenedes.com\/web\/wp-content\/uploads\/2018\/04\/P5B-RAFAEL-PEREZ-I-JOSEP-MARC-PARDO-1024x683.jpg\" alt=\"P5B RAFAEL PEREZ I JOSEP MARC PARDO\" width=\"630\" height=\"420\" srcset=\"https:\/\/bisbalpenedes.com\/web\/wp-content\/uploads\/2018\/04\/P5B-RAFAEL-PEREZ-I-JOSEP-MARC-PARDO-1024x683.jpg 1024w, https:\/\/bisbalpenedes.com\/web\/wp-content\/uploads\/2018\/04\/P5B-RAFAEL-PEREZ-I-JOSEP-MARC-PARDO-600x400.jpg 600w, https:\/\/bisbalpenedes.com\/web\/wp-content\/uploads\/2018\/04\/P5B-RAFAEL-PEREZ-I-JOSEP-MARC-PARDO-300x200.jpg 300w, https:\/\/bisbalpenedes.com\/web\/wp-content\/uploads\/2018\/04\/P5B-RAFAEL-PEREZ-I-JOSEP-MARC-PARDO-768x512.jpg 768w\" sizes=\"(max-width: 630px) 100vw, 630px\" \/><\/a><\/p>\n<p style=\"text-align: center;\">1A: Eva Mart\u00ednez i Aritz Broto<\/p>\n<p style=\"text-align: center;\"><a href=\"http:\/\/bisbalpenedes.com\/web\/wp-content\/uploads\/2018\/04\/1A-EVA-MARTINEZ-I-ARITZ-BROTO.jpg\"><img loading=\"lazy\" class=\"aligncenter size-large wp-image-5528\" src=\"http:\/\/bisbalpenedes.com\/web\/wp-content\/uploads\/2018\/04\/1A-EVA-MARTINEZ-I-ARITZ-BROTO-1024x683.jpg\" alt=\"1A EVA MARTINEZ I ARITZ BROTO\" width=\"630\" height=\"420\" srcset=\"https:\/\/bisbalpenedes.com\/web\/wp-content\/uploads\/2018\/04\/1A-EVA-MARTINEZ-I-ARITZ-BROTO-1024x683.jpg 1024w, https:\/\/bisbalpenedes.com\/web\/wp-content\/uploads\/2018\/04\/1A-EVA-MARTINEZ-I-ARITZ-BROTO-600x400.jpg 600w, https:\/\/bisbalpenedes.com\/web\/wp-content\/uploads\/2018\/04\/1A-EVA-MARTINEZ-I-ARITZ-BROTO-300x200.jpg 300w, https:\/\/bisbalpenedes.com\/web\/wp-content\/uploads\/2018\/04\/1A-EVA-MARTINEZ-I-ARITZ-BROTO-768x512.jpg 768w\" sizes=\"(max-width: 630px) 100vw, 630px\" \/><\/a><\/p>\n<p style=\"text-align: center;\">1B: Isa\u00efes Candalija i Alba Ma\u00f1\u00e9<\/p>\n<p style=\"text-align: center;\"><a href=\"http:\/\/bisbalpenedes.com\/web\/wp-content\/uploads\/2018\/04\/1B-ISAIES-CANDALIJA-I-ALBA-MAnyE.jpg\"><img loading=\"lazy\" class=\"aligncenter size-large wp-image-5530\" src=\"http:\/\/bisbalpenedes.com\/web\/wp-content\/uploads\/2018\/04\/1B-ISAIES-CANDALIJA-I-ALBA-MAnyE-1024x683.jpg\" alt=\"1B ISAIES CANDALIJA I ALBA MAnyE\" width=\"630\" height=\"420\" srcset=\"https:\/\/bisbalpenedes.com\/web\/wp-content\/uploads\/2018\/04\/1B-ISAIES-CANDALIJA-I-ALBA-MAnyE-1024x683.jpg 1024w, https:\/\/bisbalpenedes.com\/web\/wp-content\/uploads\/2018\/04\/1B-ISAIES-CANDALIJA-I-ALBA-MAnyE-600x400.jpg 600w, https:\/\/bisbalpenedes.com\/web\/wp-content\/uploads\/2018\/04\/1B-ISAIES-CANDALIJA-I-ALBA-MAnyE-300x200.jpg 300w, https:\/\/bisbalpenedes.com\/web\/wp-content\/uploads\/2018\/04\/1B-ISAIES-CANDALIJA-I-ALBA-MAnyE-768x512.jpg 768w\" sizes=\"(max-width: 630px) 100vw, 630px\" \/><\/a><\/p>\n<p style=\"text-align: center;\">2A: Ainhoa Alferez i Xavi P\u00e9rez<\/p>\n<p style=\"text-align: center;\"><a href=\"http:\/\/bisbalpenedes.com\/web\/wp-content\/uploads\/2018\/04\/2A-AINHOA-ALFEREZ-I-XAVI-PEREZ-VIVES.jpg\"><img loading=\"lazy\" class=\"aligncenter size-large wp-image-5531\" src=\"http:\/\/bisbalpenedes.com\/web\/wp-content\/uploads\/2018\/04\/2A-AINHOA-ALFEREZ-I-XAVI-PEREZ-VIVES-1024x683.jpg\" alt=\"2A AINHOA ALFEREZ I XAVI PEREZ VIVES\" width=\"630\" height=\"420\" srcset=\"https:\/\/bisbalpenedes.com\/web\/wp-content\/uploads\/2018\/04\/2A-AINHOA-ALFEREZ-I-XAVI-PEREZ-VIVES-1024x683.jpg 1024w, https:\/\/bisbalpenedes.com\/web\/wp-content\/uploads\/2018\/04\/2A-AINHOA-ALFEREZ-I-XAVI-PEREZ-VIVES-600x400.jpg 600w, https:\/\/bisbalpenedes.com\/web\/wp-content\/uploads\/2018\/04\/2A-AINHOA-ALFEREZ-I-XAVI-PEREZ-VIVES-300x200.jpg 300w, https:\/\/bisbalpenedes.com\/web\/wp-content\/uploads\/2018\/04\/2A-AINHOA-ALFEREZ-I-XAVI-PEREZ-VIVES-768x512.jpg 768w\" sizes=\"(max-width: 630px) 100vw, 630px\" \/><\/a><\/p>\n<p style=\"text-align: center;\">2B: Pol Miguez i Elisabeth Catal\u00e0<\/p>\n<p style=\"text-align: center;\"><a href=\"http:\/\/bisbalpenedes.com\/web\/wp-content\/uploads\/2018\/04\/2NB-POL-MIGUEZ-I-ELISABETH-CATALa.jpg\"><img loading=\"lazy\" class=\"aligncenter size-large wp-image-5533\" src=\"http:\/\/bisbalpenedes.com\/web\/wp-content\/uploads\/2018\/04\/2NB-POL-MIGUEZ-I-ELISABETH-CATALa-1024x683.jpg\" alt=\"2NB POL MIGUEZ I ELISABETH CATALa\" width=\"630\" height=\"420\" srcset=\"https:\/\/bisbalpenedes.com\/web\/wp-content\/uploads\/2018\/04\/2NB-POL-MIGUEZ-I-ELISABETH-CATALa-1024x683.jpg 1024w, https:\/\/bisbalpenedes.com\/web\/wp-content\/uploads\/2018\/04\/2NB-POL-MIGUEZ-I-ELISABETH-CATALa-600x400.jpg 600w, https:\/\/bisbalpenedes.com\/web\/wp-content\/uploads\/2018\/04\/2NB-POL-MIGUEZ-I-ELISABETH-CATALa-300x200.jpg 300w, https:\/\/bisbalpenedes.com\/web\/wp-content\/uploads\/2018\/04\/2NB-POL-MIGUEZ-I-ELISABETH-CATALa-768x512.jpg 768w\" sizes=\"(max-width: 630px) 100vw, 630px\" \/><\/a><\/p>\n<p style=\"text-align: center;\">3A: Ana\u00efs Gonz\u00e1lez i Ania Ferreira<\/p>\n<p style=\"text-align: center;\"><a href=\"http:\/\/bisbalpenedes.com\/web\/wp-content\/uploads\/2018\/04\/3A-ANAiS-GONZALEZ.jpg\"><img loading=\"lazy\" class=\"aligncenter size-large wp-image-5535\" src=\"http:\/\/bisbalpenedes.com\/web\/wp-content\/uploads\/2018\/04\/3A-ANAiS-GONZALEZ-1024x683.jpg\" alt=\"3A ANAiS GONZALEZ\" width=\"630\" height=\"420\" srcset=\"https:\/\/bisbalpenedes.com\/web\/wp-content\/uploads\/2018\/04\/3A-ANAiS-GONZALEZ-1024x683.jpg 1024w, https:\/\/bisbalpenedes.com\/web\/wp-content\/uploads\/2018\/04\/3A-ANAiS-GONZALEZ-600x400.jpg 600w, https:\/\/bisbalpenedes.com\/web\/wp-content\/uploads\/2018\/04\/3A-ANAiS-GONZALEZ-300x200.jpg 300w, https:\/\/bisbalpenedes.com\/web\/wp-content\/uploads\/2018\/04\/3A-ANAiS-GONZALEZ-768x512.jpg 768w\" sizes=\"(max-width: 630px) 100vw, 630px\" \/><\/a><\/p>\n<p style=\"text-align: center;\">3B: Anna S\u00e1nchez i Aina Cruz<\/p>\n<p style=\"text-align: center;\"><a href=\"http:\/\/bisbalpenedes.com\/web\/wp-content\/uploads\/2018\/04\/3B-ANNA-SANCHEZ-I-AINA-CRUZ.jpg\"><img loading=\"lazy\" class=\"aligncenter size-large wp-image-5536\" src=\"http:\/\/bisbalpenedes.com\/web\/wp-content\/uploads\/2018\/04\/3B-ANNA-SANCHEZ-I-AINA-CRUZ-1024x683.jpg\" alt=\"3B ANNA SANCHEZ I AINA CRUZ\" width=\"630\" height=\"420\" srcset=\"https:\/\/bisbalpenedes.com\/web\/wp-content\/uploads\/2018\/04\/3B-ANNA-SANCHEZ-I-AINA-CRUZ-1024x683.jpg 1024w, https:\/\/bisbalpenedes.com\/web\/wp-content\/uploads\/2018\/04\/3B-ANNA-SANCHEZ-I-AINA-CRUZ-600x400.jpg 600w, https:\/\/bisbalpenedes.com\/web\/wp-content\/uploads\/2018\/04\/3B-ANNA-SANCHEZ-I-AINA-CRUZ-300x200.jpg 300w, https:\/\/bisbalpenedes.com\/web\/wp-content\/uploads\/2018\/04\/3B-ANNA-SANCHEZ-I-AINA-CRUZ-768x512.jpg 768w\" sizes=\"(max-width: 630px) 100vw, 630px\" \/><\/a><\/p>\n<p style=\"text-align: center;\">4A: Ivan Balade i Mag\u00ed Vidal<\/p>\n<p style=\"text-align: center;\"><a href=\"http:\/\/bisbalpenedes.com\/web\/wp-content\/uploads\/2018\/04\/4A-IVAN-BALADE-I-MAGI-VIDAL.jpg\"><img loading=\"lazy\" class=\"aligncenter size-large wp-image-5537\" src=\"http:\/\/bisbalpenedes.com\/web\/wp-content\/uploads\/2018\/04\/4A-IVAN-BALADE-I-MAGI-VIDAL-1024x683.jpg\" alt=\"4A IVAN BALADE I MAGI VIDAL\" width=\"630\" height=\"420\" srcset=\"https:\/\/bisbalpenedes.com\/web\/wp-content\/uploads\/2018\/04\/4A-IVAN-BALADE-I-MAGI-VIDAL-1024x683.jpg 1024w, https:\/\/bisbalpenedes.com\/web\/wp-content\/uploads\/2018\/04\/4A-IVAN-BALADE-I-MAGI-VIDAL-600x400.jpg 600w, https:\/\/bisbalpenedes.com\/web\/wp-content\/uploads\/2018\/04\/4A-IVAN-BALADE-I-MAGI-VIDAL-300x200.jpg 300w, https:\/\/bisbalpenedes.com\/web\/wp-content\/uploads\/2018\/04\/4A-IVAN-BALADE-I-MAGI-VIDAL-768x512.jpg 768w\" sizes=\"(max-width: 630px) 100vw, 630px\" \/><\/a><\/p>\n<p style=\"text-align: center;\">4B: Marcel Pita i Clara Vall\u00e9s<\/p>\n<p style=\"text-align: center;\"><a href=\"http:\/\/bisbalpenedes.com\/web\/wp-content\/uploads\/2018\/04\/4B-MARCEL-PITA-I-CLARA-VALLES.jpg\"><img loading=\"lazy\" class=\"aligncenter size-large wp-image-5538\" src=\"http:\/\/bisbalpenedes.com\/web\/wp-content\/uploads\/2018\/04\/4B-MARCEL-PITA-I-CLARA-VALLES-1024x683.jpg\" alt=\"4B MARCEL PITA I CLARA VALLES\" width=\"630\" height=\"420\" srcset=\"https:\/\/bisbalpenedes.com\/web\/wp-content\/uploads\/2018\/04\/4B-MARCEL-PITA-I-CLARA-VALLES-1024x683.jpg 1024w, https:\/\/bisbalpenedes.com\/web\/wp-content\/uploads\/2018\/04\/4B-MARCEL-PITA-I-CLARA-VALLES-600x400.jpg 600w, https:\/\/bisbalpenedes.com\/web\/wp-content\/uploads\/2018\/04\/4B-MARCEL-PITA-I-CLARA-VALLES-300x200.jpg 300w, https:\/\/bisbalpenedes.com\/web\/wp-content\/uploads\/2018\/04\/4B-MARCEL-PITA-I-CLARA-VALLES-768x512.jpg 768w\" sizes=\"(max-width: 630px) 100vw, 630px\" \/><\/a><\/p>\n<p style=\"text-align: center;\">5A: Nil Gameza i Jade Perucho<\/p>\n<p style=\"text-align: center;\"><a href=\"http:\/\/bisbalpenedes.com\/web\/wp-content\/uploads\/2018\/04\/5B-JADE-PERUCHO.jpg\"><img loading=\"lazy\" class=\"aligncenter size-large wp-image-5539\" src=\"http:\/\/bisbalpenedes.com\/web\/wp-content\/uploads\/2018\/04\/5B-JADE-PERUCHO-1024x683.jpg\" alt=\"5B JADE PERUCHO\" width=\"630\" height=\"420\" srcset=\"https:\/\/bisbalpenedes.com\/web\/wp-content\/uploads\/2018\/04\/5B-JADE-PERUCHO-1024x683.jpg 1024w, https:\/\/bisbalpenedes.com\/web\/wp-content\/uploads\/2018\/04\/5B-JADE-PERUCHO-600x400.jpg 600w, https:\/\/bisbalpenedes.com\/web\/wp-content\/uploads\/2018\/04\/5B-JADE-PERUCHO-300x200.jpg 300w, https:\/\/bisbalpenedes.com\/web\/wp-content\/uploads\/2018\/04\/5B-JADE-PERUCHO-768x512.jpg 768w\" sizes=\"(max-width: 630px) 100vw, 630px\" \/><\/a><\/p>\n<p style=\"text-align: center;\">5B: Myriam Alcazar i Manel Carranza<\/p>\n<p style=\"text-align: center;\"><a href=\"http:\/\/bisbalpenedes.com\/web\/wp-content\/uploads\/2018\/04\/5B-MIRIAL-ALCAZAR-I-MANEL-CARRANZA.jpg\"><img loading=\"lazy\" class=\"aligncenter size-large wp-image-5540\" src=\"http:\/\/bisbalpenedes.com\/web\/wp-content\/uploads\/2018\/04\/5B-MIRIAL-ALCAZAR-I-MANEL-CARRANZA-1024x683.jpg\" alt=\"5B MIRIAL ALCAZAR I MANEL CARRANZA\" width=\"630\" height=\"420\" srcset=\"https:\/\/bisbalpenedes.com\/web\/wp-content\/uploads\/2018\/04\/5B-MIRIAL-ALCAZAR-I-MANEL-CARRANZA-1024x683.jpg 1024w, https:\/\/bisbalpenedes.com\/web\/wp-content\/uploads\/2018\/04\/5B-MIRIAL-ALCAZAR-I-MANEL-CARRANZA-600x400.jpg 600w, https:\/\/bisbalpenedes.com\/web\/wp-content\/uploads\/2018\/04\/5B-MIRIAL-ALCAZAR-I-MANEL-CARRANZA-300x200.jpg 300w, https:\/\/bisbalpenedes.com\/web\/wp-content\/uploads\/2018\/04\/5B-MIRIAL-ALCAZAR-I-MANEL-CARRANZA-768x512.jpg 768w\" sizes=\"(max-width: 630px) 100vw, 630px\" \/><\/a><\/p>\n<p style=\"text-align: center;\">6\u00e8: Brian Ortu\u00f1o i Jordi Garc\u00eda<\/p>\n<p style=\"text-align: center;\"><a href=\"http:\/\/bisbalpenedes.com\/web\/wp-content\/uploads\/2018\/04\/6E-BRIAN-ORTUnO-I-JORDI-GARCIA.jpg\"><img loading=\"lazy\" class=\"aligncenter size-large wp-image-5542\" src=\"http:\/\/bisbalpenedes.com\/web\/wp-content\/uploads\/2018\/04\/6E-BRIAN-ORTUnO-I-JORDI-GARCIA-1024x683.jpg\" alt=\"6E BRIAN ORTUnO I JORDI GARCIA\" width=\"630\" height=\"420\" srcset=\"https:\/\/bisbalpenedes.com\/web\/wp-content\/uploads\/2018\/04\/6E-BRIAN-ORTUnO-I-JORDI-GARCIA-1024x683.jpg 1024w, https:\/\/bisbalpenedes.com\/web\/wp-content\/uploads\/2018\/04\/6E-BRIAN-ORTUnO-I-JORDI-GARCIA-600x400.jpg 600w, https:\/\/bisbalpenedes.com\/web\/wp-content\/uploads\/2018\/04\/6E-BRIAN-ORTUnO-I-JORDI-GARCIA-300x200.jpg 300w, https:\/\/bisbalpenedes.com\/web\/wp-content\/uploads\/2018\/04\/6E-BRIAN-ORTUnO-I-JORDI-GARCIA-768x512.jpg 768w\" sizes=\"(max-width: 630px) 100vw, 630px\" \/><\/a><\/p>\n<p style=\"text-align: center;\">En acabar els assistents han gaudit d&#8217;un aperitiu i de l&#8217;espectacle &#8216;La llegenda de Sant Jordi&#8221; de la Cia. Toniton.<\/p>\n<p style=\"text-align: center;\"><a href=\"http:\/\/bisbalpenedes.com\/web\/wp-content\/uploads\/2018\/04\/APERITIU.jpg\"><img loading=\"lazy\" class=\"aligncenter size-large wp-image-5543\" src=\"http:\/\/bisbalpenedes.com\/web\/wp-content\/uploads\/2018\/04\/APERITIU-1024x683.jpg\" alt=\"APERITIU\" width=\"630\" height=\"420\" srcset=\"https:\/\/bisbalpenedes.com\/web\/wp-content\/uploads\/2018\/04\/APERITIU-1024x683.jpg 1024w, https:\/\/bisbalpenedes.com\/web\/wp-content\/uploads\/2018\/04\/APERITIU-600x400.jpg 600w, https:\/\/bisbalpenedes.com\/web\/wp-content\/uploads\/2018\/04\/APERITIU-300x200.jpg 300w, https:\/\/bisbalpenedes.com\/web\/wp-content\/uploads\/2018\/04\/APERITIU-768x512.jpg 768w\" sizes=\"(max-width: 630px) 100vw, 630px\" \/><\/a><\/p>\n<p style=\"text-align: center;\"><a href=\"http:\/\/bisbalpenedes.com\/web\/wp-content\/uploads\/2018\/04\/IMG_5098.jpg\"><img loading=\"lazy\" class=\"aligncenter size-large wp-image-5544\" src=\"http:\/\/bisbalpenedes.com\/web\/wp-content\/uploads\/2018\/04\/IMG_5098-1024x683.jpg\" alt=\"espectacle sant jordi\" width=\"630\" height=\"420\" srcset=\"https:\/\/bisbalpenedes.com\/web\/wp-content\/uploads\/2018\/04\/IMG_5098-1024x683.jpg 1024w, https:\/\/bisbalpenedes.com\/web\/wp-content\/uploads\/2018\/04\/IMG_5098-600x400.jpg 600w, https:\/\/bisbalpenedes.com\/web\/wp-content\/uploads\/2018\/04\/IMG_5098-300x200.jpg 300w, https:\/\/bisbalpenedes.com\/web\/wp-content\/uploads\/2018\/04\/IMG_5098-768x512.jpg 768w\" sizes=\"(max-width: 630px) 100vw, 630px\" \/><\/a><\/p>\n","protected":false},"excerpt":{"rendered":"<p>Aquest diumenge 22 d&#8217;abril, al mat\u00ed, ha tingut lloc l&#8217;entrega dels premis del Concurs Literari Infantil de Sant Jordi, en el qual hi han participat els i les alumnes de &hellip; <a href=\"https:\/\/bisbalpenedes.com\/web\/2018\/04\/22\/aquest-diumenge-shan-entregat-els-premis-del-concurs-literari-infantil-de-sant-jordi\/\" class=\"more-link\">Read More<\/a><\/p>\n","protected":false},"author":4,"featured_media":5540,"comment_status":"closed","ping_status":"closed","sticky":false,"template":"","format":"standard","meta":[],"categories":[13,16],"tags":[1681,1711,338,1712,64,222],"_links":{"self":[{"href":"https:\/\/bisbalpenedes.com\/web\/wp-json\/wp\/v2\/posts\/5523"}],"collection":[{"href":"https:\/\/bisbalpenedes.com\/web\/wp-json\/wp\/v2\/posts"}],"about":[{"href":"https:\/\/bisbalpenedes.com\/web\/wp-json\/wp\/v2\/types\/post"}],"author":[{"embeddable":true,"href":"https:\/\/bisbalpenedes.com\/web\/wp-json\/wp\/v2\/users\/4"}],"replies":[{"embeddable":true,"href":"https:\/\/bisbalpenedes.com\/web\/wp-json\/wp\/v2\/comments?post=5523"}],"version-history":[{"count":3,"href":"https:\/\/bisbalpenedes.com\/web\/wp-json\/wp\/v2\/posts\/5523\/revisions"}],"predecessor-version":[{"id":5549,"href":"https:\/\/bisbalpenedes.com\/web\/wp-json\/wp\/v2\/posts\/5523\/revisions\/5549"}],"wp:featuredmedia":[{"embeddable":true,"href":"https:\/\/bisbalpenedes.com\/web\/wp-json\/wp\/v2\/media\/5540"}],"wp:attachment":[{"href":"https:\/\/bisbalpenedes.com\/web\/wp-json\/wp\/v2\/media?parent=5523"}],"wp:term":[{"taxonomy":"category","embeddable":true,"href":"https:\/\/bisbalpenedes.com\/web\/wp-json\/wp\/v2\/categories?post=5523"},{"taxonomy":"post_tag","embeddable":true,"href":"https:\/\/bisbalpenedes.com\/web\/wp-json\/wp\/v2\/tags?post=5523"}],"curies":[{"name":"wp","href":"https:\/\/api.w.org\/{rel}","templated":true}]}}