{"id":5507,"date":"2018-04-19T20:24:03","date_gmt":"2018-04-19T19:24:03","guid":{"rendered":"http:\/\/bisbalpenedes.com\/web\/?p=5507"},"modified":"2018-04-19T20:24:21","modified_gmt":"2018-04-19T19:24:21","slug":"les-jornades-culturals-de-lescola-ull-de-vent-tindran-lloc-del-24-al-27-dabril","status":"publish","type":"post","link":"https:\/\/bisbalpenedes.com\/web\/2018\/04\/19\/les-jornades-culturals-de-lescola-ull-de-vent-tindran-lloc-del-24-al-27-dabril\/","title":{"rendered":"Les Jornades Culturals de l&#8217;Escola Ull de Vent tindran lloc del 24 al 27 d&#8217;abril"},"content":{"rendered":"<p><a href=\"http:\/\/bisbalpenedes.com\/web\/wp-content\/uploads\/2018\/04\/Cartell-Jornades-Culturals-2018.jpg\"><img loading=\"lazy\" class=\"aligncenter size-medium wp-image-5508\" src=\"http:\/\/bisbalpenedes.com\/web\/wp-content\/uploads\/2018\/04\/Cartell-Jornades-Culturals-2018-212x300.jpg\" alt=\"Cartell Jornades Culturals 2018\" width=\"212\" height=\"300\" srcset=\"https:\/\/bisbalpenedes.com\/web\/wp-content\/uploads\/2018\/04\/Cartell-Jornades-Culturals-2018-212x300.jpg 212w, https:\/\/bisbalpenedes.com\/web\/wp-content\/uploads\/2018\/04\/Cartell-Jornades-Culturals-2018-600x849.jpg 600w, https:\/\/bisbalpenedes.com\/web\/wp-content\/uploads\/2018\/04\/Cartell-Jornades-Culturals-2018-768x1086.jpg 768w, https:\/\/bisbalpenedes.com\/web\/wp-content\/uploads\/2018\/04\/Cartell-Jornades-Culturals-2018-724x1024.jpg 724w, https:\/\/bisbalpenedes.com\/web\/wp-content\/uploads\/2018\/04\/Cartell-Jornades-Culturals-2018.jpg 1240w\" sizes=\"(max-width: 212px) 100vw, 212px\" \/><\/a><\/p>\n<p style=\"text-align: justify;\"><span style=\"color: #000000;\">CATAL\u00c0 | L\u2019Escola Ull de Vent ha organitzat, un any m\u00e9s, les Jornades Culturals. Enguany tindran lloc del dimarts 24 al divendres 27 d\u2019abril i giraran al voltant de la figura de l\u2019escultor i pintor banyerenc Josep Ca\u00f1as i Ca\u00f1as.<\/span><\/p>\n<p style=\"text-align: justify;\"><span style=\"color: #000000;\">Segons el director de l\u2019escola, \u00c0ngel Espinosa, les Jornades Culturals \u201csuposen una manera d\u2019aprendre m\u00e9s enfocada cap a la viv\u00e8ncia, amb l\u2019objectiu que els coneixements siguin a trav\u00e9s d\u2019experi\u00e8ncies emotives i, aix\u00ed, perdurin m\u00e9s temps\u201d. Quant a la figura de Josep Ca\u00f1as i Ca\u00f1as, Espinosa explica que les Jornades Culturals permeten \u201cposar en valor una figura de la comarca que \u00e9s reconeguda, m\u00e9s enll\u00e0 del nostre territori, per la seva obra\u201d.<\/span><\/p>\n<p style=\"text-align: justify;\"><span style=\"color: #000000;\">Durant les Jornades Culturals es faran diverses activitats que inclouen una visita i un taller al Museu Ca\u00f1as de Banyeres del Pened\u00e8s, una ballada de sardanes, tallers de dibuix i de cuina, una gimcana i l\u2019aprenentatge de t\u00e8cniques d\u2019art a trav\u00e9s de persones aficionades en aquest camp, com ara el conserge de l\u2019escola, Clemente Rodr\u00edguez, o una mare, la Laia P\u00e9rez. El director de l\u2019Escola ha explicat que \u201cel conserge de l\u2019escola \u00e9s un home polifac\u00e8tic que t\u00e9 afici\u00f3 per diverses arts com ara la pintura, la cer\u00e0mica i l\u2019escultura. Com que \u00e9s una persona molt estimada per tots, el fet que els ensenyi t\u00e8cniques d\u2019aquestes arts far\u00e0 molta il\u00b7lusi\u00f3 a l\u2019alumnat. A m\u00e9s, intentarem que l\u2019artista faci alguna obra que pugui quedar per a l\u2019escola\u201d. Quant a la Laia P\u00e9rez, ha explicat que \u201c\u00e9s una mare que t\u00e9 coneixements en belles arts, sobretot en pintura i dibuix amb carbonet, i ens far\u00e0 un taller per treballar amb el carbonet i aprendre t\u00e8cniques relacionades amb les ombres i la profunditat\u201d.<\/span><\/p>\n<hr \/>\n<p style=\"text-align: justify;\"><span style=\"color: #000000;\">CASTELLANO | L\u2019Escola Ull de Vent ha organizado, un a\u00f1o m\u00e1s, las \u2018Jornades Culturals\u2019. Este a\u00f1o tendr\u00e1n lugar del martes 24 al viernes 27 de abril y giraran entorno a la figura del escultor y pintor \u2018banyerenc\u2019 Josep Ca\u00f1as Ca\u00f1as.<\/span><\/p>\n<p style=\"text-align: justify;\"><span style=\"color: #000000;\">Seg\u00fan el director de la escuela, \u00c0ngel Espinosa, las \u2018Jornades Culturals\u2019 \u201csuponen una manera de aprender m\u00e1s enfocada hacia la vivencia, con el objetivo de que los conocimientos sean a trav\u00e9s de experiencias emotivas y, as\u00ed, perduren m\u00e1s tiempo\u201d. En cuanto a la figura de Josep Ca\u00f1as Ca\u00f1as, Espinosa explica que las \u2018Jornades Culturals\u2019 permiten \u201cponer en valor una figura de la comarca que es reconocida, m\u00e1s all\u00e1 de nuestro territorio, por su obra\u201d.<\/span><\/p>\n<p style=\"text-align: justify;\"><span style=\"color: #000000;\">Durante las \u2018Jornades Culturals\u2019 se har\u00e1n varias actividades que incluyen una visita y un taller al Museo Ca\u00f1as de Banyeres del Pened\u00e8s, una \u2018ballada de sardanes\u2019, talleres de dibujo y de cocina, una gincana y el aprendizaje de t\u00e9cnicas de arte a trav\u00e9s de personas aficionadas en este campo, como el conserje de la escuela, Clemente Rodr\u00edguez, o una madre, la Laia P\u00e9rez. El director de la Escuela ha explicado que \u201cEl conserje de la escuela es un hombre polifac\u00e9tico que tiene afici\u00f3n por varias artes como la pintura, la cer\u00e1mica y la escultura. Como que es una persona muy querida por todos, el hecho que ense\u00f1e t\u00e9cnicas de estas artes har\u00e1 mucha ilusi\u00f3n al alumnado. Adem\u00e1s, intentaremos que el artista haga alguna obra que pueda quedar para la escuela\u201d. En cuanto a Laia P\u00e9rez, ha explicado que \u201ces una madre que tiene conocimientos en bellas artes, sobretodo en pintura y dibujo con carboncillo, y nos har\u00e1 un taller para trabajar con el carboncillo y aprender t\u00e9cnicas relacionadas con las sombras y la profundidad\u201d.<\/span><\/p>\n","protected":false},"excerpt":{"rendered":"<p>CATAL\u00c0 | L\u2019Escola Ull de Vent ha organitzat, un any m\u00e9s, les Jornades Culturals. Enguany tindran lloc del dimarts 24 al divendres 27 d\u2019abril i giraran al voltant de la &hellip; <a href=\"https:\/\/bisbalpenedes.com\/web\/2018\/04\/19\/les-jornades-culturals-de-lescola-ull-de-vent-tindran-lloc-del-24-al-27-dabril\/\" class=\"more-link\">Read More<\/a><\/p>\n","protected":false},"author":4,"featured_media":5508,"comment_status":"closed","ping_status":"closed","sticky":false,"template":"","format":"standard","meta":[],"categories":[13],"tags":[230,355,389,1699,1701,225,918,65,337,1700,353,1698,1702,85,222],"_links":{"self":[{"href":"https:\/\/bisbalpenedes.com\/web\/wp-json\/wp\/v2\/posts\/5507"}],"collection":[{"href":"https:\/\/bisbalpenedes.com\/web\/wp-json\/wp\/v2\/posts"}],"about":[{"href":"https:\/\/bisbalpenedes.com\/web\/wp-json\/wp\/v2\/types\/post"}],"author":[{"embeddable":true,"href":"https:\/\/bisbalpenedes.com\/web\/wp-json\/wp\/v2\/users\/4"}],"replies":[{"embeddable":true,"href":"https:\/\/bisbalpenedes.com\/web\/wp-json\/wp\/v2\/comments?post=5507"}],"version-history":[{"count":4,"href":"https:\/\/bisbalpenedes.com\/web\/wp-json\/wp\/v2\/posts\/5507\/revisions"}],"predecessor-version":[{"id":5512,"href":"https:\/\/bisbalpenedes.com\/web\/wp-json\/wp\/v2\/posts\/5507\/revisions\/5512"}],"wp:featuredmedia":[{"embeddable":true,"href":"https:\/\/bisbalpenedes.com\/web\/wp-json\/wp\/v2\/media\/5508"}],"wp:attachment":[{"href":"https:\/\/bisbalpenedes.com\/web\/wp-json\/wp\/v2\/media?parent=5507"}],"wp:term":[{"taxonomy":"category","embeddable":true,"href":"https:\/\/bisbalpenedes.com\/web\/wp-json\/wp\/v2\/categories?post=5507"},{"taxonomy":"post_tag","embeddable":true,"href":"https:\/\/bisbalpenedes.com\/web\/wp-json\/wp\/v2\/tags?post=5507"}],"curies":[{"name":"wp","href":"https:\/\/api.w.org\/{rel}","templated":true}]}}